{"id":332337,"date":"2026-08-24T10:33:10","date_gmt":"2026-08-24T10:33:10","guid":{"rendered":"https:\/\/www.europesays.com\/fi\/332337\/"},"modified":"2026-08-24T10:33:10","modified_gmt":"2026-08-24T10:33:10","slug":"huhut-kayvat-kuumana-tuleva-samsung-galaxy-s27-ultra-huippupuhelin-voi-saada-kokonaan-uuden-kameramuotoilun","status":"publish","type":"post","link":"https:\/\/www.europesays.com\/fi\/332337\/","title":{"rendered":"Huhut k\u00e4yv\u00e4t kuumana: tuleva Samsung Galaxy S27 Ultra -huippupuhelin voi saada kokonaan uuden kameramuotoilun"},"content":{"rendered":"<p><a href=\"https:\/\/www.europesays.com\/fi\/wp-content\/uploads\/2026\/08\/samsung_galaxy_s27_ultra_leak.jpg\" data-lightbox=\"image\"><img fetchpriority=\"high\" decoding=\"async\" aria-describedby=\"caption-attachment-283910\" class=\"size-full wp-image-283910\" src=\"data:image\/svg+xml,%3Csvg%20xmlns=\" http:=\"\" alt=\"Mahdollinen Galaxy S27 Ultran (ja Galaxy S27 Pron) muotoilu. Kuva: Ice Universe.\" width=\"858\" height=\"502\" data-lazy- data-lazy- data-lazy-src=\"https:\/\/www.europesays.com\/fi\/wp-content\/uploads\/2026\/08\/samsung_galaxy_s27_ultra_leak.jpg\"\/><\/a><\/p>\n<p id=\"caption-attachment-283910\" class=\"wp-caption-text\">Mahdollinen Galaxy S27 Ultran (ja Galaxy S27 Pron) muotoilu. Kuva: Ice Universe.<\/p>\n<p>Samsung saattaa uudistaa Galaxy S -huippupuhelinsarjansa ulkoasua merkitt\u00e4v\u00e4sti ensi vuonna.<\/p>\n<p>Uusien paljastusten mukaan erityisesti Galaxy S27 Ultra olisi saamassa taakseen uuden kamerasaarekkeen, joka muistuttaa <a href=\"https:\/\/mobiili.fi\/2025\/10\/16\/huhu-samsung-perui-ohuen-galaxy-s26-edge-huippupuhelimen-syyna-nykymallin-surkea-myynti\/\" rel=\"nofollow noopener\" target=\"_blank\">aiemmin perutulle Galaxy S26 Edgelle suunniteltua muotoilua<\/a>.<\/p>\n<p>Vuotajat <a href=\"https:\/\/x.com\/UniverseIce\/status\/2091391586081100096\/photo\/1\" rel=\"nofollow\">Ice Universe<\/a>, <a href=\"https:\/\/x.com\/SonnyDickson\/status\/2091487014181097967\" rel=\"nofollow\">Sonny Dickson<\/a> ja <a href=\"https:\/\/x.com\/MaxJmb\/status\/2091588428886331731\" rel=\"nofollow\">Max Jambor<\/a> ovat kaikki kertoneet samansuuntaisia tietoja tulevasta muutoksesta viime p\u00e4ivin\u00e4.<\/p>\n<p style=\"width: 98%; text-align: center; font-size:13px; border-bottom: 1px solid #C8C8C8; line-height: 0.1em; margin: 8px 1% 16px 1%;\">MAINOS (ARTIKKELI JATKUU ALLA)<\/p>\n<p>Kuvien perusteella Galaxy S27 Ultrassa kamerat eiv\u00e4t sijaitsisi en\u00e4\u00e4 pelk\u00e4st\u00e4\u00e4n erillisin\u00e4 renkaina puhelimen vasemmassa yl\u00e4kulmassa. Sen sijaan kamerat sijoittuisivat leve\u00e4lle kamerasaarekkeelle, joka ulottuu laitteen takaosan poikki hieman Applen iPhone 17 -sarjan kameramuotoilun tapaan.<\/p>\n<p>Hahmotelmissa kaksi kameraa sijaitsee vasemmalla, kun taas erillisess\u00e4 pitk\u00e4nomaisessa osassa n\u00e4ytt\u00e4isi olevan kolmas kamera ja LED-salama.<\/p>\n<p>Aiemman huhun mukaan Samsung luopuisi samalla Galaxy S27 Ultran toisesta telekamerasta, mik\u00e4 voisi selitt\u00e4\u00e4 muuttunutta kameraj\u00e4rjestyst\u00e4. Samalla uusi kameraj\u00e4rjestely voisi mahdollistaa Samsungille Qi2-latauksen vaatimien magneettien sis\u00e4llytt\u00e4misen sis\u00e4\u00e4nrakennettuna puhelimeen.<\/p>\n<blockquote class=\"twitter-tweet\">\n<p dir=\"ltr\" lang=\"en\">Here\u2019s another look at the Samsung Galaxy S27 Ultra. Samsung is planning to offer the S27 Ultra in two different sizes. <a href=\"https:\/\/t.co\/3r84Vd82po\" rel=\"nofollow\">pic.twitter.com\/3r84Vd82po<\/a><\/p>\n<p style=\"width: 98%; text-align: center; font-size:13px; border-bottom: 1px solid #C8C8C8; line-height: 0.1em; margin: 8px 1% 16px 1%;\">MAINOS (ARTIKKELI JATKUU ALLA)<\/p>\n<p>\u2014 Sonny Dickson (@SonnyDickson) <a href=\"https:\/\/x.com\/SonnyDickson\/status\/2091487014181097967?ref_src=twsrc%5Etfw\" rel=\"nofollow\">August 23, 2026<\/a><\/p>\n<\/blockquote>\n<p>Toistaiseksi ei ole selv\u00e4\u00e4, saako koko Galaxy S27 -mallisto saman ulkoasun. Ice Universen jakamissa kuvissa esiintyy sek\u00e4 uudistettu malli ett\u00e4 Galaxy S26 -sarjaa l\u00e4heisesti muistuttava versio.<\/p>\n<p>Sonny Dickson puolestaan kertoo uuden Galaxy S27 Ultran olevan tulossa kahdessa eri koossa, mutta todellisuudessa t\u00e4m\u00e4 saattaa tarkoittaa, ett\u00e4 kamerasaareke n\u00e4ht\u00e4isiin sek\u00e4 Galaxy S27 Ultrassa ett\u00e4 huhutussa hieman pienemm\u00e4ss\u00e4 <a href=\"https:\/\/mobiili.fi\/2026\/07\/26\/paljastukset-neljasta-tulevasta-samsung-galaxy-s27-huippupuhelimesta-jatkuvat-viimeisimmat-tiedot-kertovat-kattavasti-kameroista\/\" rel=\"nofollow noopener\" target=\"_blank\">Galaxy S27 Prossa, joka t\u00e4ydent\u00e4isi Galaxy S27 -sarjaa nelj\u00e4nten\u00e4 mallina Galaxy S27:n ja S27+:n sek\u00e4 Galaxy S27 Ultran v\u00e4liss\u00e4<\/a>.<\/p>\n<p style=\"width: 98%; text-align: center; font-size:13px; border-bottom: 1px solid #C8C8C8; line-height: 0.1em; margin: 8px 1% 16px 1%;\">MAINOS (ARTIKKELI JATKUU ALLA)<\/p>\n<p>Samsungin odotetaan esittelev\u00e4n Galaxy S27 -sarjan alkuvuodesta 2027 ja ennen sit\u00e4 erilaisia paljastuksia ja vuotoja tullaan satavarmasti n\u00e4kem\u00e4\u00e4n paljon.<\/p>\n<p>Mainos: <a href=\"https:\/\/hinta.fi\/?src=gPp6fX03\" target=\"_blank\" rel=\"nofollow noopener\">Noin 1 600 000 tuotteen hintavertailu ja hintaseuranta &#8211; katso Hinta.fist\u00e4 mist\u00e4 saat halvimmalla<\/a><\/p>\n<p><script async src=\"https:\/\/platform.twitter.com\/widgets.js\" charset=\"utf-8\"><\/script><\/p>\n","protected":false},"excerpt":{"rendered":"Mahdollinen Galaxy S27 Ultran (ja Galaxy S27 Pron) muotoilu. Kuva: Ice Universe. Samsung saattaa uudistaa Galaxy S -huippupuhelinsarjansa&hellip;\n","protected":false},"author":2,"featured_media":332338,"comment_status":"","ping_status":"","sticky":false,"template":"","format":"standard","meta":{"footnotes":"","_share_on_mastodon":"0"},"categories":[85],"tags":[33,31,30,419,418,32,91,92],"class_list":["post-332337","post","type-post","status-publish","format-standard","has-post-thumbnail","category-mobiili","tag-fi","tag-finland","tag-finnish","tag-mobiili","tag-mobile","tag-suomi","tag-technology","tag-teknologia"],"share_on_mastodon":{"url":"https:\/\/pubeurope.com\/@fi\/117150037262432109","error":""},"_links":{"self":[{"href":"https:\/\/www.europesays.com\/fi\/wp-json\/wp\/v2\/posts\/332337","targetHints":{"allow":["GET"]}}],"collection":[{"href":"https:\/\/www.europesays.com\/fi\/wp-json\/wp\/v2\/posts"}],"about":[{"href":"https:\/\/www.europesays.com\/fi\/wp-json\/wp\/v2\/types\/post"}],"author":[{"embeddable":true,"href":"https:\/\/www.europesays.com\/fi\/wp-json\/wp\/v2\/users\/2"}],"replies":[{"embeddable":true,"href":"https:\/\/www.europesays.com\/fi\/wp-json\/wp\/v2\/comments?post=332337"}],"version-history":[{"count":0,"href":"https:\/\/www.europesays.com\/fi\/wp-json\/wp\/v2\/posts\/332337\/revisions"}],"wp:featuredmedia":[{"embeddable":true,"href":"https:\/\/www.europesays.com\/fi\/wp-json\/wp\/v2\/media\/332338"}],"wp:attachment":[{"href":"https:\/\/www.europesays.com\/fi\/wp-json\/wp\/v2\/media?parent=332337"}],"wp:term":[{"taxonomy":"category","embeddable":true,"href":"https:\/\/www.europesays.com\/fi\/wp-json\/wp\/v2\/categories?post=332337"},{"taxonomy":"post_tag","embeddable":true,"href":"https:\/\/www.europesays.com\/fi\/wp-json\/wp\/v2\/tags?post=332337"}],"curies":[{"name":"wp","href":"https:\/\/api.w.org\/{rel}","templated":true}]}}