{"id":332427,"date":"2026-08-24T12:59:12","date_gmt":"2026-08-24T12:59:12","guid":{"rendered":"https:\/\/www.europesays.com\/fi\/332427\/"},"modified":"2026-08-24T12:59:12","modified_gmt":"2026-08-24T12:59:12","slug":"anneli-auer-istui-vankilassa-syyttomana-vuosia-oikeusmurhasta-ei-aloiteta-tutkintaa-kotimaa","status":"publish","type":"post","link":"https:\/\/www.europesays.com\/fi\/332427\/","title":{"rendered":"Anneli Auer istui vankilassa syytt\u00f6m\u00e4n\u00e4 vuosia \u2013 oikeusmurhasta ei aloiteta tutkintaa | Kotimaa"},"content":{"rendered":"<p class=\"aw__sc-1qwuw0s-0 aw__sc-1vg2sqm-0 epAWpq ecELkD yle__article__paragraph\">Oikeusministeri\u00f6n mukaan tutkinnalla tuskin saavutettaisiin merkitt\u00e4v\u00e4\u00e4 uutta turvallisuustietoa tai yleisen turvallisuuden parantumista.<\/p>\n<p><img decoding=\"async\" alt=\"Anneli Auer Turun oikeustalolla.\" src=\"https:\/\/www.europesays.com\/fi\/wp-content\/uploads\/2026\/08\/1764752018.jpeg\" class=\"aw__sc-dklauk-0 LPzKX\"\/><\/p>\n<p>Avaa kuvien katselu<\/p>\n<p>Anneli Aueriin kohdistuneita seksuaalirikossyytteit\u00e4 k\u00e4siteltiin vuosien j\u00e4lkeen uudelleen oikeudessa. Auer kuvattuna Varsinais-Suomen k\u00e4r\u00e4j\u00e4oikeudessa Turussa 3. joulukuuta 2025. Kuva: Kalle M\u00e4kel\u00e4 \/ Yle<\/p>\n<ul class=\"aw__sc-1yb43iq-0 gFXHv yle__article__list yle__article__list--ul\">\n<li class=\"aw__sc-1yb43iq-1 gVAzbt\">Oikeusministeri\u00f6 ei esit\u00e4 turvallisuustutkinnan aloittamista syytt\u00f6m\u00e4n\u00e4 vankilassa istuneen Anneli Auerin tapauksesta.<\/li>\n<li class=\"aw__sc-1yb43iq-1 gVAzbt\">Ministeri\u00f6 ei usko, ett\u00e4 tutkinnalla saavutettaisiin uutta merkitt\u00e4v\u00e4\u00e4 turvallisuustietoa, mink\u00e4 lis\u00e4ksi osa esitetyist\u00e4 ep\u00e4kohdista on jo korjaantunut.<\/li>\n<li class=\"aw__sc-1yb43iq-1 gVAzbt\">Oikeusministeri\u00f6 pit\u00e4\u00e4 kuitenkin t\u00e4rke\u00e4n\u00e4, ett\u00e4 muun muassa sis\u00e4ministeri\u00f6 ja muutamat viranomaiset k\u00e4visiv\u00e4t mahdolliset ep\u00e4kohdat l\u00e4pi, jotta vastaavaa ei tapahtuisi uudelleen.<\/li>\n<li class=\"aw__sc-1yb43iq-1 gVAzbt\">Auer ja h\u00e4nen entinen miesyst\u00e4v\u00e4ns\u00e4 Jens Ihle istuivat vuosia syytt\u00f6min\u00e4 vankilassa. Seksuaalirikossyytteet hyl\u00e4ttiin viime huhtikuussa.<\/li>\n<\/ul>\n<p class=\"aw__sc-1qwuw0s-0 aw__sc-ngllmo-0 epAWpq fzYpjk yle__article__paragraph\">Syytt\u00f6m\u00e4n\u00e4 vankilassa istuneen <strong class=\"aw__sc-ngllmo-2 gdRrun yle__article__strong\">Anneli Auerin<\/strong> tapauksen viranomaistoiminnasta ei aloiteta tutkintaa.<\/p>\n<p class=\"aw__sc-1qwuw0s-0 aw__sc-ngllmo-0 epAWpq fzYpjk yle__article__paragraph\">Oikeusministeri\u00f6n virkajohto p\u00e4\u00e4tti viime viikolla, ettei se aio esitt\u00e4\u00e4 valtioneuvostolle turvallisuustutkintalain mukaista poikkeuksellisen tapahtuman tutkintaa.<\/p>\n<p class=\"aw__sc-1qwuw0s-0 aw__sc-ngllmo-0 epAWpq fzYpjk yle__article__paragraph\">Ministeri\u00f6 pit\u00e4\u00e4 ep\u00e4todenn\u00e4k\u00f6isen\u00e4, ett\u00e4 tutkinnalla saavutettaisiin merkitt\u00e4v\u00e4\u00e4 uutta turvallisuustietoa tai yleisen turvallisuuden parantumista.<\/p>\n<p class=\"aw__sc-1qwuw0s-0 aw__sc-ngllmo-0 epAWpq fzYpjk yle__article__paragraph\">Auerin puolustusasianajaja <strong class=\"aw__sc-ngllmo-2 gdRrun yle__article__strong\">Markku Fredman<\/strong> j\u00e4tti toukokuussa oikeusministeri\u00f6lle aloitteen turvallisuustutkinnan aloittamiseksi. Puolustus pyysi selvitt\u00e4m\u00e4\u00e4n ep\u00e4kohdat, joita sen mukaan oli ilmennyt seksuaalirikosjutun k\u00e4sittelyn eri vaiheissa.<\/p>\n<p class=\"aw__sc-1qwuw0s-0 aw__sc-ngllmo-0 epAWpq fzYpjk yle__article__paragraph\">Oikeusministeri\u00f6n kansliap\u00e4\u00e4llikk\u00f6 <strong class=\"aw__sc-ngllmo-2 gdRrun yle__article__strong\">Antti Leinonen<\/strong> kertoo Fredmanille toimittamassaan kirjallisessa vastauksessa, ett\u00e4 kyseess\u00e4 on pitk\u00e4n ajan kuluessa konkretisoitunut, rikosprosessiin liittyviin viranomaismenettelyihin kytkeytyv\u00e4 tapahtumaketju, josta on vaikea yksil\u00f6id\u00e4 selke\u00e4\u00e4 \u00e4killist\u00e4 tutkinnan kohteeksi soveltuvaa tapahtumaa.<\/p>\n<p class=\"aw__sc-1qwuw0s-0 aw__sc-ngllmo-0 epAWpq fzYpjk yle__article__paragraph\">\u2013 Tapahtumakokonaisuus on k\u00e4sitelty ja lainvoimaiset ratkaisut on annettu riippumattomissa tuomioistuimissa oikeudenk\u00e4yntimenettelyst\u00e4 annettuja s\u00e4\u00e4nn\u00f6ksi\u00e4 noudattaen. Oikeudenk\u00e4yntikoneiston korjausmekanismit ovat toimineet ja asianosaiset ovat lopulta saaneet oikeusturvaa, vaikka tapauskokonaisuuteen on kiistatta liittynyt asianosaisten kannalta kohtuuttomia piirteit\u00e4, Leinonen toteaa vastauksessa.<\/p>\n<p class=\"aw__sc-1qwuw0s-0 aw__sc-ngllmo-0 epAWpq fzYpjk yle__article__paragraph\">Auer ja h\u00e4nen entinen miesyst\u00e4v\u00e4ns\u00e4 <strong class=\"aw__sc-ngllmo-2 gdRrun yle__article__strong\">Jens Ihle<\/strong> ehtiv\u00e4t istua vuosia vankilassa syytt\u00f6min\u00e4. Heid\u00e4t tuomittiin Auerin lapsiin kohdistuneista seksuaali- ja v\u00e4kivaltarikoksista vuonna 2013, mutta uuden oikeudenk\u00e4ynnin p\u00e4\u00e4tteeksi Varsinais-Suomen k\u00e4r\u00e4j\u00e4oikeus hylk\u00e4si syytteet <a class=\"aw__sc-ngllmo-1 bTDnwX yle__article__link\" href=\"https:\/\/yle.fi\/a\/74-20218380\" role=\"link\" rel=\"nofollow noopener\" target=\"_blank\">viime huhtikuussa<\/a>.<\/p>\n<p class=\"aw__sc-1qwuw0s-0 aw__sc-ngllmo-0 epAWpq fzYpjk yle__article__paragraph\">My\u00f6s Ihle toi <a class=\"aw__sc-ngllmo-1 bTDnwX yle__article__link\" href=\"https:\/\/yle.fi\/a\/74-20192698\" role=\"link\" rel=\"nofollow noopener\" target=\"_blank\">oikeudenk\u00e4ynnin aikana<\/a> esiin toiveensa, ett\u00e4 tapauksesta teht\u00e4isiin puolueeton tutkinta.<\/p>\n<p>Turvallisuustutkinta poikkeuksellisesta tapahtumasta<\/p>\n<ul class=\"aw__sc-1yb43iq-0 gFXHv yle__article__list yle__article__list--ul\">\n<li class=\"aw__sc-1yb43iq-1 gVAzbt\">Turvallisuustutkintalain mukaan poikkeuksellisella tapahtumalla tarkoitetaan eritt\u00e4in vakavaa kuolemaan johtanutta tai yhteiskunnan perustoimintoja uhannutta tai vakavasti vaurioittanutta tapahtumaa.<\/li>\n<li class=\"aw__sc-1yb43iq-1 gVAzbt\">Tutkinnassa selvitet\u00e4\u00e4n esimerkiksi tapahtumien kulku, syyt ja seuraukset sek\u00e4 ja viranomaisten toimet. Tarkoituksena on vastaavan tapahtuman ennalta ehk\u00e4iseminen.<\/li>\n<li class=\"aw__sc-1yb43iq-1 gVAzbt\">Poikkeuksellisten tapahtumien tutkinnasta p\u00e4\u00e4tt\u00e4\u00e4 valtioneuvosto eli Suomen hallitus.<\/li>\n<\/ul>\n<ul class=\"aw__sc-1yb43iq-0 gFXHv yle__article__list yle__article__list--ul\">\n<li class=\"aw__sc-1yb43iq-1 gVAzbt\">Esimerkkein\u00e4 poikkeuksellisista tapahtumista viimeisimp\u00e4n\u00e4 on tutkittu Helsingin kaupunkiin kev\u00e4\u00e4ll\u00e4 2024 kohdistunut tietomurto, koronaepidemian ensimm\u00e4inen vaihe vuonna 2020 ja Turussa tapahtuneet puukotukset kes\u00e4ll\u00e4 2017.<\/li>\n<\/ul>\n<ul class=\"aw__sc-1yb43iq-0 gFXHv yle__article__list yle__article__list--ul\">\n<li class=\"aw__sc-1yb43iq-1 gVAzbt\"><strong class=\"aw__sc-ngllmo-2 gdRrun yle__article__strong\">L\u00e4hde:<\/strong> <a class=\"aw__sc-ngllmo-1 bTDnwX yle__article__link\" href=\"https:\/\/www.turvallisuustutkinta.fi\/tietoa-meista\/turvallisuustutkinta\/poikkeukselliset-tapahtumat\/\" role=\"link\" rel=\"nofollow noopener\" target=\"_blank\"><strong class=\"aw__sc-ngllmo-2 gdRrun yle__article__strong\">Onnettomuustutkintakeskus<\/strong><\/a><\/li>\n<\/ul>\n<p>\u201dOsa ep\u00e4kohdista on korjaantunut\u201d<\/p>\n<p class=\"aw__sc-1qwuw0s-0 aw__sc-ngllmo-0 epAWpq fzYpjk yle__article__paragraph\">Auerin puolustuksen mukaan tapauksessa ilmenneet ep\u00e4kohdat liittyiv\u00e4t muun muassa eri viranomaisten toimintaan, l\u00e4\u00e4ketieteelliseen ja oikeuspsykologiseen n\u00e4ytt\u00f6\u00f6n ja sen arviointiin sek\u00e4 esitutkinnan ja oikeudenk\u00e4ynnin julkisuuteen.<\/p>\n<p class=\"aw__sc-1qwuw0s-0 aw__sc-ngllmo-0 epAWpq fzYpjk yle__article__paragraph\">Kansliap\u00e4\u00e4llikk\u00f6 Antti Leinonen arvioi, ett\u00e4 valtaosa esitetyist\u00e4 ep\u00e4kohdista ei johdu lains\u00e4\u00e4d\u00e4nn\u00f6st\u00e4 vaan sen ep\u00e4onnistuneeksi koetusta soveltamisesta.<\/p>\n<p class=\"aw__sc-1qwuw0s-0 aw__sc-ngllmo-0 epAWpq fzYpjk yle__article__paragraph\">Lis\u00e4ksi h\u00e4n toteaa, ett\u00e4 vuosien aikana rikostutkintaan ja rikosprosessiin liittyv\u00e4 lains\u00e4\u00e4d\u00e4nt\u00f6, viranomaisyhteisty\u00f6 ja menetelm\u00e4t ovat merkitt\u00e4v\u00e4sti kehittyneet, joten osa aloitteessa esitetyist\u00e4 ep\u00e4kohdista on korjaantunut.<\/p>\n<p class=\"aw__sc-1qwuw0s-0 aw__sc-ngllmo-0 epAWpq fzYpjk yle__article__paragraph\">Oikeusministeri\u00f6 pit\u00e4\u00e4 kuitenkin t\u00e4rke\u00e4n\u00e4, ett\u00e4 Auerin puolustuksen aloitteessa esitetyt ep\u00e4kohdat k\u00e4sitell\u00e4\u00e4n ja niiden toistuminen estet\u00e4\u00e4n mahdollisimman tehokkaasti. Kansliap\u00e4\u00e4llikk\u00f6 kertoo toimittaneensa aloitteen muun muassa sis\u00e4ministeri\u00f6\u00f6n, sosiaali- ja terveysministeri\u00f6\u00f6n sek\u00e4 muutamille viranomaisille, jotta ne k\u00e4visiv\u00e4t aloitteessa esitetyt ep\u00e4kohdat l\u00e4pi.<\/p>\n<p class=\"aw__sc-1qwuw0s-0 aw__sc-ngllmo-0 epAWpq fzYpjk yle__article__paragraph\">Asianajaja Markku Fredman kertoo Ylelle, ett\u00e4 Auerin puolustus harkitsee, onko asiassa syyt\u00e4 ryhty\u00e4 viel\u00e4 muihin mahdollisiin toimenpiteisiin.<\/p>\n<p class=\"aw__sc-1qwuw0s-0 aw__sc-ngllmo-0 epAWpq fzYpjk yle__article__paragraph\"><strong class=\"aw__sc-ngllmo-2 gdRrun yle__article__strong\">Kuuntele my\u00f6s:<\/strong><\/p>\n<p class=\"aw__sc-1qwuw0s-0 aw__sc-ngllmo-0 epAWpq fzYpjk yle__article__paragraph\">Ylen Uutispodcast k\u00e4sitteli Anneli Auerin tapausta 29. huhtikuuta 2026.<\/p>\n<p><img decoding=\"async\" alt=\"\" src=\"https:\/\/www.europesays.com\/fi\/wp-content\/uploads\/2026\/08\/1787576352_769_13-1-61894955-1744190688509.png\" class=\"aw__sc-dklauk-0 LPzKX\"\/><\/p>\n","protected":false},"excerpt":{"rendered":"Oikeusministeri\u00f6n mukaan tutkinnalla tuskin saavutettaisiin merkitt\u00e4v\u00e4\u00e4 uutta turvallisuustietoa tai yleisen turvallisuuden parantumista. Avaa kuvien katselu Anneli Aueriin kohdistuneita&hellip;\n","protected":false},"author":2,"featured_media":332428,"comment_status":"","ping_status":"","sticky":false,"template":"","format":"standard","meta":{"footnotes":"","_share_on_mastodon":"0"},"categories":[5],"tags":[10877,22,23,26,27,33,31,30,17,71,24,25,28,29,15,2098,1915,18,21,581,32,19,20,16,663,4645],"class_list":["post-332427","post","type-post","status-publish","format-standard","has-post-thumbnail","category-otsikot","tag-anneli-auer","tag-breaking-news","tag-breakingnews","tag-featured-news","tag-featurednews","tag-fi","tag-finland","tag-finnish","tag-headlines","tag-kotimaa","tag-latest-news","tag-latestnews","tag-main-news","tag-mainnews","tag-news","tag-oikeudenkaynnit","tag-oikeus","tag-otsikot","tag-paauutiset","tag-rikokset","tag-suomi","tag-top-stories","tag-topstories","tag-uutiset","tag-varsinais-suomi","tag-viranomaiset"],"share_on_mastodon":{"url":"https:\/\/pubeurope.com\/@fi\/117150611284768054","error":""},"_links":{"self":[{"href":"https:\/\/www.europesays.com\/fi\/wp-json\/wp\/v2\/posts\/332427","targetHints":{"allow":["GET"]}}],"collection":[{"href":"https:\/\/www.europesays.com\/fi\/wp-json\/wp\/v2\/posts"}],"about":[{"href":"https:\/\/www.europesays.com\/fi\/wp-json\/wp\/v2\/types\/post"}],"author":[{"embeddable":true,"href":"https:\/\/www.europesays.com\/fi\/wp-json\/wp\/v2\/users\/2"}],"replies":[{"embeddable":true,"href":"https:\/\/www.europesays.com\/fi\/wp-json\/wp\/v2\/comments?post=332427"}],"version-history":[{"count":0,"href":"https:\/\/www.europesays.com\/fi\/wp-json\/wp\/v2\/posts\/332427\/revisions"}],"wp:featuredmedia":[{"embeddable":true,"href":"https:\/\/www.europesays.com\/fi\/wp-json\/wp\/v2\/media\/332428"}],"wp:attachment":[{"href":"https:\/\/www.europesays.com\/fi\/wp-json\/wp\/v2\/media?parent=332427"}],"wp:term":[{"taxonomy":"category","embeddable":true,"href":"https:\/\/www.europesays.com\/fi\/wp-json\/wp\/v2\/categories?post=332427"},{"taxonomy":"post_tag","embeddable":true,"href":"https:\/\/www.europesays.com\/fi\/wp-json\/wp\/v2\/tags?post=332427"}],"curies":[{"name":"wp","href":"https:\/\/api.w.org\/{rel}","templated":true}]}}