{"id":332517,"date":"2026-08-24T15:22:09","date_gmt":"2026-08-24T15:22:09","guid":{"rendered":"https:\/\/www.europesays.com\/fi\/332517\/"},"modified":"2026-08-24T15:22:09","modified_gmt":"2026-08-24T15:22:09","slug":"frameless-ja-banksy-ovat-turun-kesan-vetonauloja-nain-taidevaki-arvioi-ilmiota-ts-fi","status":"publish","type":"post","link":"https:\/\/www.europesays.com\/fi\/332517\/","title":{"rendered":"Frameless ja Banksy ovat Turun kes\u00e4n vetonauloja \u2013 n\u00e4in taidev\u00e4ki arvioi ilmi\u00f6t\u00e4 &#8211; ts.fi"},"content":{"rendered":"<ol>\n<li><a href=\"https:\/\/news.google.com\/rss\/articles\/CBMiQEFVX3lxTE82S0ZlczQtMDNnOElleE5FQ0tOa29QVnVvVEFOZmN5OEluNjBlVXNQQTlwOTlYbUNUWFZhNzM4R20?oc=5\" target=\"_blank\" rel=\"nofollow noopener\">Frameless ja Banksy ovat Turun kes\u00e4n vetonauloja \u2013 n\u00e4in taidev\u00e4ki arvioi ilmi\u00f6t\u00e4<\/a>&nbsp;&nbsp;ts.fi<\/li>\n<li><a href=\"https:\/\/news.google.com\/rss\/articles\/CBMiXEFVX3lxTE5HbWQ5OGU2T1ZKWW9rTF82UHNVUjBRUW1BTmtIbG1CSlM3THpqX1otLTVTaXlWdHBKR2Izc3laVGJ4dzFPOFdlVkVMemJydE5qRnc5bnJDNGNvRGlW?oc=5\" target=\"_blank\" rel=\"nofollow noopener\">Kolumni | Valemuseot tarjoavat kallista viihdett\u00e4 ilman todellista sis\u00e4lt\u00f6\u00e4<\/a>&nbsp;&nbsp;HS.fi<\/li>\n<li><a href=\"https:\/\/news.google.com\/rss\/articles\/CBMiigJBVV95cUxNT2hnY0R6LTNQVV91V2h2YlRDVFFLbUF4Z09lYWhzSjVfVEpHSjVDcTFSWGJ4UnIwVkt5OWRPamlkS2hVSVVNYVIyUnFrWU1rbVJEVTc5dEpmOE9JZUs5NVZZeHRxSkZZWWI1Y1Q5SkVDLW5rSEYtTXZwQ2RtUHRyY19pdVNRLTJDUWdSSEdYVFZwZFhNaFFpMHVjSC1iLUFiUDd1ZzltVFUyeHBzbmtDZ3paRmlydEpJN24ydW10VUNnWU5uc2ZyNjlqamxLaHBuWmFoWVR0bUkyS2tUT2RFcmo5VE41MVpsQ2lQNGZFNUh0VGI0UTVhZnlXTEpIZWVIdlBORm9SM0V5dw?oc=5\" target=\"_blank\" rel=\"nofollow noopener\">Viel\u00e4 ehtii &#8211; Turun Banksy-n\u00e4yttely on k\u00e4ymisen arvoinen, ajatuksia her\u00e4tt\u00e4v\u00e4 kokemus<\/a>&nbsp;&nbsp;Motouutiset<\/li>\n<li><a href=\"https:\/\/news.google.com\/rss\/articles\/CBMijwFBVV95cUxPMmRhQmJlSG1ranZSTjVxbXZWa25DbEFHTUV0Q1NXOHRQUFdpWnl0NDFHVDB2R21wbUs4UTdyMU9HY3lucWd5Y3JVc3IzUXV1NF9oaDlYMERNY1ZPcUNnakxTLVk1Y2J1dVZUcmgzTkd2dFg0ZG0tX3VvZXdiOFlaSHA1OWRRLUswZUh3T2xwdw?oc=5\" target=\"_blank\" rel=\"nofollow noopener\">FRAMELESS | Turussa valloittava kehykset\u00f6n taidekokemus kuuluu kes\u00e4n kohokohtiin<\/a>&nbsp;&nbsp;Turun Seutusanomat<\/li>\n<li><a href=\"https:\/\/news.google.com\/rss\/articles\/CBMiVEFVX3lxTE90UFBtM2w3U0hINnQyUFVWSGxPSVRoRnBhcDB1NGlOOFlpY0dZWFVLSHBnc3c5bmZNYmI2RWhYN3NNT2FjZE9NNmNfd2t3UXNFTlZUTQ?oc=5\" target=\"_blank\" rel=\"nofollow noopener\">Virolaismuseo toi Banksyn Suomeen \u2013 nyt suunnitelmissa on jo uusia suurn\u00e4yttelyit\u00e4<\/a>&nbsp;&nbsp;It\u00e4-H\u00e4me<\/li>\n<\/ol>\n","protected":false},"excerpt":{"rendered":"Frameless ja Banksy ovat Turun kes\u00e4n vetonauloja \u2013 n\u00e4in taidev\u00e4ki arvioi ilmi\u00f6t\u00e4&nbsp;&nbsp;ts.fi Kolumni | Valemuseot tarjoavat kallista viihdett\u00e4&hellip;\n","protected":false},"author":2,"featured_media":332518,"comment_status":"","ping_status":"","sticky":false,"template":"","format":"standard","meta":{"footnotes":"","_share_on_mastodon":"0"},"categories":[135],"tags":[389,387,388,390,137,33,31,30,8810,108,1013,22165,967,28702,32,394,397,393,391,392,662,109],"class_list":["post-332517","post","type-post","status-publish","format-standard","has-post-thumbnail","category-taiteet-ja-suunnittelu","tag-arts","tag-arts-and-design","tag-artsanddesign","tag-design","tag-entertainment","tag-fi","tag-finland","tag-finnish","tag-katutaide","tag-kulttuuri","tag-kuvataide","tag-logomo","tag-nayttelyt","tag-paikalliset","tag-suomi","tag-suunnittelu","tag-taide","tag-taiteet","tag-taiteet-ja-suunnittelu","tag-taiteetsuunnittelu","tag-turku","tag-viihde"],"share_on_mastodon":{"url":"https:\/\/pubeurope.com\/@fi\/117151173545428999","error":""},"_links":{"self":[{"href":"https:\/\/www.europesays.com\/fi\/wp-json\/wp\/v2\/posts\/332517","targetHints":{"allow":["GET"]}}],"collection":[{"href":"https:\/\/www.europesays.com\/fi\/wp-json\/wp\/v2\/posts"}],"about":[{"href":"https:\/\/www.europesays.com\/fi\/wp-json\/wp\/v2\/types\/post"}],"author":[{"embeddable":true,"href":"https:\/\/www.europesays.com\/fi\/wp-json\/wp\/v2\/users\/2"}],"replies":[{"embeddable":true,"href":"https:\/\/www.europesays.com\/fi\/wp-json\/wp\/v2\/comments?post=332517"}],"version-history":[{"count":0,"href":"https:\/\/www.europesays.com\/fi\/wp-json\/wp\/v2\/posts\/332517\/revisions"}],"wp:featuredmedia":[{"embeddable":true,"href":"https:\/\/www.europesays.com\/fi\/wp-json\/wp\/v2\/media\/332518"}],"wp:attachment":[{"href":"https:\/\/www.europesays.com\/fi\/wp-json\/wp\/v2\/media?parent=332517"}],"wp:term":[{"taxonomy":"category","embeddable":true,"href":"https:\/\/www.europesays.com\/fi\/wp-json\/wp\/v2\/categories?post=332517"},{"taxonomy":"post_tag","embeddable":true,"href":"https:\/\/www.europesays.com\/fi\/wp-json\/wp\/v2\/tags?post=332517"}],"curies":[{"name":"wp","href":"https:\/\/api.w.org\/{rel}","templated":true}]}}