{"id":332555,"date":"2026-08-24T16:21:13","date_gmt":"2026-08-24T16:21:13","guid":{"rendered":"https:\/\/www.europesays.com\/fi\/332555\/"},"modified":"2026-08-24T16:21:13","modified_gmt":"2026-08-24T16:21:13","slug":"lehtivaite-meghanille-tehtiin-tyly-temppu-syy-hammastyttaa","status":"publish","type":"post","link":"https:\/\/www.europesays.com\/fi\/332555\/","title":{"rendered":"Lehtiv\u00e4ite: Meghanille tehtiin tyly temppu \u2013 Syy h\u00e4mm\u00e4stytt\u00e4\u00e4"},"content":{"rendered":"<p>Meghanille kaavailtu elokuvarooli on tiett\u00e4v\u00e4sti peruttu.<\/p>\n<p><img decoding=\"async\" class=\"image image-show image-preview\" src=\"https:\/\/www.europesays.com\/fi\/wp-content\/uploads\/2026\/08\/d3c2406d509ba65952063fca79851fcd5b4ae9b995a2b3c8b5f6381cbe983117.jpg\" alt=\"\"\/><img decoding=\"async\" class=\"image image-show\" src=\"https:\/\/www.europesays.com\/fi\/wp-content\/uploads\/2026\/08\/1787588473_174_d3c2406d509ba65952063fca79851fcd5b4ae9b995a2b3c8b5f6381cbe983117.jpg\" alt=\"\"\/><\/p>\n<p>Herttuatar Meghan j\u00e4tti n\u00e4yttelemisen vuonna 2018. AOP<\/p>\n<p class=\"paragraph\"><a href=\"https:\/\/www.theguardian.com\/film\/2026\/aug\/22\/meghan-markles-casting-in-the-gentlemen-reportedly-withdrawn-after-uk-backlash\" target=\"_blank\" rel=\"noopener nofollow\">The Guardianin<\/a> mukaan herttuatar <a href=\"https:\/\/www.iltalehti.fi\/henkilot\/Meghan, Sussexin herttuatar\" class=\"article-link-person-page\" rel=\"nofollow noopener\" target=\"_blank\">Meghanille<\/a> kaavailtu tv-rooli on peruttu.<\/p>\n<p class=\"paragraph\">Useat mediat uutisoivat elokuun puoliv\u00e4lin j\u00e4lkeen, ett\u00e4 Meghanille neuvotellaan parhaillaan roolia The Gentlemen -hittisarjan kolmannelle tuotantokaudelle. Nyt The Guardian kuitenkin uutisoi, ett\u00e4 sopimusneuvottelut ovat j\u00e4iss\u00e4.<\/p>\n<p class=\"paragraph\">Vanity Fairin ja The New Yorkerin entinen p\u00e4\u00e4toimittaja <a href=\"https:\/\/www.iltalehti.fi\/henkilot\/Tina Brown\" class=\"article-link-person-page\" rel=\"nofollow noopener\" target=\"_blank\">Tina Brown<\/a> <a href=\"https:\/\/tinabrown.substack.com\/p\/exclusive-newsflash-meghans-uk-acting-3cb\" target=\"_blank\" rel=\"noopener nofollow\">kirjoitti asiasta<\/a> lauantaina 22. elokuuta.<\/p>\n<p class=\"paragraph\">\u2013 Sain t\u00e4n\u00e4 aamuna tiet\u00e4\u00e4, ett\u00e4 Meghanin kiinnitys <a href=\"https:\/\/www.iltalehti.fi\/henkilot\/Guy Ritchie\" class=\"article-link-person-page\" rel=\"nofollow noopener\" target=\"_blank\">Guy Ritchien<\/a> Netflix-sarjan The Gentlemen kolmannelle tuotantokaudelle on peruttu. Britanniassa syntynyt vastareaktio oli niin voimakas, ett\u00e4 hankkeen jatkaminen h\u00e4nen kanssaan k\u00e4vi mahdottomaksi. T\u00e4m\u00e4 ei ennusta hyv\u00e4\u00e4 Meghanin n\u00e4yttelij\u00e4nuran paluulle Britanniassa, Brown kirjoitti blogissaan.<\/p>\n<p class=\"paragraph\">Brownin mukaan herttuatar Meghanin ty\u00f6projekti peruttiin siis sarjan fanien reaktion takia. Ihmiset eiv\u00e4t olleet mieliss\u00e4\u00e4n siit\u00e4, ett\u00e4 Meghan esiintyisi hittisarjassa.<\/p>\n<p class=\"paragraph\">Uusi tieto tuli julki vain p\u00e4iv\u00e4 uutisten j\u00e4lkeen, ett\u00e4 Sussexin herttuatar neuvottelee n\u00e4yttelij\u00e4nty\u00f6ns\u00e4 paluuta The Gentlemen -sarjassa. Iltalehti kirjoitti aiheesta niin ik\u00e4\u00e4n lauantaina 22. elokuuta.<\/p>\n<p class=\"paragraph\">The Gentlemen -sarja on Guy Richien vuonna 2019 k\u00e4sikirjoittama teos, jossa <a href=\"https:\/\/www.iltalehti.fi\/henkilot\/Theo James\" class=\"article-link-person-page\" rel=\"nofollow noopener\" target=\"_blank\">Theo Jamesin<\/a> n\u00e4yttelem\u00e4 sotilas perii is\u00e4ns\u00e4 massiivisen kartanon ja l\u00f6yt\u00e4\u00e4 sielt\u00e4 kannabisimperiumin. Sarjaa kuvataan Britanniassa l\u00e4hell\u00e4 kuningas <a href=\"https:\/\/www.iltalehti.fi\/henkilot\/Walesin prinssi Charles\" class=\"article-link-person-page\" rel=\"nofollow noopener\" target=\"_blank\">Charlesin<\/a> Highgrove Housen tiluksia.<\/p>\n<p class=\"paragraph\">Meghan Marklen tunnetuin rooli on lakimaailmaan sijoittuvassa yhdysvaltalaissarjassa Pukumiehet, jossa h\u00e4n n\u00e4ytteli lakiavustajana aloittanutta ja lakimieheksi edennytt\u00e4 Rachel Zanea. Meghan j\u00e4tti n\u00e4yttelemisen vuonna 2018.<\/p>\n<p class=\"paragraph\">Hiljattain mediassa alkoi levit\u00e4 tieto, ett\u00e4 prinssi Harry ja herttuatar Meghan suunnittelevat perheineen muuttoa takaisin Britanniaan. Harry ja Meghan sek\u00e4 heid\u00e4n lapsensa <a href=\"https:\/\/www.iltalehti.fi\/henkilot\/Archie Harrison\" class=\"article-link-person-page\" rel=\"nofollow noopener\" target=\"_blank\">Archie<\/a>, 7, ja <a href=\"https:\/\/www.iltalehti.fi\/henkilot\/Lilibet Diana Mountbatten-Windsor\" class=\"article-link-person-page\" rel=\"nofollow noopener\" target=\"_blank\">Lilibet<\/a>, 5, ovat asuneet Yhdysvalloissa viimeiset kuusi vuotta.<\/p>\n<p class=\"paragraph\">Tietojen mukaan hovin teht\u00e4v\u00e4t taakseen vuonna 2020 j\u00e4tt\u00e4nyt pari muuttaa elokuun loppuun menness\u00e4 Lontoon ulkopuolelle yksityisasuntoon, ja lapset alkavat k\u00e4yd\u00e4 brittil\u00e4ist\u00e4 koulua.<\/p>\n","protected":false},"excerpt":{"rendered":"Meghanille kaavailtu elokuvarooli on tiett\u00e4v\u00e4sti peruttu. Herttuatar Meghan j\u00e4tti n\u00e4yttelemisen vuonna 2018. AOP The Guardianin mukaan herttuatar Meghanille&hellip;\n","protected":false},"author":2,"featured_media":332556,"comment_status":"","ping_status":"","sticky":false,"template":"","format":"standard","meta":{"footnotes":"","_share_on_mastodon":"0"},"categories":[130],"tags":[35,654,137,33,31,30,653,652,32,140,2117,109],"class_list":["post-332555","post","type-post","status-publish","format-standard","has-post-thumbnail","category-viihde","tag-24h","tag-britannian-kuningashuone","tag-entertainment","tag-fi","tag-finland","tag-finnish","tag-julkkisperheet","tag-kuninkaalliset","tag-suomi","tag-tv-ja-elokuvat","tag-videon-suoratoisto","tag-viihde"],"share_on_mastodon":{"url":"https:\/\/pubeurope.com\/@fi\/117151405676574917","error":""},"_links":{"self":[{"href":"https:\/\/www.europesays.com\/fi\/wp-json\/wp\/v2\/posts\/332555","targetHints":{"allow":["GET"]}}],"collection":[{"href":"https:\/\/www.europesays.com\/fi\/wp-json\/wp\/v2\/posts"}],"about":[{"href":"https:\/\/www.europesays.com\/fi\/wp-json\/wp\/v2\/types\/post"}],"author":[{"embeddable":true,"href":"https:\/\/www.europesays.com\/fi\/wp-json\/wp\/v2\/users\/2"}],"replies":[{"embeddable":true,"href":"https:\/\/www.europesays.com\/fi\/wp-json\/wp\/v2\/comments?post=332555"}],"version-history":[{"count":0,"href":"https:\/\/www.europesays.com\/fi\/wp-json\/wp\/v2\/posts\/332555\/revisions"}],"wp:featuredmedia":[{"embeddable":true,"href":"https:\/\/www.europesays.com\/fi\/wp-json\/wp\/v2\/media\/332556"}],"wp:attachment":[{"href":"https:\/\/www.europesays.com\/fi\/wp-json\/wp\/v2\/media?parent=332555"}],"wp:term":[{"taxonomy":"category","embeddable":true,"href":"https:\/\/www.europesays.com\/fi\/wp-json\/wp\/v2\/categories?post=332555"},{"taxonomy":"post_tag","embeddable":true,"href":"https:\/\/www.europesays.com\/fi\/wp-json\/wp\/v2\/tags?post=332555"}],"curies":[{"name":"wp","href":"https:\/\/api.w.org\/{rel}","templated":true}]}}