{"id":332637,"date":"2026-08-24T18:25:13","date_gmt":"2026-08-24T18:25:13","guid":{"rendered":"https:\/\/www.europesays.com\/fi\/332637\/"},"modified":"2026-08-24T18:25:13","modified_gmt":"2026-08-24T18:25:13","slug":"me-naiset-kari-heiskanen-71-tuli-isaksi-kuusikymppisena","status":"publish","type":"post","link":"https:\/\/www.europesays.com\/fi\/332637\/","title":{"rendered":"Me Naiset: Kari Heiskanen, 71, tuli is\u00e4ksi kuusikymppisen\u00e4"},"content":{"rendered":"<p>            Timo Korhonen\n        <\/p>\n<p class=\"subtitle \">Kari Heiskanen ja Anna-Maija Tuokko ovat olleet yhdess\u00e4 yli vuosikymmenen.<\/p>\n<p class=\"article-content article-content-width !bg-background\">N\u00e4yttelij\u00e4pariskunta  ja  ovat pit\u00e4neet yht\u00e4 jo vuosia. Kaksikko tutustui aikoinaan ty\u00f6skennelless\u00e4\u00e4n Helsingin Kaupunginteatterissa.\u00a0<\/p>\n<p class=\"article-content article-content-width !bg-background\">Ty\u00f6toveruus muuttui rakkaudeksi, ja pariskunnan ensimm\u00e4inen yhteinen lapsi syntyi vuonna 2015. Kari oli tuolloin 60-vuotias, Anna-Maija 34.\u00a0<\/p>\n<p class=\"article-content article-content-width !bg-background\">Sittemmin perheeseen on syntynyt my\u00f6s toinen lapsi. Tytt\u00e4ret ovat alakouluik\u00e4isi\u00e4.\u00a0<\/p>\n<p>        <a itemprop=\"url\" href=\"https:\/\/www.seiska.fi\/katso\/anna-maija-tuokko-paljastus-perheen-raha-asioista\/2130642\" rel=\"nofollow noopener\" target=\"_blank\"><\/p>\n<p>\nAnna-Maija Tuokko\n<\/p>\n<p class=\"section-date\">\n        <strong class=\"article-section\" data-section=\"katso\"><br \/>\n            katso<br \/>\n        <\/strong><br \/>\n        20.4. 06:15\n    <\/p>\n<p>Anna-Maija Tuokko: Paljastus perheen raha-asioista\n    <\/p>\n<p itemprop=\"description\" class=\"subtitle \">\n    N\u00e4yttelij\u00e4pari Anna-Maija Tuokon ja Kari Heiskasen m\u00f6kkipiha remontoidaan tv:ss\u00e4.\n<\/p>\n<p>        <\/a><\/p>\n<p>                <img decoding=\"async\" src=\"https:\/\/www.europesays.com\/fi\/wp-content\/uploads\/2026\/08\/2243181.webp\" width=\"576\" height=\"720\" alt=\"Anna-Maija ei kavahtanut ik\u00e4eroa rakastuessaan. Arkistokuva.\" loading=\"lazy\" \/>            <\/p>\n<p>\n            Anna-Maija ei kavahtanut ik\u00e4eroa rakastuessaan. Arkistokuva.<br \/>\n            ATTE KAJOVA\n        <\/p>\n<p>Erilainen is\u00e4\u00a0<\/p>\n<p class=\"article-content article-content-width !bg-background\">Nyt Kari kertoo perhe-el\u00e4m\u00e4st\u00e4\u00e4n ja i\u00e4kk\u00e4\u00e4mp\u00e4n\u00e4 is\u00e4ksi tulosta <a href=\"https:\/\/www.is.fi\/menaiset\/ihmiset-ja-suhteet\/art-2000012187173.html\" target=\"_blank\" rel=\"nofollow noopener\">Me Naiset -lehdelle<\/a>. H\u00e4n kuvailee olevansa onnekas, mutta my\u00f6s is\u00e4n\u00e4 hieman erilainen kuin vanhemmille lapsilleen. Karilla on kolme jo aikuista lasta aiemmasta liitostaan.\u00a0<\/p>\n<p class=\"article-content article-content-width !bg-background\">\u2013 Vanhempana olen n\u00e4in vanhemmiten ymm\u00e4rt\u00e4v\u00e4isempi. Rauhallista minusta ei tule koskaan, mutta olen ehk\u00e4 maltillisempi kasvattaja kuin nuorempana, Kari kuvailee lehdelle.\u00a0<\/p>\n<p class=\"article-content article-content-width !bg-background\">\u2013 Luulen, ett\u00e4 olen nyky\u00e4\u00e4n parempi is\u00e4, h\u00e4n lis\u00e4\u00e4.<\/p>\n<p>        <a itemprop=\"url\" href=\"https:\/\/www.seiska.fi\/kotimaa\/railakkaat-julkkisbileet-helsingissa-video-kulisseista\/2063120\" rel=\"nofollow noopener\" target=\"_blank\"><\/p>\n<p>\nVideo kulisseista!\n<\/p>\n<p class=\"section-date\">\n        <strong class=\"article-section\" data-section=\"kotimaa\"><br \/>\n            kotimaa<br \/>\n        <\/strong><br \/>\n        3.2. 07:00\n    <\/p>\n<p>Railakkaat julkkisbileet Helsingiss\u00e4 \u2013 video kulisseista!\n    <\/p>\n<p itemprop=\"description\" class=\"subtitle \">\n    Julkimot kokoontuivat juhlistamaan Railia railakkaissa merkeiss\u00e4.\n<\/p>\n<p>        <\/a><\/p>\n<p>                <img decoding=\"async\" src=\"https:\/\/www.europesays.com\/fi\/wp-content\/uploads\/2026\/08\/2243183.webp\" width=\"576\" height=\"720\" alt=\"Kari Heiskanen on puhunut avoimesti jo aikuisen Saimi-tytt\u00e4rens\u00e4 Downin syndroomasta.\" loading=\"lazy\" \/>            <\/p>\n<p>\n            Kari Heiskanen on puhunut avoimesti jo aikuisen Saimi-tytt\u00e4rens\u00e4 Downin syndroomasta.<br \/>\n            AOP\n        <\/p>\n<p>M\u00f6kki kuntoon\u00a0<\/p>\n<p class=\"article-content article-content-width !bg-background\">Kari ja Anna-Maija ovat olleet yhdess\u00e4 yli vuosikymmenen. Julkisuudessa he eiv\u00e4t juuri rakkauttaan kuitenkaan esittele. Viime kev\u00e4\u00e4n\u00e4 pariskunnan el\u00e4m\u00e4st\u00e4 saatiin harvinainen vilaus, kun heid\u00e4n m\u00f6kkimilj\u00f6\u00f6ns\u00e4 laitettiin kuntoon Huvila ja huussi -ohjelmassa.\u00a0<\/p>\n<p class=\"article-content article-content-width !bg-background\">Kari on hankinut m\u00f6kin 40 vuotta sitten. Ohjelman my\u00f6t\u00e4 Anna-Maija sai vihdoin lis\u00e4tty\u00e4 oman kaivatun silauksensa perheen kes\u00e4paikkaan\u00a0\u2013 oman lompakkonsa kustannuksella.\u00a0<\/p>\n<p class=\"article-content article-content-width !bg-background\">\u2013 Min\u00e4 maksan t\u00e4m\u00e4n! Anna-Maija huudahti ohjelmassa.\u00a0<\/p>\n<p>        <a itemprop=\"url\" href=\"https:\/\/www.seiska.fi\/katso\/ylen-klassikko-velipuolikuu-eeva-litmasen-tuhma-improvisointi-tallentui-sketsiin\/2208961\" rel=\"nofollow noopener\" target=\"_blank\"><\/p>\n<p>\nVelipuolikuun Eeva Litmanen paljastaa:\n<\/p>\n<p class=\"section-date\">\n        <strong class=\"article-section\" data-section=\"katso\"><br \/>\n            katso<br \/>\n        <\/strong><br \/>\n        18.7. 11:15\n    <\/p>\n<p>Ylen klassikko Velipuolikuu: Eeva Litmasen tuhma improvisointi tallentui sketsiin\n    <\/p>\n<p itemprop=\"description\" class=\"subtitle \">\n    Viihdeohjelmien klassikko Velipuolikuu teki teatterin\u00e4yttelij\u00e4 Eeva Litmasesta koko kansan julkkiksen.\n<\/p>\n<p>        <\/a><\/p>\n<p class=\"article-content article-content-width !bg-background\">Sek\u00e4 Kari ett\u00e4 Anna-Maija ovat tulleet tutuiksi niin televisiosta, valkokankaalta kuin teatterin lavaltakin.\u00a0<\/p>\n<p class=\"article-content article-content-width !bg-background\">Karin ansioluettelosta l\u00f6ytyy muun muassa Veli Puolikuu (1983), Huojuva talo (1990) sek\u00e4 Queen of Fuckin Everything (2025). Anna-Maija puolestaan muistetaan tv-sarjoista Onnela ja Poromafia. Lis\u00e4ksi h\u00e4n voitti Tanssii t\u00e4htien kanssa -kilpailun vuonna 2017.<\/p>\n","protected":false},"excerpt":{"rendered":"Timo Korhonen Kari Heiskanen ja Anna-Maija Tuokko ovat olleet yhdess\u00e4 yli vuosikymmenen. N\u00e4yttelij\u00e4pariskunta ja ovat pit\u00e4neet yht\u00e4 jo&hellip;\n","protected":false},"author":2,"featured_media":332638,"comment_status":"","ping_status":"","sticky":false,"template":"","format":"standard","meta":{"footnotes":"","_share_on_mastodon":"0"},"categories":[136],"tags":[19707,407,137,33,31,30,1460,408,39574,1127,8055,98,32,109],"class_list":["post-332637","post","type-post","status-publish","format-standard","has-post-thumbnail","category-julkkikset","tag-anna-maija-tuokko","tag-celebrities","tag-entertainment","tag-fi","tag-finland","tag-finnish","tag-ikaero","tag-julkkikset","tag-kari-heiskanen","tag-lapsi","tag-me-naiset","tag-perhe","tag-suomi","tag-viihde"],"share_on_mastodon":{"url":"https:\/\/pubeurope.com\/@fi\/117151893878743310","error":""},"_links":{"self":[{"href":"https:\/\/www.europesays.com\/fi\/wp-json\/wp\/v2\/posts\/332637","targetHints":{"allow":["GET"]}}],"collection":[{"href":"https:\/\/www.europesays.com\/fi\/wp-json\/wp\/v2\/posts"}],"about":[{"href":"https:\/\/www.europesays.com\/fi\/wp-json\/wp\/v2\/types\/post"}],"author":[{"embeddable":true,"href":"https:\/\/www.europesays.com\/fi\/wp-json\/wp\/v2\/users\/2"}],"replies":[{"embeddable":true,"href":"https:\/\/www.europesays.com\/fi\/wp-json\/wp\/v2\/comments?post=332637"}],"version-history":[{"count":0,"href":"https:\/\/www.europesays.com\/fi\/wp-json\/wp\/v2\/posts\/332637\/revisions"}],"wp:featuredmedia":[{"embeddable":true,"href":"https:\/\/www.europesays.com\/fi\/wp-json\/wp\/v2\/media\/332638"}],"wp:attachment":[{"href":"https:\/\/www.europesays.com\/fi\/wp-json\/wp\/v2\/media?parent=332637"}],"wp:term":[{"taxonomy":"category","embeddable":true,"href":"https:\/\/www.europesays.com\/fi\/wp-json\/wp\/v2\/categories?post=332637"},{"taxonomy":"post_tag","embeddable":true,"href":"https:\/\/www.europesays.com\/fi\/wp-json\/wp\/v2\/tags?post=332637"}],"curies":[{"name":"wp","href":"https:\/\/api.w.org\/{rel}","templated":true}]}}