{"id":332657,"date":"2026-08-24T19:02:11","date_gmt":"2026-08-24T19:02:11","guid":{"rendered":"https:\/\/www.europesays.com\/fi\/332657\/"},"modified":"2026-08-24T19:02:11","modified_gmt":"2026-08-24T19:02:11","slug":"liittopomo-pitaa-kansanedustajan-panda-ehdotusta-eparealistisena-viispiikkinen","status":"publish","type":"post","link":"https:\/\/www.europesays.com\/fi\/332657\/","title":{"rendered":"Liittopomo pit\u00e4\u00e4 kansan\u00adedus\u00adtajan Panda-\u200behdotusta ep\u00e4rea\u00adlis\u00adti\u00adsena &#8211; Viispiikkinen"},"content":{"rendered":"<ol>\n<li><a href=\"https:\/\/news.google.com\/rss\/articles\/CBMiXEFVX3lxTE5DVkg5bFhGSWl4VkN1UjdaVkhNVUM5TFZxMXp2R2tCYmJmMDRtdm1CdHVDY1BES2hlLWwtVEhUYjZfWG9uZVNYWE56M1pfUXpyRE9nS1NhV0o1dDFa?oc=5\" target=\"_blank\" rel=\"nofollow noopener\">Liittopomo pit\u00e4\u00e4 kansan\u00adedus\u00adtajan Panda-\u200behdotusta ep\u00e4rea\u00adlis\u00adti\u00adsena<\/a>&nbsp;&nbsp;Viispiikkinen<\/li>\n<li><a href=\"https:\/\/news.google.com\/rss\/articles\/CBMiUEFVX3lxTE9FYmhaMzB1WUpONzA4SFdPNmNHdVlDUU8yMzZfU0ZldVF2Q1FMUFMtbnZmdnd2eUFkVGZXTklzLVN4Y2hsSEpyX0JWeUREZURr?oc=5\" target=\"_blank\" rel=\"nofollow noopener\">L\u00e4hes satavuotinen suklaantuotanto Pandan tehtaalla Vaajakoskella p\u00e4\u00e4ttyy, kun valmistus siirtyy Viroon \u2013 n\u00e4in toimitusjohtaja kommentoi<\/a>&nbsp;&nbsp;Keskisuomalainen<\/li>\n<li><a href=\"https:\/\/news.google.com\/rss\/articles\/CBMiUEFVX3lxTFBWaWpaTUw2V0FERG1WTExlOG42YWtkOUl6SHpJdlZMMGo1dWh4bDBwTmM0U2llMFBKak1tV0E2bFNubGpmd3NLQ2h2bGpqb2NU?oc=5\" target=\"_blank\" rel=\"nofollow noopener\">Liittopomo pit\u00e4\u00e4 kansanedustajan Panda-ehdotusta ep\u00e4realistisena | Keski-Suomi<\/a>&nbsp;&nbsp;Keskisuomalainen<\/li>\n<li><a href=\"https:\/\/news.google.com\/rss\/articles\/CBMiWkFVX3lxTE1mUEFmMmZYMlVTVEIzenhOLVFVTi1QRW8tTTVSTV9odVF4UFhDODRyMllvQnlmN0M1ajN4UHh2VHNoaVViSFczeVlPNkM4Ylo3THFuWlVmUDkyUQ?oc=5\" target=\"_blank\" rel=\"nofollow noopener\">Yritykset | Pandan suklaanvalmistus Suomessa loppuu: J\u00e4rkytti aika lailla, sanoo p\u00e4\u00e4luottamusmies<\/a>&nbsp;&nbsp;HS.fi<\/li>\n<li><a href=\"https:\/\/news.google.com\/rss\/articles\/CBMifEFVX3lxTE5yWi1KT2Q3M0ZZNW9PQkR1TG5VVjdOakpqZjVYU05kWFRsVHZGeXYxSWp0VmVUNkNqT2dja3BubkVBV3VGWjNOd19TdnFiam1wdGd2cU9XcWdmN1U2RGNBcUhaS254cDgtNFpmeldibE1KLUkwQk5BYnJTcWs?oc=5\" target=\"_blank\" rel=\"nofollow noopener\">N\u00e4k\u00f6kulma: Panda-suklaata tehd\u00e4\u00e4n jatkossa tonnin kuukausipalkalla<\/a>&nbsp;&nbsp;Iltalehti<\/li>\n<\/ol>\n","protected":false},"excerpt":{"rendered":"Liittopomo pit\u00e4\u00e4 kansan\u00adedus\u00adtajan Panda-\u200behdotusta ep\u00e4rea\u00adlis\u00adti\u00adsena&nbsp;&nbsp;Viispiikkinen L\u00e4hes satavuotinen suklaantuotanto Pandan tehtaalla Vaajakoskella p\u00e4\u00e4ttyy, kun valmistus siirtyy Viroon \u2013 n\u00e4in&hellip;\n","protected":false},"author":2,"featured_media":332658,"comment_status":"","ping_status":"","sticky":false,"template":"","format":"standard","meta":{"footnotes":"","_share_on_mastodon":"0"},"categories":[76],"tags":[79,77,33,31,30,425,41442,637,900,2331,32,78,4029],"class_list":["post-332657","post","type-post","status-publish","format-standard","has-post-thumbnail","category-talous","tag-business","tag-economy","tag-fi","tag-finland","tag-finnish","tag-jyvaskyla","tag-pandan-tehdas","tag-politiikka","tag-ruoka","tag-ruoka-ja-juoma","tag-suomi","tag-talous","tag-viro"],"share_on_mastodon":{"url":"https:\/\/pubeurope.com\/@fi\/117152038782658703","error":""},"_links":{"self":[{"href":"https:\/\/www.europesays.com\/fi\/wp-json\/wp\/v2\/posts\/332657","targetHints":{"allow":["GET"]}}],"collection":[{"href":"https:\/\/www.europesays.com\/fi\/wp-json\/wp\/v2\/posts"}],"about":[{"href":"https:\/\/www.europesays.com\/fi\/wp-json\/wp\/v2\/types\/post"}],"author":[{"embeddable":true,"href":"https:\/\/www.europesays.com\/fi\/wp-json\/wp\/v2\/users\/2"}],"replies":[{"embeddable":true,"href":"https:\/\/www.europesays.com\/fi\/wp-json\/wp\/v2\/comments?post=332657"}],"version-history":[{"count":0,"href":"https:\/\/www.europesays.com\/fi\/wp-json\/wp\/v2\/posts\/332657\/revisions"}],"wp:featuredmedia":[{"embeddable":true,"href":"https:\/\/www.europesays.com\/fi\/wp-json\/wp\/v2\/media\/332658"}],"wp:attachment":[{"href":"https:\/\/www.europesays.com\/fi\/wp-json\/wp\/v2\/media?parent=332657"}],"wp:term":[{"taxonomy":"category","embeddable":true,"href":"https:\/\/www.europesays.com\/fi\/wp-json\/wp\/v2\/categories?post=332657"},{"taxonomy":"post_tag","embeddable":true,"href":"https:\/\/www.europesays.com\/fi\/wp-json\/wp\/v2\/tags?post=332657"}],"curies":[{"name":"wp","href":"https:\/\/api.w.org\/{rel}","templated":true}]}}