{"id":332667,"date":"2026-08-24T19:17:17","date_gmt":"2026-08-24T19:17:17","guid":{"rendered":"https:\/\/www.europesays.com\/fi\/332667\/"},"modified":"2026-08-24T19:17:17","modified_gmt":"2026-08-24T19:17:17","slug":"kauko-royhka-on-ollut-26-vuotta-yhdessa-olgansa-kanssa","status":"publish","type":"post","link":"https:\/\/www.europesays.com\/fi\/332667\/","title":{"rendered":"Kauko R\u00f6yhk\u00e4 on ollut 26 vuotta yhdess\u00e4 Olgansa kanssa"},"content":{"rendered":"<p>    <img decoding=\"async\" src=\"https:\/\/www.europesays.com\/fi\/wp-content\/uploads\/2026\/08\/DSC_2763_preview.jpg\" alt=\"Aviopuolisot Olga V\u00e4limaa ja Kauko R\u00f6yhk\u00e4 ovat jo 18-vuotiaan pojan vanhempia.\" width=\"2100\" height=\"1400\" class=\"wp-image-719398\" loading=\"eager\" fetchpriority=\"high\"  \/>Aviopuolisot Olga V\u00e4limaa ja Kauko R\u00f6yhk\u00e4 ovat jo 18-vuotiaan pojan vanhempia.Timo Korhonen    <\/p>\n<p class=\"wp-block-post-excerpt__excerpt\">Rockmuusikko ja kirjailija Kauko R\u00f6yhk\u00e4 tekee yhteisty\u00f6t\u00e4 taidemaalaripuolisonsa Olga V\u00e4limaan kanssa. Pitk\u00e4 liitto ei takaa riidatonta ty\u00f6skentely\u00e4, p\u00e4invastoin. <\/p>\n<p>Rockmuusikko ja kirjailija <strong>Kauko R\u00f6yhk\u00e4<\/strong> on ty\u00f6st\u00e4nyt el\u00e4m\u00e4kertaa tubettaja<strong> Mikael \u201dNiilo22\u201d Kosolasta<\/strong>.\u00a0<\/p>\n<p>\u201dMin\u00e4 olen siin\u00e4 kirjoittajana, mutta se on Niilon el\u00e4m\u00e4kerta. H\u00e4n k\u00e4vi luonani Turussa, jossa teimme haastatteluja ja tsekkasin niit\u00e4 h\u00e4nen videoitaan. Sielt\u00e4 l\u00f6ytyi sitten kaikenlaisia viisauksia, joita laitoimme kirjaan\u201d, Kauko kertoi Otavan pihajuhlilla Helsingiss\u00e4.\u00a0<\/p>\n<p>Kauko oli vaikuttunut etenkin tubettajan el\u00e4m\u00e4nasenteesta.<\/p>\n<p>\u201dH\u00e4n on hyvin positiivinen tyyppi. Luulen, ett\u00e4 etenkin t\u00e4llaisina aikoina, kun kaikkialta tulee vain synkki\u00e4 uutisia, niin tuommoisia tarvitaan.\u201d<\/p>\n<p><strong>Lue my\u00f6s: <\/strong><a href=\"https:\/\/anna.fi\/ihmiset\/pyha-seuralainen\" type=\"link\" id=\"https:\/\/anna.fi\/ihmiset\/pyha-seuralainen\" rel=\"nofollow noopener\" target=\"_blank\">Pelle Miljoona on matkustanut ymp\u00e4ri maailmaa tietty kangaspala mukanaan 1980-luvulta l\u00e4htien<\/a><\/p>\n<p><img loading=\"lazy\" decoding=\"async\" width=\"683\" height=\"1024\" src=\"https:\/\/www.europesays.com\/fi\/wp-content\/uploads\/2026\/08\/DSC_2758_preview-683x1024.jpg\" alt=\"Kuvataiteilija Olga V\u00e4limaa ja muusikko, kirjailija Kauko R\u00f6yhk\u00e4 viihtyiv\u00e4t Otavan elokuisilla pihajuhlilla.\" class=\"wp-image-719412 js-photoswipe-image\"  \/>Kuvataiteilija Olga V\u00e4limaa ja muusikko, kirjailija Kauko R\u00f6yhk\u00e4 viihtyiv\u00e4t Otavan elokuisilla pihajuhlilla.<\/p>\n<p>\u00a9 Timo Korhonen<\/p>\n<p>Yhteinen ponnistus<\/p>\n<p>Kuvataiteen maailmassa operoiva Kaukon puoliso <strong>Olga V\u00e4limaa<\/strong> oli puolestaan valmistunut kuvataiteilijaksi Turun taideakatemiasta. Seuraavaksi h\u00e4n tekee Ouluun projektia, jossa on mukana Kaukokin.\u00a0<\/p>\n<p>\u201dMeilt\u00e4 tulee musikaali marraskuussa, johon Olga tekee kuvitukset, ja min\u00e4 ja <strong>Jarmo Heikkinen <\/strong>musiikin\u201d, Kauko kertoi.<\/p>\n<p>Musiikkipohjainen n\u00e4ytt\u00e4m\u00f6teos pohjautuu Kaukon muistoihin nuoruutensa Oulusta. Se kantaa nime\u00e4 Disko keskell\u00e4 pimeytt\u00e4 \u2013 kaikki ei l\u00f6yd\u00e4 t\u00e4t\u00e4 paikkaa.\u00a0<\/p>\n<p>Vaikka pariskunnalla on jo vuosia yhteist\u00e4 matkaa takanaan, ei heill\u00e4 taidetta tehdess\u00e4 mene kaikki aina yksi yhteen.<\/p>\n<p>\u201dEi, riitelemme koko ajan! Sielt\u00e4 se kultakimpale sitten lopulta tulee\u201d, Kauko naurahti.\u00a0<\/p>\n<p>Kauko laski pariskunnan olleen yhdess\u00e4 jo 26 vuotta.\u00a0<\/p>\n<p>\u201dJa meill\u00e4 on jo 18-vuotias poikakin, mik\u00e4 tuo oman h\u00e4mmennyksens\u00e4\u201d, Kauko kertoi ja naurahti.\u00a0<\/p>\n<p><strong>Lue my\u00f6s Kotiliesi.fi<\/strong>: <a href=\"https:\/\/kotiliesi.fi\/koti\/sisustus\/tuure-kilpelainen-kerailee-puisia-laatikoita\/\" type=\"link\" id=\"https:\/\/kotiliesi.fi\/koti\/sisustus\/tuure-kilpelainen-kerailee-puisia-laatikoita\/\" rel=\"nofollow noopener\" target=\"_blank\">Puisten laatikoiden n\u00e4keminen aiheuttaa Tuure Kilpel\u00e4isess\u00e4 himon \u2013 omistaa jo 8 kappaletta<br \/><\/a><\/p>\n","protected":false},"excerpt":{"rendered":"Aviopuolisot Olga V\u00e4limaa ja Kauko R\u00f6yhk\u00e4 ovat jo 18-vuotiaan pojan vanhempia.Timo Korhonen Rockmuusikko ja kirjailija Kauko R\u00f6yhk\u00e4 tekee&hellip;\n","protected":false},"author":2,"featured_media":332668,"comment_status":"","ping_status":"","sticky":false,"template":"","format":"standard","meta":{"footnotes":"","_share_on_mastodon":"0"},"categories":[136],"tags":[1075,407,137,33,31,30,408,13175,2311,15661,32,109],"class_list":["post-332667","post","type-post","status-publish","format-standard","has-post-thumbnail","category-julkkikset","tag-avioliitto","tag-celebrities","tag-entertainment","tag-fi","tag-finland","tag-finnish","tag-julkkikset","tag-kauko-royhka","tag-suomalaiset-laulajat","tag-suomalaiset-muusikot","tag-suomi","tag-viihde"],"share_on_mastodon":{"url":"https:\/\/pubeurope.com\/@fi\/117152098195812606","error":""},"_links":{"self":[{"href":"https:\/\/www.europesays.com\/fi\/wp-json\/wp\/v2\/posts\/332667","targetHints":{"allow":["GET"]}}],"collection":[{"href":"https:\/\/www.europesays.com\/fi\/wp-json\/wp\/v2\/posts"}],"about":[{"href":"https:\/\/www.europesays.com\/fi\/wp-json\/wp\/v2\/types\/post"}],"author":[{"embeddable":true,"href":"https:\/\/www.europesays.com\/fi\/wp-json\/wp\/v2\/users\/2"}],"replies":[{"embeddable":true,"href":"https:\/\/www.europesays.com\/fi\/wp-json\/wp\/v2\/comments?post=332667"}],"version-history":[{"count":0,"href":"https:\/\/www.europesays.com\/fi\/wp-json\/wp\/v2\/posts\/332667\/revisions"}],"wp:featuredmedia":[{"embeddable":true,"href":"https:\/\/www.europesays.com\/fi\/wp-json\/wp\/v2\/media\/332668"}],"wp:attachment":[{"href":"https:\/\/www.europesays.com\/fi\/wp-json\/wp\/v2\/media?parent=332667"}],"wp:term":[{"taxonomy":"category","embeddable":true,"href":"https:\/\/www.europesays.com\/fi\/wp-json\/wp\/v2\/categories?post=332667"},{"taxonomy":"post_tag","embeddable":true,"href":"https:\/\/www.europesays.com\/fi\/wp-json\/wp\/v2\/tags?post=332667"}],"curies":[{"name":"wp","href":"https:\/\/api.w.org\/{rel}","templated":true}]}}