{"id":332679,"date":"2026-08-24T19:31:15","date_gmt":"2026-08-24T19:31:15","guid":{"rendered":"https:\/\/www.europesays.com\/fi\/332679\/"},"modified":"2026-08-24T19:31:15","modified_gmt":"2026-08-24T19:31:15","slug":"hurja-tilanne-kauppakeskuksessa-parkkihalli-tayttyi-vedesta","status":"publish","type":"post","link":"https:\/\/www.europesays.com\/fi\/332679\/","title":{"rendered":"Hurja tilanne kauppakeskuksessa \u2013 Parkkihalli t\u00e4yttyi vedest\u00e4"},"content":{"rendered":"<p>Tulvimisen aiheutti rankkasade.<\/p>\n<p class=\"paragraph\">Vantaalaisen kauppakeskus Jumbon parkkihallissa tulvi maanantaina alkuillasta.<\/p>\n<p class=\"paragraph\">Tulviminen johtui sadeveden suuresta m\u00e4\u00e4r\u00e4st\u00e4, kertoo kauppakeskusjohtaja <strong>Olli Lehtoaro<\/strong>.<\/p>\n<p class=\"paragraph\">\u2013 Paikallinen rankkasadekuuro on aiheuttanut sadevesiviem\u00e4rin tulvimisen, h\u00e4n sanoo.<\/p>\n<p class=\"paragraph\">Lehtoaron mukaan tilanne on varmasti aiheuttanut h\u00e4mmennyst\u00e4 paikalla olleissa ihmisiss\u00e4.<\/p>\n<p class=\"paragraph\">\u2013 Tallenteilta on n\u00e4hty, ett\u00e4 autoja on j\u00e4\u00e4nyt ihmettelem\u00e4\u00e4n tulvimista.<\/p>\n<p class=\"paragraph\">Autot kuitenkin p\u00e4\u00e4siv\u00e4t ajamaan pois parkkihallista, h\u00e4n kertoo.<\/p>\n<p class=\"paragraph\">Lehtoaron mukaan kauppakeskuksen huoltohenkil\u00f6st\u00f6 reagoi tilanteeseen nopeasti tulvimisen alettua.<\/p>\n<p class=\"paragraph\">H\u00e4n kommentoi asiaa Iltalehdelle iltaseitsem\u00e4n j\u00e4lkeen, johon menness\u00e4 vesi oli h\u00e4nen k\u00e4sityksens\u00e4 mukaan saatu siivottua pois parkkihallista.<\/p>\n<p><img decoding=\"async\" class=\"image image-show image-preview\" src=\"https:\/\/www.europesays.com\/fi\/wp-content\/uploads\/2026\/08\/954cb0c3ec7350895ff3a66fa70d7683eef07c841d9cf9920e3941e69a31907c.jpg\" alt=\"\"\/><img decoding=\"async\" class=\"image image-show\" src=\"https:\/\/www.europesays.com\/fi\/wp-content\/uploads\/2026\/08\/1787599873_642_954cb0c3ec7350895ff3a66fa70d7683eef07c841d9cf9920e3941e69a31907c.jpg\" alt=\"\"\/><\/p>\n<p>Tulviminen tapahtui vantaalaiskauppakeskuksen parkkihallissa. petteri paalasmaa<\/p>\n<p><a href=\"https:\/\/whatsapp.com\/channel\/0029VaE08hW2phHMfHULqP2k\" target=\"_blank\" rel=\"noopener nofollow\"><img decoding=\"async\" src=\"https:\/\/www.europesays.com\/fi\/wp-content\/uploads\/2026\/08\/1787599875_983_IL_whatsapp_seuraa.png\"\/><\/a><\/p>\n","protected":false},"excerpt":{"rendered":"Tulvimisen aiheutti rankkasade. Vantaalaisen kauppakeskus Jumbon parkkihallissa tulvi maanantaina alkuillasta. Tulviminen johtui sadeveden suuresta m\u00e4\u00e4r\u00e4st\u00e4, kertoo kauppakeskusjohtaja Olli&hellip;\n","protected":false},"author":2,"featured_media":332680,"comment_status":"","ping_status":"","sticky":false,"template":"","format":"standard","meta":{"footnotes":"","_share_on_mastodon":"0"},"categories":[5],"tags":[35,648,22,23,26,27,33,31,30,17,24,25,121,28,29,15,18,21,710,32,128,19,20,16],"class_list":["post-332679","post","type-post","status-publish","format-standard","has-post-thumbnail","category-otsikot","tag-24h","tag-autot","tag-breaking-news","tag-breakingnews","tag-featured-news","tag-featurednews","tag-fi","tag-finland","tag-finnish","tag-headlines","tag-latest-news","tag-latestnews","tag-liikenne-ja-kuljetus","tag-main-news","tag-mainnews","tag-news","tag-otsikot","tag-paauutiset","tag-saa","tag-suomi","tag-tieliikenne","tag-top-stories","tag-topstories","tag-uutiset"],"share_on_mastodon":{"url":"https:\/\/pubeurope.com\/@fi\/117152153202630451","error":""},"_links":{"self":[{"href":"https:\/\/www.europesays.com\/fi\/wp-json\/wp\/v2\/posts\/332679","targetHints":{"allow":["GET"]}}],"collection":[{"href":"https:\/\/www.europesays.com\/fi\/wp-json\/wp\/v2\/posts"}],"about":[{"href":"https:\/\/www.europesays.com\/fi\/wp-json\/wp\/v2\/types\/post"}],"author":[{"embeddable":true,"href":"https:\/\/www.europesays.com\/fi\/wp-json\/wp\/v2\/users\/2"}],"replies":[{"embeddable":true,"href":"https:\/\/www.europesays.com\/fi\/wp-json\/wp\/v2\/comments?post=332679"}],"version-history":[{"count":0,"href":"https:\/\/www.europesays.com\/fi\/wp-json\/wp\/v2\/posts\/332679\/revisions"}],"wp:featuredmedia":[{"embeddable":true,"href":"https:\/\/www.europesays.com\/fi\/wp-json\/wp\/v2\/media\/332680"}],"wp:attachment":[{"href":"https:\/\/www.europesays.com\/fi\/wp-json\/wp\/v2\/media?parent=332679"}],"wp:term":[{"taxonomy":"category","embeddable":true,"href":"https:\/\/www.europesays.com\/fi\/wp-json\/wp\/v2\/categories?post=332679"},{"taxonomy":"post_tag","embeddable":true,"href":"https:\/\/www.europesays.com\/fi\/wp-json\/wp\/v2\/tags?post=332679"}],"curies":[{"name":"wp","href":"https:\/\/api.w.org\/{rel}","templated":true}]}}