{"id":332721,"date":"2026-08-24T20:46:13","date_gmt":"2026-08-24T20:46:13","guid":{"rendered":"https:\/\/www.europesays.com\/fi\/332721\/"},"modified":"2026-08-24T20:46:13","modified_gmt":"2026-08-24T20:46:13","slug":"mediat-helsingin-klassikkoravintola-meni-konkurssiin-new-articles","status":"publish","type":"post","link":"https:\/\/www.europesays.com\/fi\/332721\/","title":{"rendered":"Mediat: Helsingin klassikkoravintola meni konkurssiin | New Articles"},"content":{"rendered":"<p>Ravintola Santa F\u00e9 on haettu konkurssiin.<\/p>\n<p>Konkurssihakemus tuli vireille Helsingin k\u00e4r\u00e4j\u00e4oikeuteen perjantaina 21. elokuuta.<\/p>\n<p>Useat eri mediat ovat kertoneet konkurssista.<\/p>\n<p><strong class=\"diks-storyline__impact\">Tex <\/strong>mex -henkinen ravintola on toiminut Ateneuminkujan ja Aleksanterinkadun v\u00e4lisess\u00e4 kortteissa vuodesta 1991 alkaen.<\/p>\n<p><strong class=\"diks-storyline__impact\">Yritys<\/strong> hakeutui yrityssaneeraukseen vuosi sitten.<\/p>\n<p><strong class=\"diks-storyline__impact\">Helsingin <\/strong>Sanomien <a href=\"https:\/\/www.hs.fi\/helsinki\/art-2000012222099.html\" rel=\"nofollow noopener\" target=\"_blank\">haastattelema toimitusjohtaja <\/a><a href=\"https:\/\/www.hs.fi\/helsinki\/art-2000012222099.html\" rel=\"nofollow noopener\" target=\"_blank\">Henri Klimscheffskij <\/a><a href=\"https:\/\/www.hs.fi\/helsinki\/art-2000012222099.html\" rel=\"nofollow noopener\" target=\"_blank\">sanoo ravintolan vaikeuksien johtuvan keskustan autioitumisesta.<\/a><\/p>\n<p>Toimitusjohtajan mukaan kulunut kes\u00e4 oli edellist\u00e4kin kes\u00e4\u00e4 huonompi.<\/p>\n<p><strong class=\"diks-storyline__impact\">Konkurssin<\/strong> haettu yritys omistaa my\u00f6s Morrison\u2019s -ravintolat Helsingiss\u00e4 ja Turussa.<\/p>\n<p><strong class=\"diks-storyline__impact\">Yritys <\/strong>kertoo sosiaalisen median kanavissaan, ett\u00e4 ravintolat ovat &#8221;t\u00e4ll\u00e4 hetkell\u00e4 avoinna ja palvelevat asiakkaita niin pitk\u00e4\u00e4n kuin se on mahdollista&#8221;.<\/p>\n<p>\u2013\u2009Ajantasaisista aukioloajoista ja mahdollisista muutoksista tiedotamme ravintoloidemme omissa kanavissa.<\/p>\n<p>Onko sinulla muistoja Santa Fest\u00e4? Kerro meille! Koostamme muistoista jutun.<\/p>\n","protected":false},"excerpt":{"rendered":"Ravintola Santa F\u00e9 on haettu konkurssiin. Konkurssihakemus tuli vireille Helsingin k\u00e4r\u00e4j\u00e4oikeuteen perjantaina 21. elokuuta. Useat eri mediat ovat&hellip;\n","protected":false},"author":2,"featured_media":332722,"comment_status":"","ping_status":"","sticky":false,"template":"","format":"standard","meta":{"footnotes":"","_share_on_mastodon":"0"},"categories":[76],"tags":[79,77,33,31,30,104,2794,3723,3722,900,32,78,662,2107],"class_list":["post-332721","post","type-post","status-publish","format-standard","has-post-thumbnail","category-talous","tag-business","tag-economy","tag-fi","tag-finland","tag-finnish","tag-helsinki","tag-majoitus-ja-ravitsemistoiminta","tag-ravintolat","tag-ravitsemusala","tag-ruoka","tag-suomi","tag-talous","tag-turku","tag-vapaa-aika"],"share_on_mastodon":{"url":"https:\/\/pubeurope.com\/@fi\/117152447620076412","error":""},"_links":{"self":[{"href":"https:\/\/www.europesays.com\/fi\/wp-json\/wp\/v2\/posts\/332721","targetHints":{"allow":["GET"]}}],"collection":[{"href":"https:\/\/www.europesays.com\/fi\/wp-json\/wp\/v2\/posts"}],"about":[{"href":"https:\/\/www.europesays.com\/fi\/wp-json\/wp\/v2\/types\/post"}],"author":[{"embeddable":true,"href":"https:\/\/www.europesays.com\/fi\/wp-json\/wp\/v2\/users\/2"}],"replies":[{"embeddable":true,"href":"https:\/\/www.europesays.com\/fi\/wp-json\/wp\/v2\/comments?post=332721"}],"version-history":[{"count":0,"href":"https:\/\/www.europesays.com\/fi\/wp-json\/wp\/v2\/posts\/332721\/revisions"}],"wp:featuredmedia":[{"embeddable":true,"href":"https:\/\/www.europesays.com\/fi\/wp-json\/wp\/v2\/media\/332722"}],"wp:attachment":[{"href":"https:\/\/www.europesays.com\/fi\/wp-json\/wp\/v2\/media?parent=332721"}],"wp:term":[{"taxonomy":"category","embeddable":true,"href":"https:\/\/www.europesays.com\/fi\/wp-json\/wp\/v2\/categories?post=332721"},{"taxonomy":"post_tag","embeddable":true,"href":"https:\/\/www.europesays.com\/fi\/wp-json\/wp\/v2\/tags?post=332721"}],"curies":[{"name":"wp","href":"https:\/\/api.w.org\/{rel}","templated":true}]}}