{"id":332733,"date":"2026-08-24T21:09:12","date_gmt":"2026-08-24T21:09:12","guid":{"rendered":"https:\/\/www.europesays.com\/fi\/332733\/"},"modified":"2026-08-24T21:09:12","modified_gmt":"2026-08-24T21:09:12","slug":"entinen-harry-potter-tahti-onlyfansiin-liittyminen-oli-noloa-mutta-se-pelasti-minut","status":"publish","type":"post","link":"https:\/\/www.europesays.com\/fi\/332733\/","title":{"rendered":"Entinen Harry Potter -t\u00e4hti: &#8221;OnlyFansiin liittyminen oli noloa, mutta se pelasti minut&#8221;"},"content":{"rendered":"<p class=\"wp-block-paragraph\">Harry Potter -elokuvista tuttu\u00a0<strong style=\"box-sizing: border-box; border-width: 0px; border-color: rgb(229, 231, 235); scrollbar-width: thin; font-family: Domine, Georgia, sans-serif; font-size: 15.333333px; white-space: normal;\">Jessie Cave<\/strong>\u00a0kertoo <a href=\"https:\/\/variety.com\/2026\/film\/news\/harry-potter-jessie-cave-onlyfans-embarrassing-saved-me-1236840193\/\" rel=\"nofollow noopener\" target=\"_blank\">Varietyn<\/a> mukaan, ett\u00e4 OnlyFansiin liittyminen oli pakon sanelemaa. H\u00e4nell\u00e4 oli pieni rooli Potterin luokkatoveri Lavender Brownina, mutta se ei tehnyt h\u00e4nest\u00e4 rikasta.<\/p>\n<p class=\"wp-block-paragraph\">\u201dOnlyFansiin liittyminen oli noloa, koska olisin halunnut ty\u00f6n. Sain kuitenkin lapsia ja lasten huolehtiminen vie rahaa. OnlyFans pelasti minut\u201d, Cave sanoo.<\/p>\n<p class=\"wp-block-paragraph\">H\u00e4n kuvaa itse\u00e4\u00e4n n\u00e4lk\u00e4taiteilijaksi, joka nyky\u00e4\u00e4n tekee l\u00e4hinn\u00e4 yhden naisen nukketeatteriesityksi\u00e4. OnlyFans kuitenkin antoi h\u00e4nelle mahdollisuuden jatkaa taiteen tekemist\u00e4.<\/p>\n<p class=\"wp-block-paragraph\">\u201dHaluan, ett\u00e4 muutkin jotka tekev\u00e4t outoa taidetta kuten min\u00e4, saisivat mahdollisuuden tehd\u00e4 sit\u00e4.\u201d<\/p>\n<p>Lue my\u00f6s: <a href=\"https:\/\/www.episodi.fi\/uutiset\/harry-potter-tahti-jessie-cave-paljasti-onlyfans-tulonsa-enemman-kuin-koko-nayttelijanurallani\/\" title=\"Harry Potter -t\u00e4hti Jessie Cave paljasti OnlyFans-tulonsa: \u201dEnemm\u00e4n kuin koko n\u00e4yttelij\u00e4nurallani\u201d\" class=\"underline-custom !font-heading !font-bold !underline-offset-4 !decoration-4 !decoration-accent !text-md\" rel=\"nofollow noopener\" target=\"_blank\">Harry Potter -t\u00e4hti Jessie Cave paljasti OnlyFans-tulonsa: \u201dEnemm\u00e4n kuin koko n\u00e4yttelij\u00e4nurallani\u201d<\/a><\/p>\n<p>Lue my\u00f6s: <a href=\"https:\/\/www.episodi.fi\/uutiset\/harry-potter-nayttelijan-onlyfans-tilista-tuli-seuraamuksia-kiellettiin-osallistumasta-potter-fanitapahtumaan\/\" title=\"Harry Potter -n\u00e4yttelij\u00e4n OnlyFans-tilist\u00e4 tuli seuraamuksia \u2013 kiellettiin osallistumasta Potter-fanitapahtumaan\" class=\"underline-custom !font-heading !font-bold !underline-offset-4 !decoration-4 !decoration-accent !text-md\" rel=\"nofollow noopener\" target=\"_blank\">Harry Potter -n\u00e4yttelij\u00e4n OnlyFans-tilist\u00e4 tuli seuraamuksia \u2013 kiellettiin osallistumasta Potter-fanitapahtumaan<\/a><\/p>\n","protected":false},"excerpt":{"rendered":"Harry Potter -elokuvista tuttu\u00a0Jessie Cave\u00a0kertoo Varietyn mukaan, ett\u00e4 OnlyFansiin liittyminen oli pakon sanelemaa. H\u00e4nell\u00e4 oli pieni rooli Potterin&hellip;\n","protected":false},"author":2,"featured_media":332734,"comment_status":"","ping_status":"","sticky":false,"template":"","format":"standard","meta":{"footnotes":"","_share_on_mastodon":"0"},"categories":[130],"tags":[137,33,31,30,4207,6302,3705,32,109],"class_list":["post-332733","post","type-post","status-publish","format-standard","has-post-thumbnail","category-viihde","tag-entertainment","tag-fi","tag-finland","tag-finnish","tag-harry-potter","tag-ignostot","tag-onlyfans","tag-suomi","tag-viihde"],"share_on_mastodon":{"url":"https:\/\/pubeurope.com\/@fi\/117152537959078359","error":""},"_links":{"self":[{"href":"https:\/\/www.europesays.com\/fi\/wp-json\/wp\/v2\/posts\/332733","targetHints":{"allow":["GET"]}}],"collection":[{"href":"https:\/\/www.europesays.com\/fi\/wp-json\/wp\/v2\/posts"}],"about":[{"href":"https:\/\/www.europesays.com\/fi\/wp-json\/wp\/v2\/types\/post"}],"author":[{"embeddable":true,"href":"https:\/\/www.europesays.com\/fi\/wp-json\/wp\/v2\/users\/2"}],"replies":[{"embeddable":true,"href":"https:\/\/www.europesays.com\/fi\/wp-json\/wp\/v2\/comments?post=332733"}],"version-history":[{"count":0,"href":"https:\/\/www.europesays.com\/fi\/wp-json\/wp\/v2\/posts\/332733\/revisions"}],"wp:featuredmedia":[{"embeddable":true,"href":"https:\/\/www.europesays.com\/fi\/wp-json\/wp\/v2\/media\/332734"}],"wp:attachment":[{"href":"https:\/\/www.europesays.com\/fi\/wp-json\/wp\/v2\/media?parent=332733"}],"wp:term":[{"taxonomy":"category","embeddable":true,"href":"https:\/\/www.europesays.com\/fi\/wp-json\/wp\/v2\/categories?post=332733"},{"taxonomy":"post_tag","embeddable":true,"href":"https:\/\/www.europesays.com\/fi\/wp-json\/wp\/v2\/tags?post=332733"}],"curies":[{"name":"wp","href":"https:\/\/api.w.org\/{rel}","templated":true}]}}