{"id":332783,"date":"2026-08-24T22:32:16","date_gmt":"2026-08-24T22:32:16","guid":{"rendered":"https:\/\/www.europesays.com\/fi\/332783\/"},"modified":"2026-08-24T22:32:16","modified_gmt":"2026-08-24T22:32:16","slug":"maanantain-lukuvinkit-kaupunki-valmistelee-stadionhankkeen-kilpailutusta-kuopiolaiset-kuulokkeet-halutaan-vieda-maailmalle-savo","status":"publish","type":"post","link":"https:\/\/www.europesays.com\/fi\/332783\/","title":{"rendered":"Maanantain lukuvinkit | Kaupunki valmistelee stadionhankkeen kilpailutusta, kuopiolaiset kuulokkeet halutaan vied\u00e4 maailmalle | Savo"},"content":{"rendered":"<p>Savon Sanomat julkaisee iltaisin koosteen p\u00e4iv\u00e4n kiinnostavimmista artikkeleista.<\/p>\n<p>Lue ainakin n\u00e4m\u00e4 jutut maanantailta.<\/p>\n<p>\t\t\t\tKuopiolainen yritys haluaa kansainv\u00e4liseksi kuulokebr\u00e4ndiksi<\/p>\n<p>Kaiun tarina alkoi hyvin vaatimattomasti. Laukkanen kehitti ensimm\u00e4isen kuulokemallin alun perin vain itselleen.<\/p>\n<p>\t\t\t\t\t<img class=\"diks-card__image\" src=\"https:\/\/www.europesays.com\/fi\/wp-content\/uploads\/2026\/08\/11631813.jpg\"   loading=\"lazy\" decoding=\"sync\" alt=\"\"\/><\/p>\n<p>\t\t\t\tMika Moring kommentoi Saara Arvan tapausta netiss\u00e4 nimimerkin takaa<\/p>\n<p>It\u00e4-Suomen poliisi selvitti henkirikostutkinnan aikana, ett\u00e4 Moring oli kirjoittanut sek\u00e4 ilman nimimerkki\u00e4 ett\u00e4 Armanmm-nimell\u00e4 useita kirjoituksia nettiin Arvan katoamisesta niin\u00e4 aikoina, kun h\u00e4n ei ollut vangittuna rikostutkinnan takia.<\/p>\n<p>\t\t\t\t\t<img class=\"diks-card__image\" src=\"https:\/\/www.europesays.com\/fi\/wp-content\/uploads\/2026\/08\/10468439.png\"   loading=\"lazy\" decoding=\"sync\" alt=\"\"\/><\/p>\n<p>\t\t\t\tKuopion stadionhankkeen kilpailutus l\u00e4htee k\u00e4yntiin pian<\/p>\n<p>Kaupunginhallituksen kes\u00e4kuussa hyv\u00e4ksym\u00e4n hankesuunnitelman mukaan Keskuskent\u00e4lle rakennetaan Uefan kategoria 4:n vaatimukset t\u00e4ytt\u00e4v\u00e4 stadion, jossa on noin 8\u2009000 istumapaikkaa. Kokonaisuus mahdollistaa my\u00f6s jopa 20\u2009000 hengen yleis\u00f6tapahtumat.<\/p>\n<p>\t\t\t\t\t<img class=\"diks-card__image\" src=\"https:\/\/www.europesays.com\/fi\/wp-content\/uploads\/2026\/08\/10441761.jpg\"   loading=\"lazy\" decoding=\"sync\" alt=\"\"\/><\/p>\n<p>\t\t\t\tN\u00e4k\u00f6kulma: Unnukka ei ole ollut koskaan niin tyhj\u00e4 kuin nyt<\/p>\n<p>Unnukan ravintolatilaan ei etsit\u00e4 yritt\u00e4j\u00e4\u00e4 avoimesti esimerkiksi Lepp\u00e4virran kunnan verkkosivuilla tai erilaisissa toimitilapalveluissa. Lepp\u00e4virran kunnan poliittisten p\u00e4\u00e4tt\u00e4jien keskuudessa on sellaistakin n\u00e4kemyst\u00e4, jonka mukaan koko paikka pit\u00e4isi jyr\u00e4t\u00e4 maan tasalle. <\/p>\n<p>\t\t\t\t\t<img class=\"diks-card__image\" src=\"https:\/\/www.europesays.com\/fi\/wp-content\/uploads\/2026\/08\/11631271.jpg\"   loading=\"lazy\" decoding=\"sync\" alt=\"\"\/><\/p>\n","protected":false},"excerpt":{"rendered":"Savon Sanomat julkaisee iltaisin koosteen p\u00e4iv\u00e4n kiinnostavimmista artikkeleista. Lue ainakin n\u00e4m\u00e4 jutut maanantailta. Kuopiolainen yritys haluaa kansainv\u00e4liseksi kuulokebr\u00e4ndiksi&hellip;\n","protected":false},"author":2,"featured_media":332784,"comment_status":"","ping_status":"","sticky":false,"template":"","format":"standard","meta":{"footnotes":"","_share_on_mastodon":"0"},"categories":[12],"tags":[36,542,22,23,26,27,33,31,30,17,753,615,96,757,24,25,28,29,15,18,21,3819,32,19,20,16],"class_list":["post-332783","post","type-post","status-publish","format-standard","has-post-thumbnail","category-suomi","tag-asuintalot-ja-asunnot","tag-asuminen","tag-breaking-news","tag-breakingnews","tag-featured-news","tag-featurednews","tag-fi","tag-finland","tag-finnish","tag-headlines","tag-kausimarjat","tag-koulut","tag-koulutus","tag-koulutus-ja-kasvatus","tag-latest-news","tag-latestnews","tag-main-news","tag-mainnews","tag-news","tag-otsikot","tag-paauutiset","tag-siilinjarvi","tag-suomi","tag-top-stories","tag-topstories","tag-uutiset"],"share_on_mastodon":{"url":"https:\/\/pubeurope.com\/@fi\/117152865036157378","error":""},"_links":{"self":[{"href":"https:\/\/www.europesays.com\/fi\/wp-json\/wp\/v2\/posts\/332783","targetHints":{"allow":["GET"]}}],"collection":[{"href":"https:\/\/www.europesays.com\/fi\/wp-json\/wp\/v2\/posts"}],"about":[{"href":"https:\/\/www.europesays.com\/fi\/wp-json\/wp\/v2\/types\/post"}],"author":[{"embeddable":true,"href":"https:\/\/www.europesays.com\/fi\/wp-json\/wp\/v2\/users\/2"}],"replies":[{"embeddable":true,"href":"https:\/\/www.europesays.com\/fi\/wp-json\/wp\/v2\/comments?post=332783"}],"version-history":[{"count":0,"href":"https:\/\/www.europesays.com\/fi\/wp-json\/wp\/v2\/posts\/332783\/revisions"}],"wp:featuredmedia":[{"embeddable":true,"href":"https:\/\/www.europesays.com\/fi\/wp-json\/wp\/v2\/media\/332784"}],"wp:attachment":[{"href":"https:\/\/www.europesays.com\/fi\/wp-json\/wp\/v2\/media?parent=332783"}],"wp:term":[{"taxonomy":"category","embeddable":true,"href":"https:\/\/www.europesays.com\/fi\/wp-json\/wp\/v2\/categories?post=332783"},{"taxonomy":"post_tag","embeddable":true,"href":"https:\/\/www.europesays.com\/fi\/wp-json\/wp\/v2\/tags?post=332783"}],"curies":[{"name":"wp","href":"https:\/\/api.w.org\/{rel}","templated":true}]}}