{"id":332841,"date":"2026-08-25T00:28:15","date_gmt":"2026-08-25T00:28:15","guid":{"rendered":"https:\/\/www.europesays.com\/fi\/332841\/"},"modified":"2026-08-25T00:28:15","modified_gmt":"2026-08-25T00:28:15","slug":"ylivieskan-saa-on-tassa-sievilainen-risto-suomala-asentaa-ylivieskan-havaintoaseman-uudet-laitteet-2","status":"publish","type":"post","link":"https:\/\/www.europesays.com\/fi\/332841\/","title":{"rendered":"\u201dYlivieskan s\u00e4\u00e4 on t\u00e4ss\u00e4\u201d &#8211; Sievil\u00e4inen Risto Suomala asentaa Ylivieskan havaintoaseman uudet laitteet"},"content":{"rendered":"<p>                                  Paikallisuutiset<\/p>\n<p>                <img loading=\"lazy\" decoding=\"async\" itemprop=\"contentUrl\" class=\"figure-img img-fluid\"  src=\"https:\/\/www.europesays.com\/fi\/wp-content\/uploads\/2026\/08\/1787617694_591_imengine.public.prod.hil.infomaker.io.jpeg\" width=\"8066\" height=\"4537\"  alt=\"\"\/><\/p>\n<p>                                    Ilmatieteen laitoksen suunnittelija Risto Suomala on asentanut Ylivieskan havaintoasemalle s\u00e4\u00e4suojan, jonka sis\u00e4lt\u00e4 mitataan l\u00e4mp\u00f6tilaa ja my\u00f6s kosteutta.<br \/>\n                                                    Kuva:<br \/>\n                    Emma Toikkanen<\/p>\n<p class=\"ew-preamble\" itemprop=\"description\">Ilmatieteen laitos uusii Ylivieskan havaintoaseman tekniikan, joka sijaitsee Lentoasemalla V\u00e4h\u00e4kankaalla. Onko Ylivieska jatkossa en\u00e4\u00e4 paikkakunta, jossa mitataan kes\u00e4n kuumin hellep\u00e4iv\u00e4?<\/p>\n<p>      MAINOS &#8211; juttu jatkuu mainoksen j\u00e4lkeen<\/p>\n<p>      MAINOS &#8211; mainos p\u00e4\u00e4ttyy<\/p>\n<p class=\"ew-body\">Ilmatieteen laitoksen lentos\u00e4\u00e4ryhm\u00e4n suunnittelija <strong id=\"strong-72a7e251dbbb8d85b2b9da65cb04ccb7\">Risto Suomala<\/strong> on asentamassa uusia mittalaitteita lentoasemalla.<\/p>\n<p class=\"ew-body\">\u2013 Ylivieskan l\u00e4mp\u00f6tila mitataan t\u00e4ll\u00e4 paikalla. Ylivieskan s\u00e4\u00e4 on t\u00e4ss\u00e4, Suomala polkaisee maata jalallaan.<\/p>\n<p class=\"ew-body\">Viime vuosina Ylivieskassa on usein mitattu enn\u00e4tyshelteit\u00e4, joiden ansiosta p<\/p>\n<p>  <a class=\"btn btn-secondary btn-icon-left\" href=\"#coral_thread\"><br \/>\n    <img decoding=\"async\" src=\"https:\/\/www.kalajokilaakso.fi\/wp-content\/themes\/hilla-theme\/assets\/img\/icon_comments.svg\" alt=\"\"\/><br \/>\n    Kommentoi<br \/>\n    \u00a0(0)<br \/>\n  <\/a><\/p>\n<p>  <a class=\"btn btn-secondary btn-icon-left mailto_web\" href=\"mailto:toimitus@kalajokilaakso.fi?subject=Ilmoita%20asiavirheest%C3%A4&amp;body=Otsikko%3A%20%E2%80%9DYlivieskan%20s%C3%A4%C3%A4%20on%20t%C3%A4ss%C3%A4%E2%80%9D%20-%20Sievil%C3%A4inen%20Risto%20Suomala%20asentaa%20Ylivieskan%20havaintoaseman%20uudet%20laitteet%0AUuid%3A%20fdc9ea29-4065-4117-900b-d873cb66f61e%0AUrl%3A%20https%3A%2F%2Fwww.kalajokilaakso.fi%2Fartikkeli%2Fylivieskan-saa-on-tassa-sievilainen-risto-suomala-asentaa-ylivieskan-havaintoaseman-uudet-laitte\"><br \/>\n    <img decoding=\"async\" src=\"https:\/\/www.kalajokilaakso.fi\/wp-content\/themes\/hilla-theme\/assets\/img\/icon_feedback.svg\" alt=\"\"\/><br \/>\n    Ilmoita asiavirheest\u00e4<br \/>\n  <\/a><\/p>\n","protected":false},"excerpt":{"rendered":"Paikallisuutiset Ilmatieteen laitoksen suunnittelija Risto Suomala on asentanut Ylivieskan havaintoasemalle s\u00e4\u00e4suojan, jonka sis\u00e4lt\u00e4 mitataan l\u00e4mp\u00f6tilaa ja my\u00f6s kosteutta.&hellip;\n","protected":false},"author":2,"featured_media":332842,"comment_status":"","ping_status":"","sticky":false,"template":"","format":"standard","meta":{"footnotes":"","_share_on_mastodon":"0"},"categories":[86],"tags":[420,33,31,30,421,32,91,92],"class_list":["post-332841","post","type-post","status-publish","format-standard","has-post-thumbnail","category-laitteet","tag-equipment","tag-fi","tag-finland","tag-finnish","tag-laitteet","tag-suomi","tag-technology","tag-teknologia"],"share_on_mastodon":{"url":"https:\/\/pubeurope.com\/@fi\/117153321013497475","error":""},"_links":{"self":[{"href":"https:\/\/www.europesays.com\/fi\/wp-json\/wp\/v2\/posts\/332841","targetHints":{"allow":["GET"]}}],"collection":[{"href":"https:\/\/www.europesays.com\/fi\/wp-json\/wp\/v2\/posts"}],"about":[{"href":"https:\/\/www.europesays.com\/fi\/wp-json\/wp\/v2\/types\/post"}],"author":[{"embeddable":true,"href":"https:\/\/www.europesays.com\/fi\/wp-json\/wp\/v2\/users\/2"}],"replies":[{"embeddable":true,"href":"https:\/\/www.europesays.com\/fi\/wp-json\/wp\/v2\/comments?post=332841"}],"version-history":[{"count":0,"href":"https:\/\/www.europesays.com\/fi\/wp-json\/wp\/v2\/posts\/332841\/revisions"}],"wp:featuredmedia":[{"embeddable":true,"href":"https:\/\/www.europesays.com\/fi\/wp-json\/wp\/v2\/media\/332842"}],"wp:attachment":[{"href":"https:\/\/www.europesays.com\/fi\/wp-json\/wp\/v2\/media?parent=332841"}],"wp:term":[{"taxonomy":"category","embeddable":true,"href":"https:\/\/www.europesays.com\/fi\/wp-json\/wp\/v2\/categories?post=332841"},{"taxonomy":"post_tag","embeddable":true,"href":"https:\/\/www.europesays.com\/fi\/wp-json\/wp\/v2\/tags?post=332841"}],"curies":[{"name":"wp","href":"https:\/\/api.w.org\/{rel}","templated":true}]}}