{"id":332845,"date":"2026-08-25T00:38:16","date_gmt":"2026-08-25T00:38:16","guid":{"rendered":"https:\/\/www.europesays.com\/fi\/332845\/"},"modified":"2026-08-25T00:38:16","modified_gmt":"2026-08-25T00:38:16","slug":"il-seela-sella-sairaalaan-teatteriesitykset-peruttu","status":"publish","type":"post","link":"https:\/\/www.europesays.com\/fi\/332845\/","title":{"rendered":"IL: Seela Sella sairaalaan &#8211; teatteriesitykset peruttu"},"content":{"rendered":"<p>\n            20251024, Helsinki. Helsingin Kirjamessut. Kuvassa Seela Sella.<br \/>\n            Timo Korhonen\n        <\/p>\n<p class=\"subtitle \">Kev\u00e4\u00e4ll\u00e4 sy\u00f6p\u00e4diagnoosin saaneen n\u00e4yttelij\u00e4legendan Seela Sellan vointi on huonontunut.<\/p>\n<p class=\"article-content article-content-width !bg-background\">N\u00e4yttelij\u00e4 , 89, on t\u00e4hditt\u00e4nyt eri kaupungeissa kiert\u00e4v\u00e4\u00e4\u00a0Rakkauskirjeit\u00e4-n\u00e4ytelm\u00e4\u00e4. Viime viikonlopun n\u00e4yt\u00f6kset Teatteri Vantaassa jouduttiin kuitenkin perumaan.<\/p>\n<p class=\"font-weight-bold m-font-weight-bold article-content article-content-width !bg-background\">Video: Seela Sella rohkaisee el\u00e4m\u00e4\u00e4n<\/p>\n<p class=\"article-content article-content-width !bg-background\"><a href=\"https:\/\/www.iltalehti.fi\/viihdeuutiset\/a\/ad882fb7-8391-4de7-a56e-f6cfef184909\" target=\"_blank\" rel=\"nofollow noopener\">Nyt Seela kertoo Iltalehdess\u00e4<\/a> joutuneensa sairaalahoitoon. H\u00e4n kertoo lehdelle p\u00e4\u00e4sev\u00e4ns\u00e4 keskiviikkona kuvaukseen, jolloin tilanteesta saadaan lis\u00e4tietoa.\u00a0<\/p>\n<p class=\"article-content article-content-width !bg-background\">Alanielun sy\u00f6p\u00e4diagnoosin kev\u00e4\u00e4ll\u00e4 saanut Seela kuvailee haastattelussa nielun olevan nyt hyvin kipe\u00e4.\u00a0<\/p>\n<p>        <a itemprop=\"url\" href=\"https:\/\/www.seiska.fi\/kotimaa\/syopaan-sairastunut-seela-sella-kertoo-voinnistaan\/2215401\" rel=\"nofollow noopener\" target=\"_blank\"><\/p>\n<p>\nSy\u00f6p\u00e4\u00e4n sairastunut Seela Sella\n<\/p>\n<p class=\"section-date\">\n        <strong class=\"article-section\" data-section=\"kotimaa\"><br \/>\n            kotimaa<br \/>\n        <\/strong><br \/>\n        3.8. 14:04\n    <\/p>\n<p>Sy\u00f6p\u00e4\u00e4n sairastunut Seela Sella kertoo voinnistaan\n    <\/p>\n<p itemprop=\"description\" class=\"subtitle \">\n    N\u00e4yttelij\u00e4legenda Seela Sella puhuu sy\u00f6v\u00e4st\u00e4 rehellisesti ja kaunistelematta. Lopuksi h\u00e4n haluaa kiitt\u00e4\u00e4 kaikkia h\u00e4nt\u00e4 tukeneita ihmisi\u00e4.\n<\/p>\n<p>        <\/a><\/p>\n<p>Ik\u00e4vi\u00e4 haittavaikutuksia<\/p>\n<p class=\"article-content article-content-width !bg-background\">Seela kertoi kev\u00e4\u00e4ll\u00e4 Seiskalle s\u00e4dehoidoistaan, jotka loppuivat kes\u00e4kuussa. Sen j\u00e4lkeen h\u00e4n on k\u00e4rsinyt erilaisista haittavaikutuksista. Iltalehden mukaan h\u00e4nen puheensa on vaikeutunut ja \u00e4\u00e4ni rasittuu helposti.\u00a0<\/p>\n<p class=\"article-content article-content-width !bg-background\"> \u2013 T\u00e4m\u00e4 on t\u00e4mm\u00f6ist\u00e4. Itse sy\u00f6p\u00e4 ja s\u00e4dehoidot olivat lastenleikki\u00e4 verrattuna n\u00e4ihin seurauksiin. Nyt alkaa niiden kanssa tappelu, Seela kommentoi IL:ss\u00e4.<\/p>\n<p>        <a itemprop=\"url\" href=\"https:\/\/www.seiska.fi\/kotimaa\/syopaan-sairastunut-seela-sella-paljastus-tulevasta\/2215404\" rel=\"nofollow noopener\" target=\"_blank\"><\/p>\n<p>\nSy\u00f6p\u00e4\u00e4n sairastunut Seela Sella\n<\/p>\n<p class=\"section-date\">\n        <strong class=\"article-section\" data-section=\"kotimaa\"><br \/>\n            kotimaa<br \/>\n        <\/strong><br \/>\n        4.8. 19:00\n    <\/p>\n<p>Sy\u00f6p\u00e4\u00e4n sairastunut Seela Sella: Paljastus tulevasta\n    <\/p>\n<p itemprop=\"description\" class=\"subtitle \">\n    N\u00e4yttelij\u00e4legenda Seela Sella puhuu teatterista kuin el\u00e4m\u00e4neliksiirist\u00e4. Lavalle menoa h\u00e4n ei pelk\u00e4\u00e4, vaan tuntee p\u00e4\u00e4sev\u00e4ns\u00e4 kotiin.\n<\/p>\n<p>        <\/a><\/p>\n<p>                <img decoding=\"async\" src=\"https:\/\/www.europesays.com\/fi\/wp-content\/uploads\/2026\/08\/1933722.webp\" width=\"576\" height=\"274\" alt=\"Seela esiintyy Rakkauskirjeit\u00e4-n\u00e4ytelm\u00e4ss\u00e4 yhdess\u00e4 Esko Roineen kanssa.\" loading=\"lazy\" \/>            <\/p>\n<p>\n            Seela esiintyy Rakkauskirjeit\u00e4-n\u00e4ytelm\u00e4ss\u00e4 yhdess\u00e4 Esko Roineen kanssa.<br \/>\n            ATTE KAJOVA\n        <\/p>\n<p>&#8221;Jos silloin el\u00e4n&#8230;&#8221;<\/p>\n<p class=\"article-content article-content-width !bg-background\">Rakkauskirjeit\u00e4-n\u00e4yt\u00f6s on nyt siirretty syyskuun 1. p\u00e4iv\u00e4\u00e4n. Sama esitys jouduttiin perumaan my\u00f6s kev\u00e4\u00e4ll\u00e4 Seelan sairastumisen vuoksi.\u00a0\u00a0<\/p>\n<p class=\"article-content article-content-width !bg-background\"> N\u00e4yttelij\u00e4konkarilla on kova palo p\u00e4\u00e4st\u00e4 jatkamaan teatteriesityksi\u00e4.\u00a0Seiskalle h\u00e4n puhui suhteestaan teatteriin vain muutama viikko sitten.<\/p>\n<p class=\"article-content article-content-width !bg-background\">\u2013 M\u00e4 p\u00e4\u00e4sen kotiin. Lava on mun koti. Teatteri on mun koti.<\/p>\n<p class=\"article-content article-content-width !bg-background\">\u00a0Seela t\u00e4ytt\u00e4\u00e4 30. joulukuuta kunnioitettavat 90 vuotta.<\/p>\n<p class=\"article-content article-content-width !bg-background\">\u2013 Jos silloin el\u00e4n, niin on juhlat, ett\u00e4s tied\u00e4tte, h\u00e4n linjasi Seiskan haastattelussa huhtikuussa.\u00a0<\/p>\n<p>        <a itemprop=\"url\" href=\"https:\/\/www.seiska.fi\/vain-seiskassa\/esko-roine-81-tukeutui-apuvalineeseen-kuva\/2231067\" rel=\"nofollow noopener\" target=\"_blank\"><\/p>\n<p>\nEsko Roine, 81\n<\/p>\n<p class=\"section-date\">\n        <strong class=\"article-section\" data-section=\"vain seiskassa\"><br \/>\n            vain seiskassa<br \/>\n        <\/strong><br \/>\n        17.8. 06:00\n    <\/p>\n<p>Esko Roine, 81, tukeutui apuv\u00e4lineeseen \u2013 kuva\n    <\/p>\n<p itemprop=\"description\" class=\"subtitle \">\n    Viel\u00e4 kes\u00e4ll\u00e4 Esko seisoi tukevasti kahdella jalalla.\n<\/p>\n<p>        <\/a><\/p>\n","protected":false},"excerpt":{"rendered":"20251024, Helsinki. Helsingin Kirjamessut. Kuvassa Seela Sella. Timo Korhonen Kev\u00e4\u00e4ll\u00e4 sy\u00f6p\u00e4diagnoosin saaneen n\u00e4yttelij\u00e4legendan Seela Sellan vointi on huonontunut.&hellip;\n","protected":false},"author":2,"featured_media":332846,"comment_status":"","ping_status":"","sticky":false,"template":"","format":"standard","meta":{"footnotes":"","_share_on_mastodon":"0"},"categories":[130],"tags":[137,33,31,30,41465,41466,1304,9030,10494,32,1469,3336,167,109],"class_list":["post-332845","post","type-post","status-publish","format-standard","has-post-thumbnail","category-viihde","tag-entertainment","tag-fi","tag-finland","tag-finnish","tag-rakkauskirjeita","tag-rakkauskirjeita-naytelma","tag-sairaala","tag-sairaalahoito","tag-seela-sella","tag-suomi","tag-syopa","tag-teatteri","tag-terveys","tag-viihde"],"share_on_mastodon":{"url":"https:\/\/pubeurope.com\/@fi\/117153360059117282","error":""},"_links":{"self":[{"href":"https:\/\/www.europesays.com\/fi\/wp-json\/wp\/v2\/posts\/332845","targetHints":{"allow":["GET"]}}],"collection":[{"href":"https:\/\/www.europesays.com\/fi\/wp-json\/wp\/v2\/posts"}],"about":[{"href":"https:\/\/www.europesays.com\/fi\/wp-json\/wp\/v2\/types\/post"}],"author":[{"embeddable":true,"href":"https:\/\/www.europesays.com\/fi\/wp-json\/wp\/v2\/users\/2"}],"replies":[{"embeddable":true,"href":"https:\/\/www.europesays.com\/fi\/wp-json\/wp\/v2\/comments?post=332845"}],"version-history":[{"count":0,"href":"https:\/\/www.europesays.com\/fi\/wp-json\/wp\/v2\/posts\/332845\/revisions"}],"wp:featuredmedia":[{"embeddable":true,"href":"https:\/\/www.europesays.com\/fi\/wp-json\/wp\/v2\/media\/332846"}],"wp:attachment":[{"href":"https:\/\/www.europesays.com\/fi\/wp-json\/wp\/v2\/media?parent=332845"}],"wp:term":[{"taxonomy":"category","embeddable":true,"href":"https:\/\/www.europesays.com\/fi\/wp-json\/wp\/v2\/categories?post=332845"},{"taxonomy":"post_tag","embeddable":true,"href":"https:\/\/www.europesays.com\/fi\/wp-json\/wp\/v2\/tags?post=332845"}],"curies":[{"name":"wp","href":"https:\/\/api.w.org\/{rel}","templated":true}]}}