{"id":332935,"date":"2026-08-25T03:47:13","date_gmt":"2026-08-25T03:47:13","guid":{"rendered":"https:\/\/www.europesays.com\/fi\/332935\/"},"modified":"2026-08-25T03:47:13","modified_gmt":"2026-08-25T03:47:13","slug":"poliitikot-kasittelevat-tanaan-kiisteltya-suunnitelmaa-koteja-jopa-40-000-ihmiselle-paikalliset","status":"publish","type":"post","link":"https:\/\/www.europesays.com\/fi\/332935\/","title":{"rendered":"Poliitikot k\u00e4sittelev\u00e4t t\u00e4n\u00e4\u00e4n kiistelty\u00e4 suunnitelmaa &#8211; koteja jopa 40 000 ihmiselle | Paikalliset"},"content":{"rendered":"<p>Sipoon rajalla olevaan \u00d6stersundomiin suunnitellaan luonnonl\u00e4heist\u00e4 ja monipuolista asuinaluetta raideliikenteen varrelle.<\/p>\n<p>Kaava mahdollistaisi noin 30 000\u201340 000 asukkaan ja 4000\u20136000 ty\u00f6paikan alueen rakentamisen It\u00e4-Helsinkiin. Alueen kehitt\u00e4misess\u00e4 painotetaan luontoarvojen s\u00e4ilytt\u00e4mist\u00e4: noin kolmannes alueesta osoitettaisiin luonnonsuojelualueiksi ja toinen kolmannes virkistysalueiksi.<\/p>\n<p>Suojeltujen luontoalueiden pinta-ala yli kaksinkertaistuisi nykyisest\u00e4 l\u00e4hes 1000 hehtaariin, kaupunki laskee.<\/p>\n<p>Suunnitelmat ovat her\u00e4tt\u00e4neet paljon keskustelua. <a href=\"https:\/\/www.helsinginuutiset.fi\/paikalliset\/9709218\" rel=\"nofollow noopener\" target=\"_blank\">Vihre\u00e4t ovat vastustaneet<\/a> nykyist\u00e4 suunnitelmaa. <a href=\"https:\/\/www.helsinginuutiset.fi\/paikalliset\/9711853\" rel=\"nofollow noopener\" target=\"_blank\">Esimerkiksi SDP on taas suopeampi.<\/a><\/p>\n<p>Asemakaavaa k\u00e4sitell\u00e4\u00e4n tiistaina 25.8. kaupunkiymp\u00e4rist\u00f6lautakunnassa. Asia j\u00e4i viime viikon kokouksessa p\u00f6yd\u00e4lle.<\/p>\n<p>\t\t\t\t\t<img class=\"diks-card__image\" src=\"https:\/\/www.europesays.com\/fi\/wp-content\/uploads\/2026\/08\/1787629633_763_11473572.jpg\"   loading=\"lazy\" decoding=\"sync\" alt=\"\"\/><\/p>\n<p>\t\t\t\t\t<img class=\"diks-card__image\" src=\"https:\/\/www.europesays.com\/fi\/wp-content\/uploads\/2026\/08\/1787629633_763_11473572.jpg\"   loading=\"lazy\" decoding=\"sync\" alt=\"\"\/><\/p>\n","protected":false},"excerpt":{"rendered":"Sipoon rajalla olevaan \u00d6stersundomiin suunnitellaan luonnonl\u00e4heist\u00e4 ja monipuolista asuinaluetta raideliikenteen varrelle. Kaava mahdollistaisi noin 30 000\u201340 000 asukkaan&hellip;\n","protected":false},"author":2,"featured_media":332936,"comment_status":"","ping_status":"","sticky":false,"template":"","format":"standard","meta":{"footnotes":"","_share_on_mastodon":"0"},"categories":[12],"tags":[29949,22,23,26,27,33,31,30,17,405,104,3742,24,25,28,29,15,18,21,637,402,2293,32,19,20,16],"class_list":["post-332935","post","type-post","status-publish","format-standard","has-post-thumbnail","category-suomi","tag-ai-uutiset","tag-breaking-news","tag-breakingnews","tag-featured-news","tag-featurednews","tag-fi","tag-finland","tag-finnish","tag-headlines","tag-helsingin-seutukunta","tag-helsinki","tag-kaupunkialue","tag-latest-news","tag-latestnews","tag-main-news","tag-mainnews","tag-news","tag-otsikot","tag-paauutiset","tag-politiikka","tag-rakentaminen-kiinteistot","tag-sipoo","tag-suomi","tag-top-stories","tag-topstories","tag-uutiset"],"share_on_mastodon":{"url":"https:\/\/pubeurope.com\/@fi\/117154103040770831","error":""},"_links":{"self":[{"href":"https:\/\/www.europesays.com\/fi\/wp-json\/wp\/v2\/posts\/332935","targetHints":{"allow":["GET"]}}],"collection":[{"href":"https:\/\/www.europesays.com\/fi\/wp-json\/wp\/v2\/posts"}],"about":[{"href":"https:\/\/www.europesays.com\/fi\/wp-json\/wp\/v2\/types\/post"}],"author":[{"embeddable":true,"href":"https:\/\/www.europesays.com\/fi\/wp-json\/wp\/v2\/users\/2"}],"replies":[{"embeddable":true,"href":"https:\/\/www.europesays.com\/fi\/wp-json\/wp\/v2\/comments?post=332935"}],"version-history":[{"count":0,"href":"https:\/\/www.europesays.com\/fi\/wp-json\/wp\/v2\/posts\/332935\/revisions"}],"wp:featuredmedia":[{"embeddable":true,"href":"https:\/\/www.europesays.com\/fi\/wp-json\/wp\/v2\/media\/332936"}],"wp:attachment":[{"href":"https:\/\/www.europesays.com\/fi\/wp-json\/wp\/v2\/media?parent=332935"}],"wp:term":[{"taxonomy":"category","embeddable":true,"href":"https:\/\/www.europesays.com\/fi\/wp-json\/wp\/v2\/categories?post=332935"},{"taxonomy":"post_tag","embeddable":true,"href":"https:\/\/www.europesays.com\/fi\/wp-json\/wp\/v2\/tags?post=332935"}],"curies":[{"name":"wp","href":"https:\/\/api.w.org\/{rel}","templated":true}]}}