{"id":332951,"date":"2026-08-25T04:14:14","date_gmt":"2026-08-25T04:14:14","guid":{"rendered":"https:\/\/www.europesays.com\/fi\/332951\/"},"modified":"2026-08-25T04:14:14","modified_gmt":"2026-08-25T04:14:14","slug":"airiston-helmi-ja-venalaismiljonaari-taas-oikeudessa-hovioikeus-alkaa-kasitella-talousrikosvyyhtia-varsinais-suomi","status":"publish","type":"post","link":"https:\/\/www.europesays.com\/fi\/332951\/","title":{"rendered":"Airiston Helmi ja ven\u00e4l\u00e4is\u00admiljon\u00e4\u00e4ri taas oikeudessa \u2013 hovioikeus alkaa k\u00e4sitell\u00e4 talousrikos\u00advyyhti\u00e4 | Varsinais-Suomi"},"content":{"rendered":"<p class=\"aw__sc-1qwuw0s-0 aw__sc-1vg2sqm-0 epAWpq ecELkD yle__article__paragraph\">Ven\u00e4l\u00e4is\u00admiljon\u00e4\u00e4ri Pavel Melnikovia odotetaan paikalle Turun hovioikeuteen my\u00f6hemmin.<\/p>\n<p><img decoding=\"async\" alt=\"Ven\u00e4l\u00e4ismies pitelee yrityksens\u00e4 esitett\u00e4 oikeudessa.\" src=\"https:\/\/www.europesays.com\/fi\/wp-content\/uploads\/2026\/08\/1704711114.jpeg\" class=\"aw__sc-dklauk-0 LPzKX\"\/><\/p>\n<p>Avaa kuvien katselu<\/p>\n<p>Pavel Melnikov k\u00e4r\u00e4j\u00e4oikeuden salissa vuonna 2024. Kuva: Hannu V\u00e4h\u00e4m\u00e4ki \/ Yle<\/p>\n<ul class=\"aw__sc-1yb43iq-0 gFXHv yle__article__list yle__article__list--ul\">\n<li class=\"aw__sc-1yb43iq-1 gVAzbt\">Airiston Helmen talousrikosvyyhdin k\u00e4sittely alkaa t\u00e4n\u00e4\u00e4n hovioikeudessa. Sek\u00e4 Pavel Melnikov ett\u00e4 syytt\u00e4j\u00e4 valittivat k\u00e4r\u00e4j\u00e4tuomiosta.<\/li>\n<li class=\"aw__sc-1yb43iq-1 gVAzbt\">K\u00e4r\u00e4j\u00e4oikeus tuomitsi ven\u00e4l\u00e4ismiljon\u00e4\u00e4ri Melnikovin 1,5 vuoden ehdolliseen vankeuteen t\u00f6rke\u00e4st\u00e4 veropetoksesta ja t\u00f6rke\u00e4st\u00e4 kirjanpitorikoksesta.<\/li>\n<li class=\"aw__sc-1yb43iq-1 gVAzbt\">Syytt\u00e4j\u00e4 vaatii tuomiota ja rangaistuksen koventamista. Puolustus vaatii syytteiden hylk\u00e4\u00e4mist\u00e4.<\/li>\n<\/ul>\n<p class=\"aw__sc-1qwuw0s-0 aw__sc-ngllmo-0 epAWpq fzYpjk yle__article__paragraph\">Airiston Helmen talousrikosvyyhdin k\u00e4sittely alkaa Turun hovioikeudessa t\u00e4n\u00e4\u00e4n.<\/p>\n<p class=\"aw__sc-1qwuw0s-0 aw__sc-ngllmo-0 epAWpq fzYpjk yle__article__paragraph\">Valtava talousrikoskokonaisuus eteni hovioikeuteen, koska sek\u00e4 Airiston Helmen omistaja, ven\u00e4l\u00e4ismiljon\u00e4\u00e4ri <strong class=\"aw__sc-ngllmo-2 gdRrun yle__article__strong\">Pavel Melnikov<\/strong> ett\u00e4 syytt\u00e4j\u00e4 valitti <a class=\"aw__sc-ngllmo-1 bTDnwX yle__article__link\" href=\"https:\/\/yle.fi\/a\/74-20145596\" role=\"link\" rel=\"nofollow noopener\" target=\"_blank\">k\u00e4r\u00e4j\u00e4oikeuden viimevuotisesta tuomiosta<\/a>.<\/p>\n<p class=\"aw__sc-1qwuw0s-0 aw__sc-ngllmo-0 epAWpq fzYpjk yle__article__paragraph\">K\u00e4r\u00e4j\u00e4oikeus tuomitsi Melnikovin t\u00f6rke\u00e4st\u00e4 veropetoksesta ja t\u00f6rke\u00e4st\u00e4 kirjanpitorikoksesta vuoden ja kuuden kuukauden mittaiseen ehdolliseen vankeustuomioon. Syyte t\u00f6rke\u00e4st\u00e4 ty\u00f6el\u00e4kevakuutus\u00admaksupetoksesta hyl\u00e4ttiin.<\/p>\n<p class=\"aw__sc-1qwuw0s-0 aw__sc-ngllmo-0 epAWpq fzYpjk yle__article__paragraph\">Erikoissyytt\u00e4j\u00e4 <strong class=\"aw__sc-ngllmo-2 gdRrun yle__article__strong\">Petri Rautio<\/strong> kertoo, ett\u00e4 hovioikeudessa vaaditaan tuomiota tietyist\u00e4 syytekohdista ja lis\u00e4ksi rangaistuksen koventamista.<\/p>\n<p class=\"aw__sc-1qwuw0s-0 aw__sc-ngllmo-0 epAWpq fzYpjk yle__article__paragraph\">\u2013 Syytt\u00e4j\u00e4t vaativat tuomiota t\u00f6rke\u00e4st\u00e4 veropetoksesta, t\u00f6rke\u00e4st\u00e4 kirjanpitorikoksesta ja t\u00f6rke\u00e4st\u00e4 ty\u00f6el\u00e4kevakuutusmaksupetoksesta. Sitten t\u00e4ss\u00e4 ovat Airiston Helmen ty\u00f6ntekij\u00f6ihin kohdistuvat rangaistusvaatimukset pimeisiin palkkoihin liittyen.<\/p>\n<p class=\"aw__sc-1qwuw0s-0 aw__sc-ngllmo-0 epAWpq fzYpjk yle__article__paragraph\">Pavel Melnikovin puolustus vaatii syytteiden hylk\u00e4\u00e4mist\u00e4 hovioikeudessa, kertoo laamanni <strong class=\"aw__sc-ngllmo-2 gdRrun yle__article__strong\">Kai Kotiranta<\/strong>.<\/p>\n<p class=\"aw__sc-1qwuw0s-0 aw__sc-ngllmo-0 epAWpq fzYpjk yle__article__paragraph\">\u2013 Puolustus l\u00e4htee siit\u00e4, ett\u00e4 kaikki syytteet ovat perusteettomia, my\u00f6s silt\u00e4 osin kuin syytteet on hyv\u00e4ksytty ja Melnikoville syyksi luettu k\u00e4r\u00e4j\u00e4oikeusvaiheessa. Ne tulee hovioikeudessa kokonaan hyl\u00e4t\u00e4, tiivist\u00e4\u00e4 Kotiranta puolustuksen vaatimukset.<\/p>\n<p class=\"aw__sc-1qwuw0s-0 aw__sc-ngllmo-0 epAWpq fzYpjk yle__article__paragraph\">Kotirannan mukaan ven\u00e4l\u00e4ismiljon\u00e4\u00e4ri n\u00e4hd\u00e4\u00e4n oikeudessa paikanp\u00e4\u00e4ll\u00e4 my\u00f6hemmin oikeudenk\u00e4ynnin aikana.<\/p>\n<p>J\u00e4rjest\u00e4ytynyt rikollisryhm\u00e4 unohdettu<\/p>\n<p class=\"aw__sc-1qwuw0s-0 aw__sc-ngllmo-0 epAWpq fzYpjk yle__article__paragraph\">K\u00e4r\u00e4j\u00e4oikeudessa huomiota her\u00e4tti syytt\u00e4jien n\u00e4kemys j\u00e4rjest\u00e4ytyneest\u00e4 rikollisorganisaation toiminnasta Airiston Helmess\u00e4. K\u00e4r\u00e4j\u00e4oikeus ei katsonut n\u00e4kemyst\u00e4 uskottavaksi ja hylk\u00e4si sen.<\/p>\n<p class=\"aw__sc-1qwuw0s-0 aw__sc-ngllmo-0 epAWpq fzYpjk yle__article__paragraph\">Siksi syytt\u00e4j\u00e4t luopuivat t\u00e4st\u00e4, kertoo Rautio.<\/p>\n<p class=\"aw__sc-1qwuw0s-0 aw__sc-ngllmo-0 epAWpq fzYpjk yle__article__paragraph\">\u2013 Syytt\u00e4j\u00e4t eiv\u00e4t vaadi en\u00e4\u00e4 rangaistusta ja sen koventamisperustetta j\u00e4rjest\u00e4ytyneen rikollisryhm\u00e4n perusteella. Syytt\u00e4j\u00e4 tyytyy k\u00e4r\u00e4j\u00e4oikeuden syyksi lukemiseen t\u00e4lt\u00e4 osin, Rautio vahvistaa.<\/p>\n<p class=\"aw__sc-1qwuw0s-0 aw__sc-ngllmo-0 epAWpq fzYpjk yle__article__paragraph\">Kotiranta kertoo olevansa tyytyv\u00e4inen ratkaisuun.<\/p>\n<p class=\"aw__sc-1qwuw0s-0 aw__sc-ngllmo-0 epAWpq fzYpjk yle__article__paragraph\">\u2013 T\u00e4llaisten v\u00e4itteiden torjuminen uudelleen hovioikeusvaiheessa olisi ollut todella turhauttavaa. Jo k\u00e4r\u00e4j\u00e4oikeudessa olimme sit\u00e4 mielt\u00e4, ett\u00e4 syytt\u00e4j\u00e4n esitt\u00e4m\u00e4 ajatus ei voi mitenk\u00e4\u00e4n olla mahdollinen.<\/p>\n<p class=\"aw__sc-1qwuw0s-0 aw__sc-ngllmo-0 epAWpq fzYpjk yle__article__paragraph\">Kotiranta kuvailee valtavaa mediajulkisuutta saanutta Airiston Helme\u00e4 nyt varsin tavalliseksi talousrikosoikeudenk\u00e4ynniksi.<\/p>\n<p>Pavel Melnikov (vas.) oli oikeuden kuultavana tammikuussa 2024. Videolla sek\u00e4 puolustuksen ett\u00e4 syytt\u00e4j\u00e4n arviot annetusta tuomiosta. Video: Yle<\/p>\n<p class=\"aw__sc-1qwuw0s-0 aw__sc-ngllmo-0 epAWpq fzYpjk yle__article__paragraph\">Melnikovin lis\u00e4ksi syytettyn\u00e4 on nelj\u00e4 muuta henkil\u00f6\u00e4. K\u00e4r\u00e4j\u00e4oikeudessa ven\u00e4l\u00e4is- tai ukrainalaistaustaisille henkil\u00f6ille vaadittiin erimittaisia ehdottomia vankeusrangaistuksia, mutta syytteet hyl\u00e4ttiin.<\/p>\n<p class=\"aw__sc-1qwuw0s-0 aw__sc-ngllmo-0 epAWpq fzYpjk yle__article__paragraph\">Airiston Helme\u00e4 on seurattu julkisuudessa vuosia. Tapaus alkoi n\u00e4ytt\u00e4v\u00e4sti vuonna 2018, kun <a class=\"aw__sc-ngllmo-1 bTDnwX yle__article__link\" href=\"https:\/\/yle.fi\/a\/3-10418932\" role=\"link\" rel=\"nofollow noopener\" target=\"_blank\">poliisi teki iskun<\/a> Airiston Helmi -yhti\u00f6n kiinteist\u00f6ihin Turun saaristossa.<\/p>\n<p><img decoding=\"async\" alt=\"Saari josta l\u00e4htee kaksi pitk\u00e4\u00e4 laituria ilmasta kuvattuna.\" src=\"https:\/\/www.europesays.com\/fi\/wp-content\/uploads\/2026\/08\/1648539060.jpeg\" loading=\"lazy\" class=\"aw__sc-dklauk-0 LPzKX\"\/><\/p>\n<p>Avaa kuvien katselu<\/p>\n<p>Airiston Helmi omisti useita kiinteist\u00f6j\u00e4 Turun Saaristossa. Osa kiinteist\u00f6st\u00e4 on poliisitutkinnan ja oikeudenk\u00e4ynnin aikana myyty. Arkistokuva. Kuva: Lassi L\u00e4hteenm\u00e4ki \/ Yle<\/p>\n<p class=\"aw__sc-1qwuw0s-0 aw__sc-ngllmo-0 epAWpq fzYpjk yle__article__paragraph\">K\u00e4r\u00e4j\u00e4oikeus kertoi viime vuonna, ett\u00e4 oikeuden asiakirjoja talousrikoksiin liittyen oli yli 9\u00a0000 sivua.<\/p>\n<p class=\"aw__sc-1qwuw0s-0 aw__sc-ngllmo-0 epAWpq fzYpjk yle__article__paragraph\">Asian k\u00e4sittelyyn Turun hovioikeudessa on varattu runsaat 20 p\u00e4iv\u00e4\u00e4.<\/p>\n","protected":false},"excerpt":{"rendered":"Ven\u00e4l\u00e4is\u00admiljon\u00e4\u00e4ri Pavel Melnikovia odotetaan paikalle Turun hovioikeuteen my\u00f6hemmin. Avaa kuvien katselu Pavel Melnikov k\u00e4r\u00e4j\u00e4oikeuden salissa vuonna 2024. Kuva:&hellip;\n","protected":false},"author":2,"featured_media":332952,"comment_status":"","ping_status":"","sticky":false,"template":"","format":"standard","meta":{"footnotes":"","_share_on_mastodon":"0"},"categories":[5],"tags":[41471,22,23,26,27,33,31,30,17,71,24,25,28,29,15,18,21,1249,581,1263,32,8496,19,20,662,9291,11664,16,6472,663,9162],"class_list":["post-332951","post","type-post","status-publish","format-standard","has-post-thumbnail","category-otsikot","tag-airiston-helmi","tag-breaking-news","tag-breakingnews","tag-featured-news","tag-featurednews","tag-fi","tag-finland","tag-finnish","tag-headlines","tag-kotimaa","tag-latest-news","tag-latestnews","tag-main-news","tag-mainnews","tag-news","tag-otsikot","tag-paauutiset","tag-parainen","tag-rikokset","tag-rikosepailyt","tag-suomi","tag-talousrikokset","tag-top-stories","tag-topstories","tag-turku","tag-turun-hovioikeus","tag-turun-saaristo","tag-uutiset","tag-varsinais-suomen-karajaoikeus","tag-varsinais-suomi","tag-verorikokset"],"share_on_mastodon":{"url":"","error":"Validation failed: Text character limit of 500 exceeded"},"_links":{"self":[{"href":"https:\/\/www.europesays.com\/fi\/wp-json\/wp\/v2\/posts\/332951","targetHints":{"allow":["GET"]}}],"collection":[{"href":"https:\/\/www.europesays.com\/fi\/wp-json\/wp\/v2\/posts"}],"about":[{"href":"https:\/\/www.europesays.com\/fi\/wp-json\/wp\/v2\/types\/post"}],"author":[{"embeddable":true,"href":"https:\/\/www.europesays.com\/fi\/wp-json\/wp\/v2\/users\/2"}],"replies":[{"embeddable":true,"href":"https:\/\/www.europesays.com\/fi\/wp-json\/wp\/v2\/comments?post=332951"}],"version-history":[{"count":0,"href":"https:\/\/www.europesays.com\/fi\/wp-json\/wp\/v2\/posts\/332951\/revisions"}],"wp:featuredmedia":[{"embeddable":true,"href":"https:\/\/www.europesays.com\/fi\/wp-json\/wp\/v2\/media\/332952"}],"wp:attachment":[{"href":"https:\/\/www.europesays.com\/fi\/wp-json\/wp\/v2\/media?parent=332951"}],"wp:term":[{"taxonomy":"category","embeddable":true,"href":"https:\/\/www.europesays.com\/fi\/wp-json\/wp\/v2\/categories?post=332951"},{"taxonomy":"post_tag","embeddable":true,"href":"https:\/\/www.europesays.com\/fi\/wp-json\/wp\/v2\/tags?post=332951"}],"curies":[{"name":"wp","href":"https:\/\/api.w.org\/{rel}","templated":true}]}}