{"id":33297,"date":"2025-09-12T23:36:11","date_gmt":"2025-09-12T23:36:11","guid":{"rendered":"https:\/\/www.europesays.com\/fi\/33297\/"},"modified":"2025-09-12T23:36:11","modified_gmt":"2025-09-12T23:36:11","slug":"anders-osti-banaanin-12-869-dollarilla-pitaa-itsekin-hintaa-jarjettomana","status":"publish","type":"post","link":"https:\/\/www.europesays.com\/fi\/33297\/","title":{"rendered":"Anders osti banaanin 12 869 dollarilla \u2013 Pit\u00e4\u00e4 itsekin hintaa j\u00e4rjett\u00f6m\u00e4n\u00e4"},"content":{"rendered":"<p><a href=\"https:\/\/www.iltalehti.fi\/ulkomaat\" class=\"breadcrumb breadcrumb-uutiset\" rel=\"nofollow noopener\" target=\"_blank\">Ulkomaat<\/a><\/p>\n<p>Tanskalaisen taiteilijan Thyra Hildenin banaanista tehty taideteos myytiin sunnuntaina K\u00f6\u00f6penhaminassa 12 869 dollarilla. Vulvaa muistuttavan teoksen tarkoituksena on nostaa esiin kysymyksi\u00e4 sukupuolten tasa-arvosta.<\/p>\n<p>Taideteoksen ostanut Anders Andersen pit\u00e4\u00e4 itsekin teoksen hintaa j\u00e4rjett\u00f6m\u00e4n\u00e4. Reuters<\/p>\n<p><a href=\"https:\/\/www.iltalehti.fi\/kirjoittajat\/Minea Nurmi\" rel=\"nofollow noopener\" target=\"_blank\"><img decoding=\"async\" class=\"author-image-img\" alt=\"Tekij\u00e4n kuva\" src=\"https:\/\/www.europesays.com\/fi\/wp-content\/uploads\/2025\/09\/102715c8d85f58bc91df7a1218be4336e312b20c02df0ae5f999cdcf4d2cf18d.png\"\/><\/a><\/p>\n<p>torstai 11.9.2025 klo 21:30<\/p>\n","protected":false},"excerpt":{"rendered":"Ulkomaat Tanskalaisen taiteilijan Thyra Hildenin banaanista tehty taideteos myytiin sunnuntaina K\u00f6\u00f6penhaminassa 12 869 dollarilla. Vulvaa muistuttavan teoksen tarkoituksena&hellip;\n","protected":false},"author":2,"featured_media":33298,"comment_status":"","ping_status":"","sticky":false,"template":"","format":"standard","meta":{"footnotes":""},"categories":[135],"tags":[35,389,387,388,390,2110,137,33,31,30,103,874,32,394,393,391,392,860,109,796],"class_list":{"0":"post-33297","1":"post","2":"type-post","3":"status-publish","4":"format-standard","5":"has-post-thumbnail","7":"category-taiteet-ja-suunnittelu","8":"tag-24h","9":"tag-arts","10":"tag-arts-and-design","11":"tag-artsanddesign","12":"tag-design","13":"tag-elamantapa-ja-vapaa-aika","14":"tag-entertainment","15":"tag-fi","16":"tag-finland","17":"tag-finnish","18":"tag-sosiaalikysymykset","19":"tag-sukupuolet","20":"tag-suomi","21":"tag-suunnittelu","22":"tag-taiteet","23":"tag-taiteet-ja-suunnittelu","24":"tag-taiteetsuunnittelu","25":"tag-tyoelama","26":"tag-viihde","27":"tag-yhteiskunta"},"share_on_mastodon":{"url":"","error":""},"_links":{"self":[{"href":"https:\/\/www.europesays.com\/fi\/wp-json\/wp\/v2\/posts\/33297","targetHints":{"allow":["GET"]}}],"collection":[{"href":"https:\/\/www.europesays.com\/fi\/wp-json\/wp\/v2\/posts"}],"about":[{"href":"https:\/\/www.europesays.com\/fi\/wp-json\/wp\/v2\/types\/post"}],"author":[{"embeddable":true,"href":"https:\/\/www.europesays.com\/fi\/wp-json\/wp\/v2\/users\/2"}],"replies":[{"embeddable":true,"href":"https:\/\/www.europesays.com\/fi\/wp-json\/wp\/v2\/comments?post=33297"}],"version-history":[{"count":0,"href":"https:\/\/www.europesays.com\/fi\/wp-json\/wp\/v2\/posts\/33297\/revisions"}],"wp:featuredmedia":[{"embeddable":true,"href":"https:\/\/www.europesays.com\/fi\/wp-json\/wp\/v2\/media\/33298"}],"wp:attachment":[{"href":"https:\/\/www.europesays.com\/fi\/wp-json\/wp\/v2\/media?parent=33297"}],"wp:term":[{"taxonomy":"category","embeddable":true,"href":"https:\/\/www.europesays.com\/fi\/wp-json\/wp\/v2\/categories?post=33297"},{"taxonomy":"post_tag","embeddable":true,"href":"https:\/\/www.europesays.com\/fi\/wp-json\/wp\/v2\/tags?post=33297"}],"curies":[{"name":"wp","href":"https:\/\/api.w.org\/{rel}","templated":true}]}}