{"id":332975,"date":"2026-08-25T05:04:12","date_gmt":"2026-08-25T05:04:12","guid":{"rendered":"https:\/\/www.europesays.com\/fi\/332975\/"},"modified":"2026-08-25T05:04:12","modified_gmt":"2026-08-25T05:04:12","slug":"hyundai-paasi-alustavaan-sopuun-tyontekijoidensa-kanssa-uutisia-lyhyesti","status":"publish","type":"post","link":"https:\/\/www.europesays.com\/fi\/332975\/","title":{"rendered":"Hyundai p\u00e4\u00e4si alustavaan sopuun ty\u00f6ntekij\u00f6idens\u00e4 kanssa | Uutisia lyhyesti"},"content":{"rendered":"<p class=\"aw__sc-1qwuw0s-0 aw__sc-1vg2sqm-0 epAWpq ecELkD yle__article__paragraph\">Alustava sopimus sis\u00e4lt\u00e4\u00e4 esimerkiksi 4,1 prosentin peruspalkankorotuksen ja el\u00e4kei\u00e4n noston.<\/p>\n<p><img decoding=\"async\" alt=\"Hyundai-autotehtaan ty\u00f6ntekij\u00e4t osoittavat mielt\u00e4\u00e4n nyrkki pystyss\u00e4.\" src=\"https:\/\/www.europesays.com\/fi\/wp-content\/uploads\/2026\/08\/1787632906.jpeg\" class=\"aw__sc-dklauk-0 LPzKX\"\/><\/p>\n<p>Avaa kuvien katselu<\/p>\n<p>Hyundai Motorin ty\u00f6ntekij\u00e4t osoittivat mielt\u00e4\u00e4n palkkakiistan vuoksi yhti\u00f6n p\u00e4\u00e4konttorin edustalla Soulissa, Etel\u00e4-Koreassa perjantaina 21. elokuuta. Kuva: Jeon Heon-Kyun \/ EPA<\/p>\n<p class=\"aw__sc-1qwuw0s-0 aw__sc-ngllmo-0 epAWpq fzYpjk yle__article__paragraph\">Etel\u00e4-Korean suurin autovalmistaja Hyundai on p\u00e4\u00e4ssyt alustavaan sopuun ty\u00f6ntekij\u00f6idens\u00e4 kanssa uusista ty\u00f6ehdoista.<\/p>\n<p class=\"aw__sc-1qwuw0s-0 aw__sc-ngllmo-0 epAWpq fzYpjk yle__article__paragraph\">Hyundai Motorin etel\u00e4korealainen ammattiliitto ilmoitti tiistaina p\u00e4\u00e4sseens\u00e4 alustavaan sopimukseen yhti\u00f6n johdon kanssa, mutta sopimus tulee viel\u00e4 hyv\u00e4ksytt\u00e4\u00e4 liiton j\u00e4senill\u00e4.<\/p>\n<p class=\"aw__sc-1qwuw0s-0 aw__sc-ngllmo-0 epAWpq fzYpjk yle__article__paragraph\">Alustava sopimus sis\u00e4lt\u00e4\u00e4 esimerkiksi 4,1 prosentin peruspalkankorotuksen sek\u00e4 suorituspalkkion, joka vastaa 400 prosenttia peruspalkasta.<\/p>\n<p class=\"aw__sc-1qwuw0s-0 aw__sc-ngllmo-0 epAWpq fzYpjk yle__article__paragraph\">El\u00e4keik\u00e4\u00e4 pidennet\u00e4\u00e4n nykyisest\u00e4 60 vuodesta. Ensi vuodesta l\u00e4htien palkataan 500 uutta teknist\u00e4 ty\u00f6ntekij\u00e4\u00e4.<\/p>\n<p class=\"aw__sc-1qwuw0s-0 aw__sc-ngllmo-0 epAWpq fzYpjk yle__article__paragraph\">Ammattiliiton vaatimuksiin liittyen teko\u00e4lyyn osapuolet sopivat keskustelevansa jatkossa.<\/p>\n<p class=\"aw__sc-1qwuw0s-0 aw__sc-ngllmo-0 epAWpq fzYpjk yle__article__paragraph\">Ammattiliitto j\u00e4rjesti perjantaina ensimm\u00e4isen t\u00e4yden lakon ensimm\u00e4ist\u00e4 kertaa vuosikymmeneen.<\/p>\n<p class=\"aw__sc-1qwuw0s-0 aw__sc-ngllmo-0 epAWpq fzYpjk yle__article__paragraph\">Ty\u00f6ntekij\u00e4t olivat saaneet pontta teknologiaj\u00e4ttien Samsungin ja Hynixin maksamista isoista bonuksista.<\/p>\n<p class=\"aw__sc-1qwuw0s-0 aw__sc-ngllmo-0 epAWpq fzYpjk yle__article__paragraph\">Hyundai on Etel\u00e4-Korean suurin autovalmistaja. Lakon piiriin kuului noin 40 000 ty\u00f6ntekij\u00e4\u00e4, kertoi heit\u00e4 edustava liitto.<\/p>\n<p class=\"aw__sc-1qwuw0s-0 aw__sc-ngllmo-0 epAWpq fzYpjk yle__article__paragraph\">L\u00e4hde: Reuters<\/p>\n","protected":false},"excerpt":{"rendered":"Alustava sopimus sis\u00e4lt\u00e4\u00e4 esimerkiksi 4,1 prosentin peruspalkankorotuksen ja el\u00e4kei\u00e4n noston. Avaa kuvien katselu Hyundai Motorin ty\u00f6ntekij\u00e4t osoittivat mielt\u00e4\u00e4n&hellip;\n","protected":false},"author":2,"featured_media":332976,"comment_status":"","ping_status":"","sticky":false,"template":"","format":"standard","meta":{"footnotes":"","_share_on_mastodon":"0"},"categories":[76],"tags":[79,77,41473,1420,33,31,30,8521,2763,3846,12859,32,78,10703,860,5633,56],"class_list":["post-332975","post","type-post","status-publish","format-standard","has-post-thumbnail","category-talous","tag-business","tag-economy","tag-elakeian-nosto","tag-etela-korea","tag-fi","tag-finland","tag-finnish","tag-hyundai-motor-company","tag-kulkuneuvojen-valmistus","tag-lakot","tag-palkansaajajarjestot-ja-ammattiliitot","tag-suomi","tag-talous","tag-tyoehtosopimukset","tag-tyoelama","tag-tyomarkkinapolitiikka","tag-ulkomaat"],"share_on_mastodon":{"url":"https:\/\/pubeurope.com\/@fi\/117154406385303843","error":""},"_links":{"self":[{"href":"https:\/\/www.europesays.com\/fi\/wp-json\/wp\/v2\/posts\/332975","targetHints":{"allow":["GET"]}}],"collection":[{"href":"https:\/\/www.europesays.com\/fi\/wp-json\/wp\/v2\/posts"}],"about":[{"href":"https:\/\/www.europesays.com\/fi\/wp-json\/wp\/v2\/types\/post"}],"author":[{"embeddable":true,"href":"https:\/\/www.europesays.com\/fi\/wp-json\/wp\/v2\/users\/2"}],"replies":[{"embeddable":true,"href":"https:\/\/www.europesays.com\/fi\/wp-json\/wp\/v2\/comments?post=332975"}],"version-history":[{"count":0,"href":"https:\/\/www.europesays.com\/fi\/wp-json\/wp\/v2\/posts\/332975\/revisions"}],"wp:featuredmedia":[{"embeddable":true,"href":"https:\/\/www.europesays.com\/fi\/wp-json\/wp\/v2\/media\/332976"}],"wp:attachment":[{"href":"https:\/\/www.europesays.com\/fi\/wp-json\/wp\/v2\/media?parent=332975"}],"wp:term":[{"taxonomy":"category","embeddable":true,"href":"https:\/\/www.europesays.com\/fi\/wp-json\/wp\/v2\/categories?post=332975"},{"taxonomy":"post_tag","embeddable":true,"href":"https:\/\/www.europesays.com\/fi\/wp-json\/wp\/v2\/tags?post=332975"}],"curies":[{"name":"wp","href":"https:\/\/api.w.org\/{rel}","templated":true}]}}