{"id":333023,"date":"2026-08-25T06:23:13","date_gmt":"2026-08-25T06:23:13","guid":{"rendered":"https:\/\/www.europesays.com\/fi\/333023\/"},"modified":"2026-08-25T06:23:13","modified_gmt":"2026-08-25T06:23:13","slug":"venezuelan-maanjaristyksissa-kuolleiden-maara-nousi-yli-6-500aan-uutissuomalainen","status":"publish","type":"post","link":"https:\/\/www.europesays.com\/fi\/333023\/","title":{"rendered":"Venezuelan maanj\u00e4ristyksiss\u00e4 kuolleiden m\u00e4\u00e4r\u00e4 nousi yli 6 500:aan | Uutissuomalainen"},"content":{"rendered":"<p>Venezuelaa kes\u00e4kuussa ravistelleiden maanj\u00e4ristysten kuolonuhrien m\u00e4\u00e4r\u00e4 on noussut jo yli 6\u2009500 ihmiseen. Kuolleiden m\u00e4\u00e4r\u00e4 nousi viime viikolla kerrotusta noin sadalla.<\/p>\n<p>Raunioiden seassa on edelleen kadonneita ihmisi\u00e4, mutta viranomaiset eiv\u00e4t ole vahvistaneet heid\u00e4n m\u00e4\u00e4r\u00e4\u00e4ns\u00e4.<\/p>\n<p>Pahiten j\u00e4ristyksest\u00e4 k\u00e4rsineess\u00e4 La Guairan kaupungissa tuhannet j\u00e4ristyksiss\u00e4 kodittomiksi j\u00e4\u00e4neet ihmiset asuvat edelleen v\u00e4liaikaisissa telttakyliss\u00e4.<\/p>\n<p>Kes\u00e4kuun lopulla Venezuelaa ravisteli minuutin sis\u00e4ll\u00e4 kaksi maanj\u00e4ristyst\u00e4, jotka olivat voimakkuudeltaan 7,2 ja 7,5. J\u00e4ristykset vaurioittivat laajasti paikallista infrastruktuuria ja tuhosivat rakennuksia.<\/p>\n<p>Kes\u00e4kuiset maanj\u00e4ristykset lukeutuvat Venezuelan l\u00e4hihistorian tuhoisimpiin j\u00e4ristyksiin.<\/p>\n","protected":false},"excerpt":{"rendered":"Venezuelaa kes\u00e4kuussa ravistelleiden maanj\u00e4ristysten kuolonuhrien m\u00e4\u00e4r\u00e4 on noussut jo yli 6\u2009500 ihmiseen. Kuolleiden m\u00e4\u00e4r\u00e4 nousi viime viikolla kerrotusta&hellip;\n","protected":false},"author":2,"featured_media":333024,"comment_status":"","ping_status":"","sticky":false,"template":"","format":"standard","meta":{"footnotes":"","_share_on_mastodon":"0"},"categories":[14],"tags":[36,542,22,23,26,27,33,31,30,17,3880,24,25,720,28,29,15,120,18,21,544,32,78,19,20,56,16,59,60,61,534],"class_list":["post-333023","post","type-post","status-publish","format-standard","has-post-thumbnail","category-ulkomaat","tag-asuintalot-ja-asunnot","tag-asuminen","tag-breaking-news","tag-breakingnews","tag-featured-news","tag-featurednews","tag-fi","tag-finland","tag-finnish","tag-headlines","tag-julkinen-infrastruktuuri","tag-latest-news","tag-latestnews","tag-liiketoiminta-ja-rahoitus","tag-main-news","tag-mainnews","tag-news","tag-onnettomuustapaus","tag-otsikot","tag-paauutiset","tag-rahoitus-ja-kiinteistoala-sektori","tag-suomi","tag-talous","tag-top-stories","tag-topstories","tag-ulkomaat","tag-uutiset","tag-world","tag-world-news","tag-worldnews","tag-ymparisto-ja-luonto"],"share_on_mastodon":{"url":"","error":"Validation failed: Text character limit of 500 exceeded"},"_links":{"self":[{"href":"https:\/\/www.europesays.com\/fi\/wp-json\/wp\/v2\/posts\/333023","targetHints":{"allow":["GET"]}}],"collection":[{"href":"https:\/\/www.europesays.com\/fi\/wp-json\/wp\/v2\/posts"}],"about":[{"href":"https:\/\/www.europesays.com\/fi\/wp-json\/wp\/v2\/types\/post"}],"author":[{"embeddable":true,"href":"https:\/\/www.europesays.com\/fi\/wp-json\/wp\/v2\/users\/2"}],"replies":[{"embeddable":true,"href":"https:\/\/www.europesays.com\/fi\/wp-json\/wp\/v2\/comments?post=333023"}],"version-history":[{"count":0,"href":"https:\/\/www.europesays.com\/fi\/wp-json\/wp\/v2\/posts\/333023\/revisions"}],"wp:featuredmedia":[{"embeddable":true,"href":"https:\/\/www.europesays.com\/fi\/wp-json\/wp\/v2\/media\/333024"}],"wp:attachment":[{"href":"https:\/\/www.europesays.com\/fi\/wp-json\/wp\/v2\/media?parent=333023"}],"wp:term":[{"taxonomy":"category","embeddable":true,"href":"https:\/\/www.europesays.com\/fi\/wp-json\/wp\/v2\/categories?post=333023"},{"taxonomy":"post_tag","embeddable":true,"href":"https:\/\/www.europesays.com\/fi\/wp-json\/wp\/v2\/tags?post=333023"}],"curies":[{"name":"wp","href":"https:\/\/api.w.org\/{rel}","templated":true}]}}