{"id":333167,"date":"2026-08-25T10:38:09","date_gmt":"2026-08-25T10:38:09","guid":{"rendered":"https:\/\/www.europesays.com\/fi\/333167\/"},"modified":"2026-08-25T10:38:09","modified_gmt":"2026-08-25T10:38:09","slug":"woody-allen-90-aloittaa-lokakuussa-uuden-elokuvansa-kuvaukset-euroopassa-paakaupunki-rahoittaa-elokuvaa-nakyvyytta-vastaan","status":"publish","type":"post","link":"https:\/\/www.europesays.com\/fi\/333167\/","title":{"rendered":"Woody Allen, 90, aloittaa lokakuussa uuden elokuvansa kuvaukset Euroopassa \u2013\u00a0P\u00e4\u00e4kaupunki rahoittaa elokuvaa n\u00e4kyvyytt\u00e4 vastaan"},"content":{"rendered":"<p class=\"wp-block-paragraph\">Viisinkertainen Oscar- voittaja <strong>Woody Allen<\/strong>, 90, aloittaa uuden elokuvansa kuvaukset lokakuussa Madridissa. Kyseess\u00e4 on ohjaajan kolmas elokuva, joka kuvataan Espanjassa Vicky Christina Barcelonan ja Rifkin\u2019s Festivalin j\u00e4lkeen.<\/p>\n<p class=\"wp-block-paragraph\"><a href=\"https:\/\/deadline.com\/2026\/08\/woody-allen-spain-film-october-2026-1237048732\/\" rel=\"nofollow noopener\" target=\"_blank\">Deadlinen<\/a> mukaan elokuvan budjetti on noin 14 miljoonaa dollaria. Madridin kaupunki antaa 1,7 miljoonaa euroa sit\u00e4 vastaan, ett\u00e4 se kuvataan kaupungissa ja elokuvan nimess\u00e4 tulee olemaan kaupungin nimi.<\/p>\n<p class=\"wp-block-paragraph\">Tiett\u00e4v\u00e4sti elokuvassa tulee olemaan nimek\u00e4s n\u00e4yttelij\u00e4joukko, mutta mit\u00e4\u00e4n ei ole viel\u00e4 hiiskuttu julkisuuteen. Elokuva tulee olemaan p\u00e4\u00e4osin englanninkielinen, toisin kuin Allenin edellinen Coup de Chance, joka oli kokonaan ranskaksi.<\/p>\n<p>Lue my\u00f6s: <a href=\"https:\/\/www.episodi.fi\/uutiset\/mel-brooks-valitsi-20-suosikkielokuvaansa-monipuolinen-lista-mukana-yllatyksia\/\" title=\"Mel Brooks valitsi 20 suosikkielokuvaansa \u2013\u00a0Monipuolinen lista mukana yll\u00e4tyksi\u00e4\" class=\"underline-custom !font-heading !font-bold !underline-offset-4 !decoration-4 !decoration-accent !text-md\" rel=\"nofollow noopener\" target=\"_blank\">Mel Brooks valitsi 20 suosikkielokuvaansa \u2013\u00a0Monipuolinen lista mukana yll\u00e4tyksi\u00e4<\/a><\/p>\n<p>Lue my\u00f6s: <a href=\"https:\/\/www.episodi.fi\/uutiset\/woody-allenin-ex-puoliso-ja-1970-luvun-ikonisen-komediasarjan-tahti-louise-lasser-on-kuollut\/\" title=\"Woody Allenin ex-puoliso ja 1970-luvun ikonisen komediasarjan t\u00e4hti Louise Lasser on kuollut\" class=\"underline-custom !font-heading !font-bold !underline-offset-4 !decoration-4 !decoration-accent !text-md\" rel=\"nofollow noopener\" target=\"_blank\">Woody Allenin ex-puoliso ja 1970-luvun ikonisen komediasarjan t\u00e4hti Louise Lasser on kuollut<\/a><\/p>\n","protected":false},"excerpt":{"rendered":"Viisinkertainen Oscar- voittaja Woody Allen, 90, aloittaa uuden elokuvansa kuvaukset lokakuussa Madridissa. Kyseess\u00e4 on ohjaajan kolmas elokuva, joka&hellip;\n","protected":false},"author":2,"featured_media":333168,"comment_status":"","ping_status":"","sticky":false,"template":"","format":"standard","meta":{"footnotes":"","_share_on_mastodon":"0"},"categories":[131],"tags":[155,137,33,173,31,30,6302,172,32,109,6345],"class_list":["post-333167","post","type-post","status-publish","format-standard","has-post-thumbnail","category-elokuvat","tag-elokuvat","tag-entertainment","tag-fi","tag-film","tag-finland","tag-finnish","tag-ignostot","tag-movies","tag-suomi","tag-viihde","tag-woody-allen"],"share_on_mastodon":{"url":"https:\/\/pubeurope.com\/@fi\/117155719158599507","error":""},"_links":{"self":[{"href":"https:\/\/www.europesays.com\/fi\/wp-json\/wp\/v2\/posts\/333167","targetHints":{"allow":["GET"]}}],"collection":[{"href":"https:\/\/www.europesays.com\/fi\/wp-json\/wp\/v2\/posts"}],"about":[{"href":"https:\/\/www.europesays.com\/fi\/wp-json\/wp\/v2\/types\/post"}],"author":[{"embeddable":true,"href":"https:\/\/www.europesays.com\/fi\/wp-json\/wp\/v2\/users\/2"}],"replies":[{"embeddable":true,"href":"https:\/\/www.europesays.com\/fi\/wp-json\/wp\/v2\/comments?post=333167"}],"version-history":[{"count":0,"href":"https:\/\/www.europesays.com\/fi\/wp-json\/wp\/v2\/posts\/333167\/revisions"}],"wp:featuredmedia":[{"embeddable":true,"href":"https:\/\/www.europesays.com\/fi\/wp-json\/wp\/v2\/media\/333168"}],"wp:attachment":[{"href":"https:\/\/www.europesays.com\/fi\/wp-json\/wp\/v2\/media?parent=333167"}],"wp:term":[{"taxonomy":"category","embeddable":true,"href":"https:\/\/www.europesays.com\/fi\/wp-json\/wp\/v2\/categories?post=333167"},{"taxonomy":"post_tag","embeddable":true,"href":"https:\/\/www.europesays.com\/fi\/wp-json\/wp\/v2\/tags?post=333167"}],"curies":[{"name":"wp","href":"https:\/\/api.w.org\/{rel}","templated":true}]}}