{"id":333213,"date":"2026-08-25T11:39:08","date_gmt":"2026-08-25T11:39:08","guid":{"rendered":"https:\/\/www.europesays.com\/fi\/333213\/"},"modified":"2026-08-25T11:39:08","modified_gmt":"2026-08-25T11:39:08","slug":"venajan-poliisilla-jattiratsia-suomen-rajan-tuntumassa-noin-100-ihmista-pidatetty","status":"publish","type":"post","link":"https:\/\/www.europesays.com\/fi\/333213\/","title":{"rendered":"Ven\u00e4j\u00e4n poliisilla j\u00e4ttiratsia Suomen rajan tuntumassa: Noin 100 ihmist\u00e4 pid\u00e4tetty"},"content":{"rendered":"<p>Ven\u00e4j\u00e4n lainvalvontaviranomaisten mukaan Viipurin metsiss\u00e4 j\u00e4rjestetyill\u00e4 festivaaleilla esitettiin Ukrainaa tukevia ja vallanvaihtoa Ven\u00e4j\u00e4ll\u00e4 vaativia kappaleita.<\/p>\n<p><img decoding=\"async\" class=\"image image-show image-preview\" src=\"https:\/\/www.europesays.com\/fi\/wp-content\/uploads\/2026\/08\/a4d1d9d10f017c7764912994847fda49a8d2034507ee72b90a2c53ff2172bdae.jpg\" alt=\"\"\/><img decoding=\"async\" class=\"image image-show\" src=\"https:\/\/www.europesays.com\/fi\/wp-content\/uploads\/2026\/08\/1787657948_383_a4d1d9d10f017c7764912994847fda49a8d2034507ee72b90a2c53ff2172bdae.jpg\" alt=\"\"\/><\/p>\n<p>Ven\u00e4j\u00e4n lainvalvontaviranomaiset k\u00e4yttiv\u00e4t ratsiassa my\u00f6s koiria tapahtuma-alueen tutkinnassa. Kuvituskuva. ZumaWire \/ MVPHOTOS<\/p>\n<p class=\"paragraph\">Ven\u00e4j\u00e4n erikoisjoukot ja poliisi tekiv\u00e4t lauantaina j\u00e4ttiratsian vain noin 30 kilometri\u00e4 Suomen ja Ven\u00e4j\u00e4n rajasta sijaitsevassa Viipurissa j\u00e4rjestetyille musiikkifestivaaleille, <a href=\"https:\/\/tass.ru\/proisshestviya\/28036133\" target=\"_blank\" rel=\"noopener nofollow\">kertoo<\/a> Tass.<\/p>\n<p class=\"paragraph\">Tassin mukaan poliisi ja erikoisjoukot pid\u00e4ttiv\u00e4t noin 100 osallistujaa, joita Ven\u00e4j\u00e4n valtio-omisteinen uutistoimisto kutsuu \u201dvasemmistoradikaaleiksi\u201d.<\/p>\n<p class=\"paragraph\">Festivaalin k\u00e4vij\u00e4t olivat lainvalvontaviranomaisten mukaan esitt\u00e4neet Ukrainaa tukevia ja vallanvaihtoa Ven\u00e4j\u00e4ll\u00e4 vaatineita kappaleita sek\u00e4 k\u00e4ytt\u00e4neet huumeita.<\/p>\n<p class=\"paragraph\">\u2013 Erikoisjoukot ja agentit ovat erist\u00e4neet mets\u00e4alueen Leningradin alueen Viipurin piiriss\u00e4, jossa j\u00e4rjestet\u00e4\u00e4n \u201dmusiikkifestivaali\u201d, lainvalvontaviranomainen kertoi Tassille.<\/p>\n<p class=\"paragraph\">Tassin mukaan festivaalia on j\u00e4rjestetty salassa vuodesta 2023 l\u00e4htien. Festivaalin j\u00e4rjest\u00e4j\u00e4t ovat ilmoittaneet sen tarkemman sijainnin omassa yhteis\u00f6ss\u00e4\u00e4n vasta p\u00e4iv\u00e4\u00e4 ennen tapahtumaa.<\/p>\n<p class=\"paragraph\">Ratsiasta on uutisoinut my\u00f6s p\u00e4\u00e4s\u00e4\u00e4nt\u00f6isesti viestisovellus Telegramissa toimiva ven\u00e4l\u00e4ismedia Baza. Sen <a href=\"https:\/\/t.me\/s\/bazabazon\" target=\"_blank\" rel=\"noopener nofollow\">mukaan<\/a> festivaali tunnettiin aiemmin nimell\u00e4 \u201dNO\u017d\u201d, joka on lyhenne ven\u00e4j\u00e4nkielisist\u00e4 sanoista, jotka tarkoittavat suomeksi \u201dep\u00e4terveellist\u00e4 el\u00e4m\u00e4ntapaa\u201d.<\/p>\n","protected":false},"excerpt":{"rendered":"Ven\u00e4j\u00e4n lainvalvontaviranomaisten mukaan Viipurin metsiss\u00e4 j\u00e4rjestetyill\u00e4 festivaaleilla esitettiin Ukrainaa tukevia ja vallanvaihtoa Ven\u00e4j\u00e4ll\u00e4 vaativia kappaleita. Ven\u00e4j\u00e4n lainvalvontaviranomaiset k\u00e4yttiv\u00e4t&hellip;\n","protected":false},"author":2,"featured_media":333214,"comment_status":"","ping_status":"","sticky":false,"template":"","format":"standard","meta":{"footnotes":"","_share_on_mastodon":"0"},"categories":[5],"tags":[35,22,23,26,27,33,31,30,17,763,24,25,28,29,47,15,18,21,54,52,32,397,19,20,546,16],"class_list":["post-333213","post","type-post","status-publish","format-standard","has-post-thumbnail","category-otsikot","tag-24h","tag-breaking-news","tag-breakingnews","tag-featured-news","tag-featurednews","tag-fi","tag-finland","tag-finnish","tag-headlines","tag-kulttuuri-ja-viihde","tag-latest-news","tag-latestnews","tag-main-news","tag-mainnews","tag-musiikki","tag-news","tag-otsikot","tag-paauutiset","tag-pelastuspalvelut","tag-poliisi","tag-suomi","tag-taide","tag-top-stories","tag-topstories","tag-turvallisuus","tag-uutiset"],"share_on_mastodon":{"url":"","error":""},"_links":{"self":[{"href":"https:\/\/www.europesays.com\/fi\/wp-json\/wp\/v2\/posts\/333213","targetHints":{"allow":["GET"]}}],"collection":[{"href":"https:\/\/www.europesays.com\/fi\/wp-json\/wp\/v2\/posts"}],"about":[{"href":"https:\/\/www.europesays.com\/fi\/wp-json\/wp\/v2\/types\/post"}],"author":[{"embeddable":true,"href":"https:\/\/www.europesays.com\/fi\/wp-json\/wp\/v2\/users\/2"}],"replies":[{"embeddable":true,"href":"https:\/\/www.europesays.com\/fi\/wp-json\/wp\/v2\/comments?post=333213"}],"version-history":[{"count":0,"href":"https:\/\/www.europesays.com\/fi\/wp-json\/wp\/v2\/posts\/333213\/revisions"}],"wp:featuredmedia":[{"embeddable":true,"href":"https:\/\/www.europesays.com\/fi\/wp-json\/wp\/v2\/media\/333214"}],"wp:attachment":[{"href":"https:\/\/www.europesays.com\/fi\/wp-json\/wp\/v2\/media?parent=333213"}],"wp:term":[{"taxonomy":"category","embeddable":true,"href":"https:\/\/www.europesays.com\/fi\/wp-json\/wp\/v2\/categories?post=333213"},{"taxonomy":"post_tag","embeddable":true,"href":"https:\/\/www.europesays.com\/fi\/wp-json\/wp\/v2\/tags?post=333213"}],"curies":[{"name":"wp","href":"https:\/\/api.w.org\/{rel}","templated":true}]}}