{"id":333309,"date":"2026-08-25T14:30:13","date_gmt":"2026-08-25T14:30:13","guid":{"rendered":"https:\/\/www.europesays.com\/fi\/333309\/"},"modified":"2026-08-25T14:30:13","modified_gmt":"2026-08-25T14:30:13","slug":"jyvaskylan-harjun-stadionille-ilmestyi-antifasismiin-viittaava-graffiti-keski-suomi","status":"publish","type":"post","link":"https:\/\/www.europesays.com\/fi\/333309\/","title":{"rendered":"Jyv\u00e4skyl\u00e4n Harjun stadionille ilmestyi antifasismiin viittaava graffiti | Keski-Suomi"},"content":{"rendered":"<p>Harjun stadionille ja sen l\u00e4heisyyteen Jyv\u00e4skyl\u00e4ss\u00e4 on ilmestynyt useita graffiteja.<\/p>\n<p>Esimerkiksi Ihantolantien puolella olevaan kivisein\u00e4\u00e4n on tehty graffiti. Siin\u00e4 esiintyy numeroyhdistelm\u00e4 161, jolla tarkoitetaan antifasismia. Numeroilla viitataan aakkosten ensimm\u00e4iseen ja kuudenteen kirjaimeen, eli kirjaimiin AFA. AFA on lyhenne sanoista Anti-Fascist Action.<\/p>\n","protected":false},"excerpt":{"rendered":"Harjun stadionille ja sen l\u00e4heisyyteen Jyv\u00e4skyl\u00e4ss\u00e4 on ilmestynyt useita graffiteja. Esimerkiksi Ihantolantien puolella olevaan kivisein\u00e4\u00e4n on tehty graffiti.&hellip;\n","protected":false},"author":2,"featured_media":333310,"comment_status":"","ping_status":"","sticky":false,"template":"","format":"standard","meta":{"footnotes":"","_share_on_mastodon":"0"},"categories":[135],"tags":[389,387,388,390,137,33,31,30,8653,41503,425,41,32,394,393,391,392,8385,109],"class_list":["post-333309","post","type-post","status-publish","format-standard","has-post-thumbnail","category-taiteet-ja-suunnittelu","tag-arts","tag-arts-and-design","tag-artsanddesign","tag-design","tag-entertainment","tag-fi","tag-finland","tag-finnish","tag-graffitit","tag-harjun-stadion","tag-jyvaskyla","tag-liikunta-ja-urheilu","tag-suomi","tag-suunnittelu","tag-taiteet","tag-taiteet-ja-suunnittelu","tag-taiteetsuunnittelu","tag-tapahtumahallit-ja-areenat","tag-viihde"],"share_on_mastodon":{"url":"https:\/\/pubeurope.com\/@fi\/117156631230311237","error":""},"_links":{"self":[{"href":"https:\/\/www.europesays.com\/fi\/wp-json\/wp\/v2\/posts\/333309","targetHints":{"allow":["GET"]}}],"collection":[{"href":"https:\/\/www.europesays.com\/fi\/wp-json\/wp\/v2\/posts"}],"about":[{"href":"https:\/\/www.europesays.com\/fi\/wp-json\/wp\/v2\/types\/post"}],"author":[{"embeddable":true,"href":"https:\/\/www.europesays.com\/fi\/wp-json\/wp\/v2\/users\/2"}],"replies":[{"embeddable":true,"href":"https:\/\/www.europesays.com\/fi\/wp-json\/wp\/v2\/comments?post=333309"}],"version-history":[{"count":0,"href":"https:\/\/www.europesays.com\/fi\/wp-json\/wp\/v2\/posts\/333309\/revisions"}],"wp:featuredmedia":[{"embeddable":true,"href":"https:\/\/www.europesays.com\/fi\/wp-json\/wp\/v2\/media\/333310"}],"wp:attachment":[{"href":"https:\/\/www.europesays.com\/fi\/wp-json\/wp\/v2\/media?parent=333309"}],"wp:term":[{"taxonomy":"category","embeddable":true,"href":"https:\/\/www.europesays.com\/fi\/wp-json\/wp\/v2\/categories?post=333309"},{"taxonomy":"post_tag","embeddable":true,"href":"https:\/\/www.europesays.com\/fi\/wp-json\/wp\/v2\/tags?post=333309"}],"curies":[{"name":"wp","href":"https:\/\/api.w.org\/{rel}","templated":true}]}}