{"id":333353,"date":"2026-08-25T15:48:12","date_gmt":"2026-08-25T15:48:12","guid":{"rendered":"https:\/\/www.europesays.com\/fi\/333353\/"},"modified":"2026-08-25T15:48:12","modified_gmt":"2026-08-25T15:48:12","slug":"valokuvaaja-meeri-koutaniemi-on-voittanut-arvostetun-kansainvalisen-kuvajournalismiapurahan-kulttuuri","status":"publish","type":"post","link":"https:\/\/www.europesays.com\/fi\/333353\/","title":{"rendered":"Valokuvaaja Meeri Koutaniemi on voittanut arvostetun kansainv\u00e4lisen kuvajournalismi\u00adapurahan | Kulttuuri"},"content":{"rendered":"<p class=\"aw__sc-1qwuw0s-0 aw__sc-1vg2sqm-0 epAWpq ecELkD yle__article__paragraph\">Koutaniemi aikoo palata Keniaan kuvaamaan aktivisteja, jotka taistelevat tytt\u00f6jen ja naisten sukuelinten silpomista vastaan.<\/p>\n<p><img decoding=\"async\" alt=\"Nuori nainen laittaa pyykkej\u00e4 kuivumaan.\" src=\"https:\/\/www.europesays.com\/fi\/wp-content\/uploads\/2026\/08\/1787657297.jpeg\" class=\"aw__sc-dklauk-0 LPzKX\"\/><\/p>\n<p>Avaa kuvien katselu<\/p>\n<p>Valokuvajournalisti Meeri Koutaniemi aikoo palata Keniaan dokumentoimaan tytt\u00f6jen silpomista vastustavien aktivistien ty\u00f6t\u00e4. Kuvassa Elizabeth Nkere, jonka Koutaniemi tapasi ensimm\u00e4isen kerran 14 vuotta sitten. Kuva: Meeri Koutaniemi<\/p>\n<ul class=\"aw__sc-1yb43iq-0 gFXHv yle__article__list yle__article__list--ul\">\n<li class=\"aw__sc-1yb43iq-1 gVAzbt\">Valokuvaaja Meeri Koutaniemi voitti kansainv\u00e4lisen Canon Female Photojournalist Grant 2026 -apurahan. H\u00e4n on kuvannut tytt\u00f6jen sukuelinten silpomisen seurauksia ja silpomista vastaan taistelevia aktivisteja.<\/li>\n<li class=\"aw__sc-1yb43iq-1 gVAzbt\">Apuraha on 8 000 euroa. Sen turvin Koutaniemi palaa Keniaan tapaamaan aktivisti Elizabeth Nkere\u00e4, jota h\u00e4n on seurannut 14 vuotta.<\/li>\n<li class=\"aw__sc-1yb43iq-1 gVAzbt\">Tavoitteena on kansainv\u00e4linen n\u00e4yttely ja kirja.<\/li>\n<\/ul>\n<p class=\"aw__sc-1qwuw0s-0 aw__sc-ngllmo-0 epAWpq fzYpjk yle__article__paragraph\">Valokuvajournalisti <strong class=\"aw__sc-ngllmo-2 gdRrun yle__article__strong\">Meeri Koutaniemi<\/strong> on voittanut arvostetun Canon Female Photojournalist Grant 2026 -apurahan.<\/p>\n<p class=\"aw__sc-1qwuw0s-0 aw__sc-ngllmo-0 epAWpq fzYpjk yle__article__paragraph\">Canon ja kansainv\u00e4linen Visa pour l&#8217;Image -festivaali my\u00f6nt\u00e4v\u00e4t vuosittain apurahan, joka tukee pitki\u00e4 dokumentaarisia valokuvaprojekteja.<\/p>\n<p class=\"aw__sc-1qwuw0s-0 aw__sc-ngllmo-0 epAWpq fzYpjk yle__article__paragraph\">\u2013 Tuli kyll\u00e4 tunteet pintaan siit\u00e4 tuesta ja kannustuksesta, Koutaniemi kuvailee tunnelmiaan saatuaan soiton apurahan my\u00f6nt\u00e4misest\u00e4.<\/p>\n<p class=\"aw__sc-1qwuw0s-0 aw__sc-ngllmo-0 epAWpq fzYpjk yle__article__paragraph\">Koutaniemi palkittiin pitk\u00e4aikaisesta ty\u00f6st\u00e4\u00e4n, jossa h\u00e4n on kuvannut tytt\u00f6jen ja naisten sukuelinten silpomista ja sit\u00e4 vastaan taistelevia aktivisteja.<\/p>\n<p class=\"aw__sc-1qwuw0s-0 aw__sc-ngllmo-0 epAWpq fzYpjk yle__article__paragraph\">H\u00e4n on kuvannut silpomisen seurauksia ja seurannut ihmisi\u00e4, jotka yritt\u00e4v\u00e4t muuttaa yhteis\u00f6jens\u00e4 toimintaa sis\u00e4lt\u00e4p\u00e4in.<\/p>\n<p class=\"aw__sc-1qwuw0s-0 aw__sc-ngllmo-0 epAWpq fzYpjk yle__article__paragraph\">Apurahan suuruus on 8\u00a0000 euroa.<\/p>\n<p class=\"aw__sc-1qwuw0s-0 aw__sc-ngllmo-0 epAWpq fzYpjk yle__article__paragraph\">Apurahan turvin Koutaniemi aikoo muun muassa palata Keniaan tapaamaan aktivisti <strong class=\"aw__sc-ngllmo-2 gdRrun yle__article__strong\">Elizabeth Nkere\u00e4<\/strong>.<\/p>\n<p class=\"aw__sc-1qwuw0s-0 aw__sc-ngllmo-0 epAWpq fzYpjk yle__article__paragraph\">Koutaniemi kuvasi Nkere\u00e4 ensimm\u00e4isen kerran 14 vuotta sitten Narokissa Keniassa. Tuolloin Nkere oli itse selvinnyt silpomiselta ja paennut 9-vuotiaana j\u00e4rjestetty\u00e4 avioliittoa.<\/p>\n<p class=\"aw__sc-1qwuw0s-0 aw__sc-ngllmo-0 epAWpq fzYpjk yle__article__paragraph\">Sittemmin h\u00e4nest\u00e4 on tullut merkitt\u00e4v\u00e4 yhteis\u00f6vaikuttaja, joka suojelee tytt\u00f6j\u00e4 silpomiselta ja pakkoavioliitoilta sek\u00e4 tekee ty\u00f6t\u00e4 koulutuksen ja tytt\u00f6jen oikeuksien puolesta.<\/p>\n<p class=\"aw__sc-1qwuw0s-0 aw__sc-ngllmo-0 epAWpq fzYpjk yle__article__paragraph\">\u2013 H\u00e4n l\u00e4hti ihan jalkaty\u00f6ll\u00e4 kiert\u00e4m\u00e4\u00e4n erilaisia kyli\u00e4, kouluja, kirkkoja ja yhteis\u00f6j\u00e4 ja piti puheita silpomisen vaaroista ja lapsiavioliiton haitallisuudesta. N\u00e4iden puheiden kautta Elizabeth alkoi muuttaa paikallisten yhteis\u00f6jen asenteita.<\/p>\n<p class=\"aw__sc-1qwuw0s-0 aw__sc-ngllmo-0 epAWpq fzYpjk yle__article__paragraph\">Elizabeth Nkerell\u00e4 oli aiemmin tytt\u00f6jen turvakoti, jossa asui 40 silpomiselta ja lapsiavioliitolta paennutta tytt\u00f6\u00e4. Sittemmin h\u00e4n on jatkanut ty\u00f6t\u00e4\u00e4n aktivistina.<\/p>\n<p class=\"aw__sc-1qwuw0s-0 aw__sc-ngllmo-0 epAWpq fzYpjk yle__article__paragraph\">\u2013 N\u00e4itten vuosien aikana Elizabeth on muuttanut tuhansien, ellei kymmenien tuhansien ihmisten mielipiteit\u00e4 ja asenteita, Koutaniemi sanoo.<\/p>\n<p>Tavoitteena kansainv\u00e4linen n\u00e4yttely ja visuaalinen tietokirja<\/p>\n<p class=\"aw__sc-1qwuw0s-0 aw__sc-ngllmo-0 epAWpq fzYpjk yle__article__paragraph\">Uusi projektikokonaisuus tarkastelee t\u00e4llaisen pitk\u00e4j\u00e4nteisen aktivismin vaikutuksia yksil\u00f6ihin ja yhteis\u00f6ihin.<\/p>\n<p class=\"aw__sc-1qwuw0s-0 aw__sc-ngllmo-0 epAWpq fzYpjk yle__article__paragraph\">Se kysyy, miten asenteet tytt\u00f6jen itsem\u00e4\u00e4r\u00e4\u00e4misoikeutta ja koulutusta kohtaan ovat muuttuneet, millaista vastustusta aktivistit edelleen kohtaavat ja miten yhden ihmisen ty\u00f6 voi synnytt\u00e4\u00e4 laajaa yhteiskunnallista muutosta.<\/p>\n<p><img decoding=\"async\" alt=\"Nuori tytt\u00f6 katsoo haaveilevasti eteenp\u00e4in.\" src=\"https:\/\/www.europesays.com\/fi\/wp-content\/uploads\/2026\/08\/1787659723.jpeg\" loading=\"lazy\" class=\"aw__sc-dklauk-0 LPzKX\"\/><\/p>\n<p>Avaa kuvien katselu<\/p>\n<p>Elizabeth Nkere pakeni lapsena silpomista ja lapsiavioliittoa. Kuva: Meeri Koutaniemi<\/p>\n<p class=\"aw__sc-1qwuw0s-0 aw__sc-ngllmo-0 epAWpq fzYpjk yle__article__paragraph\">Elizabethin el\u00e4m\u00e4nty\u00f6 n\u00e4ytt\u00e4\u00e4 Koutaniemen mukaan konkreettisesti, miten v\u00e4kivaltaisia k\u00e4yt\u00e4nt\u00f6j\u00e4 voidaan haastaa ja yhteis\u00f6n asenteita muuttaa sis\u00e4lt\u00e4p\u00e4in.<\/p>\n<p class=\"aw__sc-1qwuw0s-0 aw__sc-ngllmo-0 epAWpq fzYpjk yle__article__paragraph\">\u2013 Pelk\u00e4t lakimuutokset eiv\u00e4t riit\u00e4, eik\u00e4 ulkopuolelta voida sanoa, mik\u00e4 on oikein ja mik\u00e4 v\u00e4\u00e4rin. Muutosvoimat kumpuavat kulttuurin sis\u00e4lt\u00e4 k\u00e4sin, Koutaniemi painottaa.<\/p>\n<p class=\"aw__sc-1qwuw0s-0 aw__sc-ngllmo-0 epAWpq fzYpjk yle__article__paragraph\">Valmistuva kokonaisuus tulee osaksi Koutaniemen laajaa sukuelinten silpomista k\u00e4sittelev\u00e4\u00e4 dokumenttiprojektia. Tavoitteena on kansainv\u00e4linen n\u00e4yttely ja visuaalinen tietokirja.<\/p>\n<p><img decoding=\"async\" alt=\"Nainen katsoo muotokuvassa suoraan kameraan.\" src=\"https:\/\/www.europesays.com\/fi\/wp-content\/uploads\/2026\/08\/1787660422.jpeg\" loading=\"lazy\" class=\"aw__sc-dklauk-0 LPzKX\"\/><\/p>\n<p>Avaa kuvien katselu<\/p>\n<p>Meeri Koutaniemi on kuvannut silpomisen tematiikkaa 14 maassa. Kuva: Christian Pirskanen<\/p>\n<p class=\"aw__sc-1qwuw0s-0 aw__sc-ngllmo-0 epAWpq fzYpjk yle__article__paragraph\">Kyseess\u00e4 ei Koutaniemen mukaan ole vain Afrikan ihmisoikeusongelma. H\u00e4n on kuvannut silpomisaihetta 14 maassa.<\/p>\n<p class=\"aw__sc-1qwuw0s-0 aw__sc-ngllmo-0 epAWpq fzYpjk yle__article__paragraph\">\u2013 Olen haastatellut valkoisia ymp\u00e4rileikattuja kristittyj\u00e4 naisia, joille t\u00e4m\u00e4 on tehty ihan samalla tavalla, mutta vain vuosikymmeni\u00e4 aikaisemmin.<\/p>\n<p>Kotiseudulta voimaa ja rauhaa<\/p>\n<p class=\"aw__sc-1qwuw0s-0 aw__sc-ngllmo-0 epAWpq fzYpjk yle__article__paragraph\">Kuusamosta l\u00e4ht\u00f6isin oleva Koutaniemi vastaanottaa palkinnon Visa pour l&#8217;Image -valokuvajournalismifestivaalilla Perpignanissa Ranskassa 4. syyskuuta.<\/p>\n<p class=\"aw__sc-1qwuw0s-0 aw__sc-ngllmo-0 epAWpq fzYpjk yle__article__paragraph\">Kotiseutu on Koutaniemelle t\u00e4rke\u00e4. H\u00e4n sanoo, ett\u00e4 on pit\u00e4nyt matkustaa maailman toiselle laidalle ymm\u00e4rt\u00e4\u00e4kseen, mik\u00e4 on kaikkein merkityksellisin paikka.<\/p>\n<p class=\"aw__sc-1qwuw0s-0 aw__sc-ngllmo-0 epAWpq fzYpjk yle__article__paragraph\">\u2013 Min\u00e4 ammennan kotiseudulta itselleni voimaa ja rauhaa. Se luontoyhteys, jonka olen lapsena saanut, on minulla koko ajan mukana. Juurten merkityst\u00e4 ei voi tarpeeksi korostaa.<\/p>\n<p>Valokuvajournalisti Meeri Koutaniemi teki koreografi Hanna Brotheruksen kanssa Oulun kulttuurip\u00e4\u00e4kaupunkivuoden ohjelmistoon suuren yhteistanssiteoksen Oulun Nallikarissa kes\u00e4kuussa.<\/p>\n","protected":false},"excerpt":{"rendered":"Koutaniemi aikoo palata Keniaan kuvaamaan aktivisteja, jotka taistelevat tytt\u00f6jen ja naisten sukuelinten silpomista vastaan. Avaa kuvien katselu Valokuvajournalisti&hellip;\n","protected":false},"author":2,"featured_media":333354,"comment_status":"","ping_status":"","sticky":false,"template":"","format":"standard","meta":{"footnotes":"","_share_on_mastodon":"0"},"categories":[135],"tags":[389,387,388,390,137,33,31,30,71,108,1013,14598,728,28336,32,394,393,391,392,11399,2365,109],"class_list":["post-333353","post","type-post","status-publish","format-standard","has-post-thumbnail","category-taiteet-ja-suunnittelu","tag-arts","tag-arts-and-design","tag-artsanddesign","tag-design","tag-entertainment","tag-fi","tag-finland","tag-finnish","tag-kotimaa","tag-kulttuuri","tag-kuvataide","tag-meeri-koutaniemi","tag-pohjois-pohjanmaa","tag-silpominen","tag-suomi","tag-suunnittelu","tag-taiteet","tag-taiteet-ja-suunnittelu","tag-taiteetsuunnittelu","tag-valokuvaajat","tag-valokuvaus","tag-viihde"],"share_on_mastodon":{"url":"https:\/\/pubeurope.com\/@fi\/117156938044984389","error":""},"_links":{"self":[{"href":"https:\/\/www.europesays.com\/fi\/wp-json\/wp\/v2\/posts\/333353","targetHints":{"allow":["GET"]}}],"collection":[{"href":"https:\/\/www.europesays.com\/fi\/wp-json\/wp\/v2\/posts"}],"about":[{"href":"https:\/\/www.europesays.com\/fi\/wp-json\/wp\/v2\/types\/post"}],"author":[{"embeddable":true,"href":"https:\/\/www.europesays.com\/fi\/wp-json\/wp\/v2\/users\/2"}],"replies":[{"embeddable":true,"href":"https:\/\/www.europesays.com\/fi\/wp-json\/wp\/v2\/comments?post=333353"}],"version-history":[{"count":0,"href":"https:\/\/www.europesays.com\/fi\/wp-json\/wp\/v2\/posts\/333353\/revisions"}],"wp:featuredmedia":[{"embeddable":true,"href":"https:\/\/www.europesays.com\/fi\/wp-json\/wp\/v2\/media\/333354"}],"wp:attachment":[{"href":"https:\/\/www.europesays.com\/fi\/wp-json\/wp\/v2\/media?parent=333353"}],"wp:term":[{"taxonomy":"category","embeddable":true,"href":"https:\/\/www.europesays.com\/fi\/wp-json\/wp\/v2\/categories?post=333353"},{"taxonomy":"post_tag","embeddable":true,"href":"https:\/\/www.europesays.com\/fi\/wp-json\/wp\/v2\/tags?post=333353"}],"curies":[{"name":"wp","href":"https:\/\/api.w.org\/{rel}","templated":true}]}}