{"id":333357,"date":"2026-08-25T15:55:15","date_gmt":"2026-08-25T15:55:15","guid":{"rendered":"https:\/\/www.europesays.com\/fi\/333357\/"},"modified":"2026-08-25T15:55:15","modified_gmt":"2026-08-25T15:55:15","slug":"yhteishuoltajuuden-saanut-helena-koivu-painava-ulostulo","status":"publish","type":"post","link":"https:\/\/www.europesays.com\/fi\/333357\/","title":{"rendered":"Yhteishuoltajuuden saanut Helena Koivu: Painava ulostulo"},"content":{"rendered":"<p>            Topi Kanerva\n        <\/p>\n<p class=\"subtitle \">K\u00e4r\u00e4j\u00e4oikeus antoi p\u00e4\u00e4t\u00f6ksens\u00e4 Koivujen huoltajuuskiistassa kes\u00e4kuussa.<\/p>\n<p class=\"article-content article-content-width !bg-background\"> ja ex-j\u00e4\u00e4kiekkoilija  l\u00e4htiv\u00e4t eri teille vuonna 2020. V\u00e4\u00e4nt\u00f6\u00e4 on kuitenkin riitt\u00e4nyt niin omaisuuden jakamisen, avioeron viimeistelyn kuin lasten huoltajuuden suhteen.\u00a0<\/p>\n<p class=\"font-weight-bold m-font-weight-bold article-content article-content-width !bg-background\">Video: Mikko Koivu saapui k\u00e4r\u00e4j\u00e4oikeuteen:<\/p>\n<p class=\"article-content article-content-width !bg-background\">Avioerolle viimeinen niitti saatiin 2024. Huoltajuuskiistassa taasen saavutettiin ainakin v\u00e4lietappi kes\u00e4kuussa, kun <a href=\"https:\/\/www.seiska.fi\/kotimaa\/helena-ja-mikko-koivun-huoltajuuskiista-ratkesi\/2192016\" target=\"_blank\" rel=\"nofollow noopener\">Varsinais-Suomen k\u00e4r\u00e4j\u00e4oikeus m\u00e4\u00e4r\u00e4si Koivuille yhteishuoltajuuden<\/a>.\u00a0<\/p>\n<p class=\"article-content article-content-width !bg-background\">K\u00e4r\u00e4j\u00e4oikeuden p\u00e4\u00e4t\u00f6ksen mukaan Helenan ja Mikon lapset viett\u00e4v\u00e4t aikaa kummankin vanhempansa luona tasapuolisesti vuoroviikoin.<\/p>\n<p>        <a itemprop=\"url\" href=\"https:\/\/www.seiska.fi\/vain-seiskassa\/vapaalle-vaihtanut-helena-koivu-teki-vaikutuksen-juhlakansaan-kuva-jokilaivalta\/2204025\" rel=\"nofollow noopener\" target=\"_blank\"><\/p>\n<p>\nSalakuva!\n<\/p>\n<p class=\"section-date\">\n        <strong class=\"article-section\" data-section=\"vain seiskassa\"><br \/>\n            vain seiskassa<br \/>\n        <\/strong><br \/>\n        13.7. 07:00\n    <\/p>\n<p>Vapaalle vaihtanut Helena Koivu teki vaikutuksen juhlakansaan \u2013 kuva jokilaivalta!\n    <\/p>\n<p itemprop=\"description\" class=\"subtitle \">\n    Miespuolisen lukijan ja Helenan tarinat eroavat tarjottujen shottien osalta.\n<\/p>\n<p>        <\/a><\/p>\n<p class=\"article-content article-content-width !bg-background\">Mikko haki lasten yksinhuoltajuutta, kun taas Helena halusi jatkaa yhteishuoltajuutta.\u00a0 Oikeus siis p\u00e4\u00e4tyi Helenan kannalle, joskaan tuomio ei ole viel\u00e4 lainvoimainen.\u00a0<\/p>\n<p>                <img decoding=\"async\" src=\"https:\/\/www.europesays.com\/fi\/wp-content\/uploads\/2026\/08\/2243843.webp\" width=\"576\" height=\"332\" alt=\"Helenan ja Mikon eroa on puitu niin Suomessa kuin Yhdysvalloissakin. Arkistokuva kes\u00e4kuulta 2026.\" loading=\"lazy\" \/>            <\/p>\n<p>\n            Helenan ja Mikon eroa on puitu niin Suomessa kuin Yhdysvalloissakin. Arkistokuva kes\u00e4kuulta 2026.<br \/>\n            Topi Kanerva\n        <\/p>\n<p>&#8221;Lapset voi hyvin&#8221;<\/p>\n<p class=\"article-content article-content-width !bg-background\">Helena on jakanut el\u00e4m\u00e4ns\u00e4 k\u00e4\u00e4nteit\u00e4 huoltajuusriitaa my\u00f6ten ahkerasti someseuraajilleen. Tiistaina (25.8.) h\u00e4n avasi j\u00e4lleen sanaisen arkkunsa Instagram-tarinoissaan. Julkaisu on n\u00e4ht\u00e4viss\u00e4 24 tuntia.\u00a0<\/p>\n<p class=\"article-content article-content-width !bg-background\">Helena esittelee itsens\u00e4 julkaisussa ja kuvailee jakavansa somessa tavallista arkeaan. H\u00e4n korostaa puhuvansa my\u00f6s sellaisista asioista, joiden kokee olevan v\u00e4\u00e4rin.\u00a0<\/p>\n<p class=\"article-content article-content-width !bg-background\">\u2013 Uskon, ett\u00e4 ep\u00e4kohdista pit\u00e4\u00e4 uskaltaa puhua \u00e4\u00e4neen, vaikka se ei aina kaikkia miellytt\u00e4isik\u00e4\u00e4n, Helena kirjoittaa ja jatkaa per\u00e4\u00e4n:\u00a0<\/p>\n<p class=\"article-content article-content-width !bg-background\">\u2013 Mutta yksi pieni aamun muistutus my\u00f6s: mun lapset voi hyvin.\u00a0<\/p>\n<p>        <a itemprop=\"url\" href=\"https:\/\/www.seiska.fi\/kotimaa\/mita-nyt-helena-koivu-karsii-mystisesta-paatoksesta\/2199261\" rel=\"nofollow noopener\" target=\"_blank\"><\/p>\n<p>\nMit\u00e4 nyt, Helena Koivu?\n<\/p>\n<p class=\"section-date\">\n        <strong class=\"article-section\" data-section=\"kotimaa\"><br \/>\n            kotimaa<br \/>\n        <\/strong><br \/>\n        4.7. 20:22\n    <\/p>\n<p>Mit\u00e4 nyt? Helena Koivu k\u00e4rsii mystisest\u00e4 p\u00e4\u00e4t\u00f6ksest\u00e4\n    <\/p>\n<p itemprop=\"description\" class=\"subtitle \">\n    Helena julkaisi Instagramissa kauniita muistoja lastensa naperovuosilta Yhdysvalloissa, mutta my\u00f6s erikoisen vetoomuksen totuuden puolesta.\n<\/p>\n<p>        <\/a><\/p>\n<p>Painava vetoomus<\/p>\n<p class=\"article-content article-content-width !bg-background\">Ex-kiekkovaimon avoimuus ja ulostulot eiv\u00e4t ole aina olleet kaikkien mieleen. H\u00e4n kirjoittaa keskustelevansa mielell\u00e4\u00e4n my\u00f6s h\u00e4nen kanssaan eri mielt\u00e4 olevien henkil\u00f6iden kanssa, ja kehottaa seuraajiaan olemaan h\u00e4neen rohkeasti yhteydess\u00e4.\u00a0<\/p>\n<p class=\"article-content article-content-width !bg-background\">\u2013 Lastensuojelun resursseja ei kuitenkaan pit\u00e4isi k\u00e4ytt\u00e4\u00e4 siihen, ett\u00e4 puretaan omaa pahaa oloa tai mielipiteit\u00e4 ihmisest\u00e4, jota\u00a0 seurataan somessa, h\u00e4n huomauttaa.\u00a0<\/p>\n<p>        <a itemprop=\"url\" href=\"https:\/\/www.seiska.fi\/kotimaa\/helena-koivu-haipyi-lasten-kanssa-viroon\/2192539\" rel=\"nofollow noopener\" target=\"_blank\"><\/p>\n<p>\nHelena Koivu\n<\/p>\n<p class=\"section-date\">\n        <strong class=\"article-section\" data-section=\"kotimaa\"><br \/>\n            kotimaa<br \/>\n        <\/strong><br \/>\n        28.6. 09:00\n    <\/p>\n<p>Helena Koivu h\u00e4ipyi lasten kanssa Viroon!\n    <\/p>\n<p itemprop=\"description\" class=\"subtitle \">\n    Aiemmin t\u00e4ll\u00e4 viikolla Helena sai hyvi\u00e4 uutisia, kun Varsinais-Suomen k\u00e4r\u00e4j\u00e4oikeus m\u00e4\u00e4r\u00e4si h\u00e4nelle ja Mikolle yhteishuoltajuuden.\n<\/p>\n<p>        <\/a><\/p>\n<p class=\"article-content article-content-width !bg-background\">Helena ei suoraan kerro, onko heid\u00e4n perheest\u00e4\u00e4n tehty lastensuojeluilmoitus tai sit\u00e4, milloin asia olisi tapahtunut. H\u00e4n kuitenkin toivoo, ett\u00e4 viranomaisten resurssit j\u00e4tett\u00e4isiin niille, jotka niit\u00e4 todella tarvitsevat.\u00a0<\/p>\n<p class=\"article-content article-content-width !bg-background\">\u2013 Ja kaiken muun keskell\u00e4 m\u00e4 aion edelleen nauttia el\u00e4m\u00e4st\u00e4, Helena julistaa.\u00a0<\/p>\n","protected":false},"excerpt":{"rendered":"Topi Kanerva K\u00e4r\u00e4j\u00e4oikeus antoi p\u00e4\u00e4t\u00f6ksens\u00e4 Koivujen huoltajuuskiistassa kes\u00e4kuussa. ja ex-j\u00e4\u00e4kiekkoilija l\u00e4htiv\u00e4t eri teille vuonna 2020. V\u00e4\u00e4nt\u00f6\u00e4 on kuitenkin&hellip;\n","protected":false},"author":2,"featured_media":333358,"comment_status":"","ping_status":"","sticky":false,"template":"","format":"standard","meta":{"footnotes":"","_share_on_mastodon":"0"},"categories":[130],"tags":[137,1664,33,31,30,3124,12039,6306,99,881,3127,98,32,22048,109],"class_list":["post-333357","post","type-post","status-publish","format-standard","has-post-thumbnail","category-viihde","tag-entertainment","tag-ero","tag-fi","tag-finland","tag-finnish","tag-helena-koivu","tag-huoltajuus","tag-huoltajuuskiista","tag-lapset","tag-lastensuojelu","tag-mikko-koivu","tag-perhe","tag-suomi","tag-ulostulo","tag-viihde"],"share_on_mastodon":{"url":"https:\/\/pubeurope.com\/@fi\/117156966078366752","error":""},"_links":{"self":[{"href":"https:\/\/www.europesays.com\/fi\/wp-json\/wp\/v2\/posts\/333357","targetHints":{"allow":["GET"]}}],"collection":[{"href":"https:\/\/www.europesays.com\/fi\/wp-json\/wp\/v2\/posts"}],"about":[{"href":"https:\/\/www.europesays.com\/fi\/wp-json\/wp\/v2\/types\/post"}],"author":[{"embeddable":true,"href":"https:\/\/www.europesays.com\/fi\/wp-json\/wp\/v2\/users\/2"}],"replies":[{"embeddable":true,"href":"https:\/\/www.europesays.com\/fi\/wp-json\/wp\/v2\/comments?post=333357"}],"version-history":[{"count":0,"href":"https:\/\/www.europesays.com\/fi\/wp-json\/wp\/v2\/posts\/333357\/revisions"}],"wp:featuredmedia":[{"embeddable":true,"href":"https:\/\/www.europesays.com\/fi\/wp-json\/wp\/v2\/media\/333358"}],"wp:attachment":[{"href":"https:\/\/www.europesays.com\/fi\/wp-json\/wp\/v2\/media?parent=333357"}],"wp:term":[{"taxonomy":"category","embeddable":true,"href":"https:\/\/www.europesays.com\/fi\/wp-json\/wp\/v2\/categories?post=333357"},{"taxonomy":"post_tag","embeddable":true,"href":"https:\/\/www.europesays.com\/fi\/wp-json\/wp\/v2\/tags?post=333357"}],"curies":[{"name":"wp","href":"https:\/\/api.w.org\/{rel}","templated":true}]}}