{"id":333389,"date":"2026-08-25T16:51:09","date_gmt":"2026-08-25T16:51:09","guid":{"rendered":"https:\/\/www.europesays.com\/fi\/333389\/"},"modified":"2026-08-25T16:51:09","modified_gmt":"2026-08-25T16:51:09","slug":"venaja-sanoo-iskenneensa-viiteen-alukseen-ukrainan-mustanmeren-satamissa-uutiset","status":"publish","type":"post","link":"https:\/\/www.europesays.com\/fi\/333389\/","title":{"rendered":"Ven\u00e4j\u00e4 sanoo iskenneens\u00e4 viiteen alukseen Ukrainan Mustanmeren satamissa | Uutiset"},"content":{"rendered":"<p>Reutersin l\u00e4hteet: Ven\u00e4j\u00e4 jatkaa dieselin vientikieltoaAutoilijat jonottavat polttoainetta Moskovassa 19. elokuuta.<\/p>\n<p class=\"aw__sc-1fr77j0-1 TDEqA\">Ven\u00e4j\u00e4  jatkaa dieselin vientikieltoa syyskuun loppuun, kolme alan l\u00e4hdett\u00e4 kertoo uutistoimisto Reutersille. Polttoainepula jatkuu Ven\u00e4j\u00e4n markkinoilla, kun useat jalostamot ovat keskeytt\u00e4neet toimintansa Ukrainan drooni-iskujen j\u00e4lkeen.<\/p>\n<p class=\"aw__sc-1fr77j0-1 TDEqA\">Yksi l\u00e4hteist\u00e4 kertoo, ett\u00e4 Ven\u00e4j\u00e4 harkitisis kiellon jatkamista vuoden loppuun asti. Ven\u00e4j\u00e4n energiaministeri\u00f6 ei vastannut Reutersin kommenttipyynt\u00f6\u00f6n.<\/p>\n<p class=\"aw__sc-1fr77j0-1 TDEqA\">Ven\u00e4j\u00e4 otti dieselin vientikiellon k\u00e4ytt\u00f6\u00f6n 8.\u2013 31. hein\u00e4kuuta osana laajempaa toimenpidepakettia kotimaan polttoainemarkkinoiden tukemiseksi. My\u00f6hemmin sit\u00e4 jatkettiin elokuun loppuun asti.<\/p>\n<p class=\"aw__sc-1fr77j0-1 TDEqA\">Ven\u00e4j\u00e4 on my\u00f6s kielt\u00e4nyt bensiinin viennin ensi vuoden tammikuun loppuun asti vuoteen asti ja lentopolttoaineen viennin marraskuun loppuun asti.<\/p>\n<p class=\"aw__sc-1fr77j0-1 TDEqA\">Reuters<\/p>\n","protected":false},"excerpt":{"rendered":"Reutersin l\u00e4hteet: Ven\u00e4j\u00e4 jatkaa dieselin vientikieltoaAutoilijat jonottavat polttoainetta Moskovassa 19. elokuuta. Ven\u00e4j\u00e4 jatkaa dieselin vientikieltoa syyskuun loppuun, kolme&hellip;\n","protected":false},"author":2,"featured_media":333390,"comment_status":"","ping_status":"","sticky":false,"template":"","format":"standard","meta":{"footnotes":"","_share_on_mastodon":"0"},"categories":[14],"tags":[22,23,26,27,33,31,30,17,70,24,25,28,29,15,18,21,32,19,20,1303,56,16,547,987,59,60,61],"class_list":["post-333389","post","type-post","status-publish","format-standard","has-post-thumbnail","category-ulkomaat","tag-breaking-news","tag-breakingnews","tag-featured-news","tag-featurednews","tag-fi","tag-finland","tag-finnish","tag-headlines","tag-kansainvalinen-politiikka","tag-latest-news","tag-latestnews","tag-main-news","tag-mainnews","tag-news","tag-otsikot","tag-paauutiset","tag-suomi","tag-top-stories","tag-topstories","tag-ukraina","tag-ulkomaat","tag-uutiset","tag-venaja","tag-venajan-hyokkays","tag-world","tag-world-news","tag-worldnews"],"share_on_mastodon":{"url":"https:\/\/pubeurope.com\/@fi\/117157185911985981","error":""},"_links":{"self":[{"href":"https:\/\/www.europesays.com\/fi\/wp-json\/wp\/v2\/posts\/333389","targetHints":{"allow":["GET"]}}],"collection":[{"href":"https:\/\/www.europesays.com\/fi\/wp-json\/wp\/v2\/posts"}],"about":[{"href":"https:\/\/www.europesays.com\/fi\/wp-json\/wp\/v2\/types\/post"}],"author":[{"embeddable":true,"href":"https:\/\/www.europesays.com\/fi\/wp-json\/wp\/v2\/users\/2"}],"replies":[{"embeddable":true,"href":"https:\/\/www.europesays.com\/fi\/wp-json\/wp\/v2\/comments?post=333389"}],"version-history":[{"count":0,"href":"https:\/\/www.europesays.com\/fi\/wp-json\/wp\/v2\/posts\/333389\/revisions"}],"wp:featuredmedia":[{"embeddable":true,"href":"https:\/\/www.europesays.com\/fi\/wp-json\/wp\/v2\/media\/333390"}],"wp:attachment":[{"href":"https:\/\/www.europesays.com\/fi\/wp-json\/wp\/v2\/media?parent=333389"}],"wp:term":[{"taxonomy":"category","embeddable":true,"href":"https:\/\/www.europesays.com\/fi\/wp-json\/wp\/v2\/categories?post=333389"},{"taxonomy":"post_tag","embeddable":true,"href":"https:\/\/www.europesays.com\/fi\/wp-json\/wp\/v2\/tags?post=333389"}],"curies":[{"name":"wp","href":"https:\/\/api.w.org\/{rel}","templated":true}]}}