{"id":333415,"date":"2026-08-25T17:30:13","date_gmt":"2026-08-25T17:30:13","guid":{"rendered":"https:\/\/www.europesays.com\/fi\/333415\/"},"modified":"2026-08-25T17:30:13","modified_gmt":"2026-08-25T17:30:13","slug":"garmin-fenix-9-pro-tuo-taystitaanisen-rungon-ja-3-000-nitin-nayton-hinnat-alkavat-yli-tuhannesta-eurosta","status":"publish","type":"post","link":"https:\/\/www.europesays.com\/fi\/333415\/","title":{"rendered":"Garmin fenix 9 Pro tuo t\u00e4ystitaanisen rungon ja 3 000 nitin n\u00e4yt\u00f6n \u2013 hinnat alkavat yli tuhannesta eurosta"},"content":{"rendered":"<p>\t\t\t\t<b>Garmin<\/b> on esitellyt uuden sukupolven huippukellonsa, f\u0113nix 9- ja f\u0113nix 9 Pro -monilajikellot. Kaksikko jatkaa Garminin vaativille urheilijoille ja ulkoilijoille suunnatun malliston kehityst\u00e4 tuomalla parannuksia n\u00e4ytt\u00f6teknologiaan, karttojen suorituskykyyn, harjoittelun seurantaan sek\u00e4 itsen\u00e4isiin yhteysominaisuuksiin.<\/p>\n<p>Molemmat mallit saapuvat saataville kolmessa eri runkokoossa: 43, 47 ja 51 millimetrin vaihtoehtoina.<\/p>\n<p>Lis\u00e4ksi kelloihin on tuotu uudet, joustavasta ja pehme\u00e4st\u00e4 kankaasta valmistetut ComfortFit-rannekkeet QuickFit-pikakiinnityksell\u00e4.<\/p>\n<p>Hintataso pysyttelee Garminin parhaalle mallisarjalle ominaisesti korkealla, sill\u00e4 perusmalli f\u0113nix 9:n hinnat alkavat 1 046 eurosta ja f\u0113nix 9 Pron suositushinnat 1 151 eurosta.<\/p>\n<p>Garmin fenix 9Perusmallin f\u0113nix 9 tuo mukanaan selvi\u00e4 harppauksia edelt\u00e4v\u00e4\u00e4n f\u0113nix 8 -malliin verrattuna. Laitteen AMOLED-n\u00e4ytt\u00f6 on Garminin mukaan kaksi kertaa aiempaa kirkkaampi, ja n\u00e4yt\u00f6n suojana k\u00e4ytet\u00e4\u00e4n kest\u00e4v\u00e4\u00e4 safiirilasia. Kellossa on edelt\u00e4j\u00e4ns\u00e4 tavoin vesitiiviit painikkeet ja 40 metrin sukelluskest\u00e4vyys.&#13;<\/p>\n<p>Merkitt\u00e4v\u00e4 parannus on tehty kellon sis\u00e4iseen suorituskykyyn. Laitteessa on 50 prosenttia suurempi RAM-muisti sek\u00e4 uudistettu karttamoottori, joiden ansiosta integroitujen topografisten ja reititett\u00e4vien karttojen selaaminen on jopa 30 prosenttia nopeampaa.<\/p>\n<p>Uusi perspektiivin\u00e4kym\u00e4 auttaa hahmottamaan maastoa ja tulevaa reitti\u00e4 entist\u00e4 paremmin etuk\u00e4teen. Sis\u00e4inen tallennustila on tuplattu 64 gigatavuun, mik\u00e4 mahdollistaa kaksinkertaisen karttam\u00e4\u00e4r\u00e4n lataamisen ja jopa 7 000 musiikkikappaleen tallentamisen suoraan kellon muistiin.<\/p>\n<p>Kookkaimmassa 51 millimetrin versiossa akunkesto ylt\u00e4\u00e4 \u00e4lykellotilassa jopa 29 p\u00e4iv\u00e4\u00e4n.<\/p>\n<p>Harjoittelun tueksi f\u0113nix 9 tuo uudet Stamina Curves -kest\u00e4vyysk\u00e4yr\u00e4t ja Stamina Zones -kest\u00e4vyysalueet, jotka auttavat juoksijoita ja py\u00f6r\u00e4ilij\u00f6it\u00e4 hallitsemaan vauhdinjakoaan kilpailuissa ja pitkiss\u00e4 suorituksissa.<\/p>\n<p>Lis\u00e4ksi kello laajentaa painoliivin tai -repun kanssa teht\u00e4vien rucking-harjoitusten seurantaa sek\u00e4 tarjoaa sis\u00e4soutuun tarkempia teho- ja VO2 Max -tietoja yhteensopivan soutulaitteen kanssa.<\/p>\n<p>Tekniset tiedot:<\/p>\n<p>Garmin fenix 9 ProMalliston huippua edustava f\u0113nix 9 Pro erottuu sisarmallistaan uusilla materiaalivalinnoilla ja puhelimesta riippumattomilla yhteyksill\u00e4\u00e4n.<\/p>\n<p>Se on Garminin ensimm\u00e4inen f\u0113nix-malli, jossa on t\u00e4ystitaaninen kellorunko. Rungon valmistuksessa hy\u00f6dynnet\u00e4\u00e4n kehittynytt\u00e4 nanomuovausteknologiaa, joka yhdist\u00e4\u00e4 metallin ja polymeerin molekyylitasolla tehden kellosta samanaikaisesti kest\u00e4v\u00e4n, kevyen ja aiempaa ohuemman.<\/p>\n<p>f\u0113nix 9 Pron AMOLED-n\u00e4ytt\u00f6 ylt\u00e4\u00e4 jopa 3 000 nitin huippukirkkauteen, mik\u00e4 parantaa luettavuutta suorassa auringonpaisteessa.&#13;\n\t\t\t\t<\/p>\n<p>Suurimmassa 51 millimetrin Pro-mallissa on lis\u00e4ksi Garminin ensimm\u00e4inen 1,5 tuuman AMOLED-paneeli, joka tarjoaa 15 prosenttia enemm\u00e4n n\u00e4ytt\u00f6pinta-alaa ilman kellorungon ulkomittojen kasvattamista.<\/p>\n<p>Tarjolle tulee my\u00f6s aurinkokennolla varustettuja Solar-malleja, joiden akunkesto ylt\u00e4\u00e4 aurinkolatauksella jopa 57 p\u00e4iv\u00e4\u00e4n. Suurimman AMOLED-n\u00e4yt\u00f6llisen Pro-version akunkesto on \u00e4lykellotilassa parhaimmillaan 31 p\u00e4iv\u00e4\u00e4.<\/p>\n<p>Pime\u00e4ss\u00e4 liikkumista varten rungon integroituun LED-taskulamppuun on lis\u00e4tty pime\u00e4n\u00e4k\u00f6\u00e4 s\u00e4\u00e4st\u00e4v\u00e4 vihre\u00e4 valotila.<\/p>\n<p>Pro-malliston suurin toiminnallinen uudistus liittyy kuitenkin yhteyksiin, sill\u00e4 laitteesta l\u00f6ytyv\u00e4 inReach-satelliitti- ja LTE-yhteys on nyt tuotu ensimm\u00e4ist\u00e4 kertaa saataville kaikkiin kolmeen kokovaihtoehtoon.<\/p>\n<p>Yhteyksien avulla kello mahdollistaa puhelut, viestit ja ymp\u00e4rivuorokautisen h\u00e4t\u00e4viestinn\u00e4n Garmin Response -keskuksen kautta suoraan ranteesta ilman puhelinta.<\/p>\n<p>Kello tukee my\u00f6s satelliitin kautta vastaanotettavia s\u00e4\u00e4ennusteita, Garmin Locate -sijainnijakoa ja reaaliaikaisia LiveTrack-ilmoituksia Garmin Messenger -sovelluksen kautta. Yhteystoimintojen k\u00e4ytt\u00f6 edellytt\u00e4\u00e4 erillist\u00e4 maksullista palvelusopimusta, ja niiden toimintaan liittyy alueellisia rajoituksia.<\/p>\n<p>Tekniset tiedot:<\/p>\n<p>&#13;<br \/>\n\t\t\t\tGarmin EpicUusien kellojen ohella Garmin julkisti maksuttoman Garmin Epic -ominaisuuden, joka tulee osaksi Garmin Connect -palvelua. Toiminto on suunniteltu kokoamaan useiden p\u00e4ivien, viikkojen tai jopa kuukausien aikana kertyneet aktiviteetit yhdeksi jaettavaksi tarinaksi.<\/p>\n<p>Garmin Epic mahdollistaa esimerkiksi pitkien vaellusten, py\u00f6r\u00e4ilykilpailujen tai usean viikon voimaharjoittelujaksojen esitt\u00e4misen yhten\u00e4isen\u00e4 kokonaisuutena.<\/p>\n<p>K\u00e4ytt\u00e4j\u00e4t voivat tarkastella valitun ajanjakson terveys- ja suorituskykytietoja, lis\u00e4t\u00e4 kokonaisuuteen omia valokuviaan ja jakaa valmiin tarinan yst\u00e4villeen ja perheelleen.<\/p>\n<p>Olemme <a href=\"https:\/\/www.puhelinvertailu.com\/arvostelut\" rel=\"nofollow noopener\" target=\"_blank\">Puhelinvertailussa laajasti testailleet<\/a> Garminin kelloja, ja lis\u00e4ksi sivuiltamme l\u00f6ytyy <a href=\"https:\/\/www.puhelinvertailu.com\/uutiset\/2026\/05\/10\/opas-garmin-kellojen-erot-selitettyna\" rel=\"nofollow noopener\" target=\"_blank\">kattava opas Garmin kellojen valintaan<\/a>.<\/p>\n","protected":false},"excerpt":{"rendered":"Garmin on esitellyt uuden sukupolven huippukellonsa, f\u0113nix 9- ja f\u0113nix 9 Pro -monilajikellot. Kaksikko jatkaa Garminin vaativille urheilijoille&hellip;\n","protected":false},"author":2,"featured_media":333416,"comment_status":"","ping_status":"","sticky":false,"template":"","format":"standard","meta":{"footnotes":"","_share_on_mastodon":"0"},"categories":[86],"tags":[420,33,31,30,421,32,91,92],"class_list":["post-333415","post","type-post","status-publish","format-standard","has-post-thumbnail","category-laitteet","tag-equipment","tag-fi","tag-finland","tag-finnish","tag-laitteet","tag-suomi","tag-technology","tag-teknologia"],"share_on_mastodon":{"url":"https:\/\/pubeurope.com\/@fi\/117157339302610133","error":""},"_links":{"self":[{"href":"https:\/\/www.europesays.com\/fi\/wp-json\/wp\/v2\/posts\/333415","targetHints":{"allow":["GET"]}}],"collection":[{"href":"https:\/\/www.europesays.com\/fi\/wp-json\/wp\/v2\/posts"}],"about":[{"href":"https:\/\/www.europesays.com\/fi\/wp-json\/wp\/v2\/types\/post"}],"author":[{"embeddable":true,"href":"https:\/\/www.europesays.com\/fi\/wp-json\/wp\/v2\/users\/2"}],"replies":[{"embeddable":true,"href":"https:\/\/www.europesays.com\/fi\/wp-json\/wp\/v2\/comments?post=333415"}],"version-history":[{"count":0,"href":"https:\/\/www.europesays.com\/fi\/wp-json\/wp\/v2\/posts\/333415\/revisions"}],"wp:featuredmedia":[{"embeddable":true,"href":"https:\/\/www.europesays.com\/fi\/wp-json\/wp\/v2\/media\/333416"}],"wp:attachment":[{"href":"https:\/\/www.europesays.com\/fi\/wp-json\/wp\/v2\/media?parent=333415"}],"wp:term":[{"taxonomy":"category","embeddable":true,"href":"https:\/\/www.europesays.com\/fi\/wp-json\/wp\/v2\/categories?post=333415"},{"taxonomy":"post_tag","embeddable":true,"href":"https:\/\/www.europesays.com\/fi\/wp-json\/wp\/v2\/tags?post=333415"}],"curies":[{"name":"wp","href":"https:\/\/api.w.org\/{rel}","templated":true}]}}