{"id":333429,"date":"2026-08-25T17:57:13","date_gmt":"2026-08-25T17:57:13","guid":{"rendered":"https:\/\/www.europesays.com\/fi\/333429\/"},"modified":"2026-08-25T17:57:13","modified_gmt":"2026-08-25T17:57:13","slug":"garmin-fenix-9-pro-solar-inreach-51-mm-tekniset-tiedot-puhelinvertailu","status":"publish","type":"post","link":"https:\/\/www.europesays.com\/fi\/333429\/","title":{"rendered":"Garmin Fenix 9 Pro Solar inReach (51 mm) tekniset tiedot &#8211; Puhelinvertailu"},"content":{"rendered":"<ol>\n<li><a href=\"https:\/\/news.google.com\/rss\/articles\/CBMiggFBVV95cUxPcDlxamhOcmpqNkNQUlBpQlJ5SWNwM1FuSXdQcTQ1eXhwRmxuOTFZRW1oZDN0UWRYWWUyRE5xYWJtWkc4WXJLX3Z4S3dwYnUzRnFYeGFCVEZTU2hmN3RuWXhmejc1cVN5SEVnRFlaTFZNeERDOUpJVEZnTk5lNUE5UHp3?oc=5\" target=\"_blank\" rel=\"nofollow noopener\">Garmin Fenix 9 Pro Solar inReach (51 mm) tekniset tiedot<\/a>&nbsp;&nbsp;Puhelinvertailu<\/li>\n<li><a href=\"https:\/\/news.google.com\/rss\/articles\/CBMiogFBVV95cUxNYWdSdFJDUlhOMUxmOXo3QTI2Y1drakY5V195VjJFLWtiMnBHYnFySnJqb0tjZVhRWTM0cFduSU5JOXNlWDN0QTZrRVJCMXRfMzJEYlBwWnZoSGFfZGc5Z3ZyYmhqdTVReWJGeVpDNlFEeWpJMXl2Nlk2cmctSzFid1d1MlVpZUlLVzlVaFh1SGFsMzBReTRwMngzUjF1bXFMQ0HSAacBQVVfeXFMT1B4MG1wS1k2YjdfVVhOeW5yZ1RyUkR3TEpmdl81SG0wNko0WnNyTUF6WFhCeVBuOXVSVG43b0dpVkEzQno4WWdDaVhlWG5sOTB6UjJvX2RkZmlTWDQ4TzBvbXZxYUNYT042cFdKaUVWY0RuVklKUnFLbVRoeXdTNUhqX0VkS3B2Nm9Nb3Jpb2tfREZINHI3NnpHb3pFR1FBTGE1X0F2WUE?oc=5\" target=\"_blank\" rel=\"nofollow noopener\">Garmin fenix 9 Pro tuo t\u00e4ystitaanisen rungon ja 3 000 nitin n\u00e4yt\u00f6n \u2013 hinnat alkavat yli tuhannesta eurosta<\/a>&nbsp;&nbsp;Puhelinvertailu<\/li>\n<li><a href=\"https:\/\/news.google.com\/rss\/articles\/CBMikwFBVV95cUxQV0pHNWE4UzAzYWJJTVV6TFRxY0VkU2RJMFQxWUR6cmpsQ3F6OU5fN1hFTjFabEZ0cTNLRGNrbENKNk5yLUtTbjF4XzhKZzRraUVvVTNQMzh1WWdvOWVJZGNVc2tEMU50dHFLZ1ZydFV5SkJRMVA4OFN5MWdjckpweEtkVzJiVWxKTGtOb2g4S21oWWs?oc=5\" target=\"_blank\" rel=\"nofollow noopener\">Garmin on julkaissut uuden vakaan p\u00e4ivityksen. Se koskee kelloa Venu, Forerunner ja Vivoactive<\/a>&nbsp;&nbsp;Samsung Magazine<\/li>\n<li><a href=\"https:\/\/news.google.com\/rss\/articles\/CBMilwJBVV95cUxQRzl3RnVXMUpxekFHa0N0c2ppTTV0WkdMYzF6dDQ3c2VVQS16S2NtdlhwaE1KcTN3Q0ZkVzhDUEdjRE1Hai15TGFnYzNKYWd1SDY1WVY5TG8weFBldGxmQzFDRnpVeDNwU2Z4UmNpdWlpTkl0Q3lzSU54SUlqYlVnZ1l1WXRBU0RZT1gxeWhWZF9pbjFHV0NnMXNTcUFsOE90ekgwajhWaWwwNjVySVRidTltTEdDQk53N0puV2ZQdmFxSlVOcFFDNGR5ZVBiQ1hEdmxXYnNkWnRLM1VzbWdjNzAzOWw4aTZia253TnYtcUZBdDRmMGJNTjE5UFZEM3VqNUVaRHI0RGVKXzBQMFh0Q3JEWUtCLWc?oc=5\" target=\"_blank\" rel=\"nofollow noopener\">Garmin kasvattaa huippuluokan suorituskyky\u00e4 tarjoavien \u00e4lykellojensa mallistoa uusilla f\u0113nix 9- ja f\u0113nix 9 Pro -kelloilla<\/a>&nbsp;&nbsp;Mynewsdesk<\/li>\n<li><a href=\"https:\/\/news.google.com\/rss\/articles\/CBMiiAFBVV95cUxPel9XdTF4QTVtai1DWk5xQXRBb2xkdEJGM3N0N2FKYlRXbWZ6VmpzOWg3bnZNM0ZuQ290MTZxd3MyYkx3Z2c2VXJCWHo4eWNWb251b0xPWjY4LXlkWExQR0NWZXd2bFJITzZnSTR1WjR6Uy1sQVpILUVvUXV4YmdJTVg5OW5RVDFt?oc=5\" target=\"_blank\" rel=\"nofollow noopener\">Garmin Fenix 9 saa vihdoin ansaitsemansa suorituskyvyn. Uusi siru pyrkii ratkaisemaan kellon suurimman heikkouden.<\/a>&nbsp;&nbsp;Samsung Magazine<\/li>\n<\/ol>\n","protected":false},"excerpt":{"rendered":"Garmin Fenix 9 Pro Solar inReach (51 mm) tekniset tiedot&nbsp;&nbsp;Puhelinvertailu Garmin fenix 9 Pro tuo t\u00e4ystitaanisen rungon ja&hellip;\n","protected":false},"author":2,"featured_media":333430,"comment_status":"","ping_status":"","sticky":false,"template":"","format":"standard","meta":{"footnotes":"","_share_on_mastodon":"0"},"categories":[86],"tags":[420,33,31,30,421,32,91,92],"class_list":["post-333429","post","type-post","status-publish","format-standard","has-post-thumbnail","category-laitteet","tag-equipment","tag-fi","tag-finland","tag-finnish","tag-laitteet","tag-suomi","tag-technology","tag-teknologia"],"share_on_mastodon":{"url":"https:\/\/pubeurope.com\/@fi\/117157445396040886","error":""},"_links":{"self":[{"href":"https:\/\/www.europesays.com\/fi\/wp-json\/wp\/v2\/posts\/333429","targetHints":{"allow":["GET"]}}],"collection":[{"href":"https:\/\/www.europesays.com\/fi\/wp-json\/wp\/v2\/posts"}],"about":[{"href":"https:\/\/www.europesays.com\/fi\/wp-json\/wp\/v2\/types\/post"}],"author":[{"embeddable":true,"href":"https:\/\/www.europesays.com\/fi\/wp-json\/wp\/v2\/users\/2"}],"replies":[{"embeddable":true,"href":"https:\/\/www.europesays.com\/fi\/wp-json\/wp\/v2\/comments?post=333429"}],"version-history":[{"count":0,"href":"https:\/\/www.europesays.com\/fi\/wp-json\/wp\/v2\/posts\/333429\/revisions"}],"wp:featuredmedia":[{"embeddable":true,"href":"https:\/\/www.europesays.com\/fi\/wp-json\/wp\/v2\/media\/333430"}],"wp:attachment":[{"href":"https:\/\/www.europesays.com\/fi\/wp-json\/wp\/v2\/media?parent=333429"}],"wp:term":[{"taxonomy":"category","embeddable":true,"href":"https:\/\/www.europesays.com\/fi\/wp-json\/wp\/v2\/categories?post=333429"},{"taxonomy":"post_tag","embeddable":true,"href":"https:\/\/www.europesays.com\/fi\/wp-json\/wp\/v2\/tags?post=333429"}],"curies":[{"name":"wp","href":"https:\/\/api.w.org\/{rel}","templated":true}]}}