{"id":333447,"date":"2026-08-25T18:32:14","date_gmt":"2026-08-25T18:32:14","guid":{"rendered":"https:\/\/www.europesays.com\/fi\/333447\/"},"modified":"2026-08-25T18:32:14","modified_gmt":"2026-08-25T18:32:14","slug":"iida-vainio-aloittaa-uuden-luvun-kisaa-ensi-vuonna-juoksussa","status":"publish","type":"post","link":"https:\/\/www.europesays.com\/fi\/333447\/","title":{"rendered":"Iida Vainio aloittaa uuden luvun: kisaa ensi vuonna juoksussa"},"content":{"rendered":"<p>\n            20260512, Helsinki. Suomen yleisurheilun juoksujuhla. Kuvassa Iida Vainio.<br \/>\n            Timo Korhonen\n        <\/p>\n<p class=\"subtitle \">Iida Vainio pist\u00e4\u00e4 tulevana vuonna toden teolla t\u00f6pp\u00f6st\u00e4 toisen eteen, sill\u00e4 t\u00e4ht\u00e4imess\u00e4 on tavoitteellinen juokseminen.<\/p>\n<p class=\"article-content article-content-width !bg-background\">Mediapersoona , 22, pamautti Instagramissa ilmoille yll\u00e4tt\u00e4v\u00e4n tiedon uudesta aluevaltauksestaan: Kulta-Iida kertoo aloittavansa ensi vuonna kilpailemisen juoksuradalla.\u00a0<\/p>\n<p class=\"font-weight-bold m-font-weight-bold article-content article-content-width !bg-background\">Video: Pyhimys viihtyi Iida Vainion seurassa<\/p>\n<p class=\"article-content article-content-width !bg-background\">Iida teki paljastuksensa Instagramissa tiistaina (25.8.)\u00a0\u00a0<\/p>\n<p class=\"article-content article-content-width !bg-background\">Iida kertoo pohtineensa viime vuosina paljon omaa identiteetti\u00e4\u00e4n ja sit\u00e4, mit\u00e4 h\u00e4n oikeasti haluaa tehd\u00e4 ja saavuttaa. Nyt vastaus n\u00e4ytt\u00e4\u00e4 l\u00f6ytyneen radalta. <\/p>\n<p class=\"article-content article-content-width !bg-background\">Julkaisemassaan kuvassa h\u00e4n kiit\u00e4\u00e4 juoksuradalla pinkiss\u00e4 topissa, letti liehuen. Kuvassa n\u00e4kyy vauhdin hurmaa: tausta sumenee ja radalla menn\u00e4\u00e4n eik\u00e4 meinata.<\/p>\n<p class=\"article-content article-content-width !bg-background\">\u2013 IIDA 2.0. T\u00e4st\u00e4 alkaa mun uusi luku, Iida kirjoittaa julkaisunsa alussa.<\/p>\n<p class=\"article-content article-content-width !bg-background\">H\u00e4n paljastaa urheilleensa nuorena yleisurheilun parissa ja juosseensa aina \u2013 v\u00e4lill\u00e4 enemm\u00e4n, v\u00e4lill\u00e4 v\u00e4hemm\u00e4n. Urheilu on h\u00e4nen mukaansa ollut henkireik\u00e4 l\u00e4hes koko el\u00e4m\u00e4n ajan.\u00a0<\/p>\n<p class=\"article-content article-content-width !bg-background\">Viime vuonna Iida kuitenkin pisti uuden vaihteen silm\u00e4\u00e4n, kun treeni koveni, vaatimustaso nousi ja tavoitteet kasvoivat.<\/p>\n<p class=\"article-content article-content-width !bg-background\">\u2013 Ensi vuonna alan siis kilpailla, Iida ilmoittaa julkaisussaan.<\/p>\n<p class=\"italic m-italic article-content article-content-width !bg-background\"> Jos upotus ei toimi, voit katsoa kuvan <a href=\"https:\/\/www.instagram.com\/p\/Dcd6jJqso38\/?utm_source=ig_web_copy_link&amp;igsi=MzRlODBiNWFlZA==\" target=\"_blank\" rel=\"nofollow noopener\">t\u00e4\u00e4lt\u00e4<\/a>. <\/p>\n<p>        <a itemprop=\"url\" href=\"https:\/\/www.seiska.fi\/kotimaa\/archie-cruz-tunnistamattomana-oon-vahan-miettiny-et\/2066140\" rel=\"nofollow noopener\" target=\"_blank\"><\/p>\n<p>\nArchie Cruz tunnistamattomana\n<\/p>\n<p class=\"section-date\">\n        <strong class=\"article-section\" data-section=\"kotimaa\"><br \/>\n            kotimaa<br \/>\n        <\/strong><br \/>\n        5.2. 06:54\n    <\/p>\n<p>Archie Cruz tunnistamattomana: &#8221;Oon v\u00e4h\u00e4n miettiny et&#8230;&#8221;\n    <\/p>\n<p itemprop=\"description\" class=\"subtitle \">\n    Kohurokkari Archie Cruz on vaihtanut jo ajat sitten englanninkielisen rokin suomenkieliseen pop-iskelm\u00e4\u00e4n.\n<\/p>\n<p>        <\/a><\/p>\n<p>Nimi on enne<\/p>\n<p class=\"article-content article-content-width !bg-background\">Viime aikoina Iidan el\u00e4m\u00e4st\u00e4 on tihkunut julkisuuteen monenlaisia kuulumisia. H\u00e4n on viett\u00e4nyt perhe-el\u00e4m\u00e4\u00e4 muusikko \u00a0(oik. ) kanssa Sipoossa, ja parille syntyi tyt\u00e4r joulukuussa 2024.<\/p>\n<p class=\"article-content article-content-width !bg-background\">Aiemmin kev\u00e4\u00e4ll\u00e4 h\u00e4net bongattiin my\u00f6s Suomen yleisurheilun Juoksujuhlan VIP-tilaisuudessa Helsingin Olympiastadionilla, miss\u00e4 urheilullinen olemus k\u00e4\u00e4nsi katseita.<\/p>\n<p class=\"article-content article-content-width !bg-background\">Nyt somessa n\u00e4ht\u00e4v\u00e4 juoksuilmoitus antaa kuitenkin aivan uuden suunnan: Iida ei aio tyyty\u00e4 vain poseeraamaan urheilutapahtumissa, vaan aikoo n\u00e4ytt\u00e4\u00e4, onko h\u00e4net samasta puusta veistetty kuin EM-maratonari.<\/p>\n<p>                <img loading=\"lazy\" decoding=\"async\" src=\"https:\/\/www.europesays.com\/fi\/wp-content\/uploads\/2026\/08\/1926317.webp\" width=\"576\" height=\"744\" alt=\"Iida Vainio nousi alun perin julkisuuteen helmikuussa 2022, kun h\u00e4n oli kultamekkoon pukeutuneena vastassa olympiakultaa voittanutta Suomen j\u00e4\u00e4kiekkomaajoukkuetta. Siit\u00e4 syntyi kultamekkokohu ja Iida sai lis\u00e4nimen Kulta-Iida. Kuva hein\u00e4kuulta 2022.\" \/>            <\/p>\n<p>\n            Iida Vainio nousi alun perin julkisuuteen helmikuussa 2022, kun h\u00e4n oli kultamekkoon pukeutuneena vastassa olympiakultaa voittanutta Suomen j\u00e4\u00e4kiekkomaajoukkuetta. Siit\u00e4 syntyi kultamekkokohu ja Iida sai lis\u00e4nimen Kulta-Iida. Kuva hein\u00e4kuulta 2022.<br \/>\n            Atte Kajova\n        <\/p>\n<p>        <a itemprop=\"url\" href=\"https:\/\/www.seiska.fi\/kotimaa\/archie-cruz-jarkyttava-kommentti\/2120440\" rel=\"nofollow noopener\" target=\"_blank\"><\/p>\n<p>\nHyi olkoon!\n<\/p>\n<p class=\"section-date\">\n        <strong class=\"article-section\" data-section=\"kotimaa\"><br \/>\n            kotimaa<br \/>\n        <\/strong><br \/>\n        4.4. 16:30\n    <\/p>\n<p>Archie Cruz: J\u00e4rkytt\u00e4v\u00e4 kommentti\n    <\/p>\n<p itemprop=\"description\" class=\"subtitle \">\n    Archie Cruz muistuttaa, ett\u00e4 &#8221;oikeesti hyv\u00e4kuntoiset ihmiset ja treenaajat ei polje muita alas ja hauku vaan tsemppaa jos yritt\u00e4\u00e4&#8221;.\n<\/p>\n<p>        <\/a><\/p>\n<p><script async src=\"\/\/www.instagram.com\/embed.js\"><\/script><\/p>\n","protected":false},"excerpt":{"rendered":"20260512, Helsinki. Suomen yleisurheilun juoksujuhla. Kuvassa Iida Vainio. Timo Korhonen Iida Vainio pist\u00e4\u00e4 tulevana vuonna toden teolla t\u00f6pp\u00f6st\u00e4&hellip;\n","protected":false},"author":2,"featured_media":333448,"comment_status":"","ping_status":"","sticky":false,"template":"","format":"standard","meta":{"footnotes":"","_share_on_mastodon":"0"},"categories":[158],"tags":[2345,33,31,30,2344,3914,159,32,160,1700,162],"class_list":["post-333447","post","type-post","status-publish","format-standard","has-post-thumbnail","category-urheilu","tag-archie-cruz","tag-fi","tag-finland","tag-finnish","tag-iida-vainio","tag-juoksu","tag-sports","tag-suomi","tag-urheilu","tag-urheilulaji","tag-yleisurheilu"],"share_on_mastodon":{"url":"https:\/\/pubeurope.com\/@fi\/117157583973988937","error":""},"_links":{"self":[{"href":"https:\/\/www.europesays.com\/fi\/wp-json\/wp\/v2\/posts\/333447","targetHints":{"allow":["GET"]}}],"collection":[{"href":"https:\/\/www.europesays.com\/fi\/wp-json\/wp\/v2\/posts"}],"about":[{"href":"https:\/\/www.europesays.com\/fi\/wp-json\/wp\/v2\/types\/post"}],"author":[{"embeddable":true,"href":"https:\/\/www.europesays.com\/fi\/wp-json\/wp\/v2\/users\/2"}],"replies":[{"embeddable":true,"href":"https:\/\/www.europesays.com\/fi\/wp-json\/wp\/v2\/comments?post=333447"}],"version-history":[{"count":0,"href":"https:\/\/www.europesays.com\/fi\/wp-json\/wp\/v2\/posts\/333447\/revisions"}],"wp:featuredmedia":[{"embeddable":true,"href":"https:\/\/www.europesays.com\/fi\/wp-json\/wp\/v2\/media\/333448"}],"wp:attachment":[{"href":"https:\/\/www.europesays.com\/fi\/wp-json\/wp\/v2\/media?parent=333447"}],"wp:term":[{"taxonomy":"category","embeddable":true,"href":"https:\/\/www.europesays.com\/fi\/wp-json\/wp\/v2\/categories?post=333447"},{"taxonomy":"post_tag","embeddable":true,"href":"https:\/\/www.europesays.com\/fi\/wp-json\/wp\/v2\/tags?post=333447"}],"curies":[{"name":"wp","href":"https:\/\/api.w.org\/{rel}","templated":true}]}}