{"id":333563,"date":"2026-08-25T21:41:10","date_gmt":"2026-08-25T21:41:10","guid":{"rendered":"https:\/\/www.europesays.com\/fi\/333563\/"},"modified":"2026-08-25T21:41:10","modified_gmt":"2026-08-25T21:41:10","slug":"poliisi-etsii-vantaalla-kadonnutta-16-vuotiasta-tyttoa-uutissuomalainen","status":"publish","type":"post","link":"https:\/\/www.europesays.com\/fi\/333563\/","title":{"rendered":"Poliisi etsii Vantaalla kadonnutta 16-vuotiasta tytt\u00f6\u00e4 | Uutissuomalainen"},"content":{"rendered":"<p>Poliisi etsii Vantaalla kadonnutta 16-vuotiasta tytt\u00f6\u00e4. Tytt\u00f6 on viimeksi n\u00e4hty noin kello 18 Lepp\u00e4korvessa, It\u00e4-Uudenmaan poliisilaitos kertoo.<\/p>\n<p>Tytt\u00f6 on noin 165 senttimetri\u00e4 pitk\u00e4. H\u00e4nell\u00e4 on pitk\u00e4t, tummanruskeat hiukset joissa on vaaleita raitoja, ja hiukset on mahdollisesti letitetty, poliisi kertoo. H\u00e4n on pukeutunut harmaaseen huppariin ja leveisiin sinisiin farkkuihin.<\/p>\n<p>Poliisin mukaan kadonnut saattaa liikkua jalan tai julkisella liikenteell\u00e4.<\/p>\n<p>Poliisi pyyt\u00e4\u00e4 soittamaan havainnoista h\u00e4t\u00e4keskukseen.<\/p>\n<p>\t\t<a class=\"diks-gallery__link\" href=\"https:\/\/www.uutissuomalainen.fi\/incoming\/b7aeys\/kadonnut_Vantaa.jpg\/alternates\/FREE_1440\/kadonnut_Vantaa.jpg\" data-thumbnail=\"\" data-sub-html=\"Poliisin jakama kuva kadonneesta 16-vuotiaasta. It\u00e4-Uudenmaan poliisilaitos\" aria-label=\"Katso isompi kuva\" rel=\"nofollow noopener\" target=\"_blank\"><br \/>\n\t\t\t\t<img class=\"diks-figure__image\" src=\"https:\/\/www.europesays.com\/fi\/wp-content\/uploads\/2026\/08\/kadonnut_Vantaa.jpg\" loading=\"lazy\" decoding=\"sync\" alt=\"\"\/><\/p>\n<p>\t\t\t<\/a><br \/>\n\t\t\t\t\tPoliisin jakama kuva kadonneesta 16-vuotiaasta. It\u00e4-Uudenmaan poliisilaitos<\/p>\n","protected":false},"excerpt":{"rendered":"Poliisi etsii Vantaalla kadonnutta 16-vuotiasta tytt\u00f6\u00e4. Tytt\u00f6 on viimeksi n\u00e4hty noin kello 18 Lepp\u00e4korvessa, It\u00e4-Uudenmaan poliisilaitos kertoo. Tytt\u00f6&hellip;\n","protected":false},"author":2,"featured_media":333564,"comment_status":"","ping_status":"","sticky":false,"template":"","format":"standard","meta":{"footnotes":"","_share_on_mastodon":"0"},"categories":[12],"tags":[22,23,26,27,33,31,30,17,24,25,28,29,15,18,21,52,32,19,20,16,2359],"class_list":["post-333563","post","type-post","status-publish","format-standard","has-post-thumbnail","category-suomi","tag-breaking-news","tag-breakingnews","tag-featured-news","tag-featurednews","tag-fi","tag-finland","tag-finnish","tag-headlines","tag-latest-news","tag-latestnews","tag-main-news","tag-mainnews","tag-news","tag-otsikot","tag-paauutiset","tag-poliisi","tag-suomi","tag-top-stories","tag-topstories","tag-uutiset","tag-vantaa"],"share_on_mastodon":{"url":"https:\/\/pubeurope.com\/@fi\/117158326159879699","error":""},"_links":{"self":[{"href":"https:\/\/www.europesays.com\/fi\/wp-json\/wp\/v2\/posts\/333563","targetHints":{"allow":["GET"]}}],"collection":[{"href":"https:\/\/www.europesays.com\/fi\/wp-json\/wp\/v2\/posts"}],"about":[{"href":"https:\/\/www.europesays.com\/fi\/wp-json\/wp\/v2\/types\/post"}],"author":[{"embeddable":true,"href":"https:\/\/www.europesays.com\/fi\/wp-json\/wp\/v2\/users\/2"}],"replies":[{"embeddable":true,"href":"https:\/\/www.europesays.com\/fi\/wp-json\/wp\/v2\/comments?post=333563"}],"version-history":[{"count":0,"href":"https:\/\/www.europesays.com\/fi\/wp-json\/wp\/v2\/posts\/333563\/revisions"}],"wp:featuredmedia":[{"embeddable":true,"href":"https:\/\/www.europesays.com\/fi\/wp-json\/wp\/v2\/media\/333564"}],"wp:attachment":[{"href":"https:\/\/www.europesays.com\/fi\/wp-json\/wp\/v2\/media?parent=333563"}],"wp:term":[{"taxonomy":"category","embeddable":true,"href":"https:\/\/www.europesays.com\/fi\/wp-json\/wp\/v2\/categories?post=333563"},{"taxonomy":"post_tag","embeddable":true,"href":"https:\/\/www.europesays.com\/fi\/wp-json\/wp\/v2\/tags?post=333563"}],"curies":[{"name":"wp","href":"https:\/\/api.w.org\/{rel}","templated":true}]}}