{"id":333603,"date":"2026-08-25T22:59:14","date_gmt":"2026-08-25T22:59:14","guid":{"rendered":"https:\/\/www.europesays.com\/fi\/333603\/"},"modified":"2026-08-25T22:59:14","modified_gmt":"2026-08-25T22:59:14","slug":"yle-areenan-vika-korjattu","status":"publish","type":"post","link":"https:\/\/www.europesays.com\/fi\/333603\/","title":{"rendered":"Yle Areenan vika korjattu"},"content":{"rendered":"<p>Ylen mukaan vika oli ulkopuolisessa palvelussa. <\/p>\n<p><img decoding=\"async\" class=\"image image-show image-preview\" src=\"https:\/\/www.europesays.com\/fi\/wp-content\/uploads\/2026\/08\/81fafa72346f5d9f209568dc54fb3d062503943b428803185a558fbdfe1d632d.jpg\" alt=\"\"\/><img decoding=\"async\" class=\"image image-show\" src=\"https:\/\/www.europesays.com\/fi\/wp-content\/uploads\/2026\/08\/1787698752_977_81fafa72346f5d9f209568dc54fb3d062503943b428803185a558fbdfe1d632d.jpg\" alt=\"\"\/><\/p>\n<p>Toistaiseksi ei ole tiedossa, mist\u00e4 ongelmat johtuvat. PASI LIESIMAA<\/p>\n<p><a href=\"https:\/\/www.iltalehti.fi\/kirjoittajat\/Erika Sirvi\u00f6\" rel=\"nofollow noopener\" target=\"_blank\"><img decoding=\"async\" class=\"author-image-img\" alt=\"Tekij\u00e4n kuva\" src=\"https:\/\/www.europesays.com\/fi\/wp-content\/uploads\/2026\/08\/c43e44e96cf9a413020d8985129541c9df89b1f9262ce6f5577a3b33f6212e51.png\"\/><\/a><a href=\"https:\/\/www.iltalehti.fi\/kirjoittajat\/Riika Tauriainen\" rel=\"nofollow noopener\" target=\"_blank\"><img decoding=\"async\" class=\"author-image-img\" alt=\"Tekij\u00e4n kuva\" src=\"https:\/\/www.europesays.com\/fi\/wp-content\/uploads\/2026\/08\/1787698754_858_1ed13297849d59b8b2118306c3ce6a343d721919144478664713a572e800eec4.png\"\/><\/a><\/p>\n<p>Eilen klo 21:16 (p\u00e4ivitetty eilen klo 23:30)<\/p>\n<p class=\"paragraph\">Yle Areenan l\u00e4hetyksess\u00e4 oli tiistai-iltana ongelmia. Kello 21 j\u00e4lkeen l\u00e4hetykset eiv\u00e4t ole toimineet kaikilla Areenan k\u00e4ytt\u00e4jill\u00e4, uutisoi <a href=\"https:\/\/yle.fi\/a\/74-20242908\" target=\"_blank\" rel=\"noopener nofollow\">Yle<\/a>.<\/p>\n<p class=\"paragraph\">Ylen mukaan ulkopuolisessa palvelussa ollut vika on nyt korjaantunut. Areenassa olevat j\u00e4lkil\u00e4hetykset ovat j\u00e4lleen katsottavissa, tai tulevat katsottavaksi pian.<\/p>\n","protected":false},"excerpt":{"rendered":"Ylen mukaan vika oli ulkopuolisessa palvelussa. Toistaiseksi ei ole tiedossa, mist\u00e4 ongelmat johtuvat. PASI LIESIMAA Eilen klo 21:16&hellip;\n","protected":false},"author":2,"featured_media":333604,"comment_status":"","ping_status":"","sticky":false,"template":"","format":"standard","meta":{"footnotes":"","_share_on_mastodon":"0"},"categories":[12],"tags":[35,22,23,26,27,33,31,30,17,1511,763,24,25,720,28,29,1616,15,18,21,979,32,397,78,19,20,16],"class_list":["post-333603","post","type-post","status-publish","format-standard","has-post-thumbnail","category-suomi","tag-24h","tag-breaking-news","tag-breakingnews","tag-featured-news","tag-featurednews","tag-fi","tag-finland","tag-finnish","tag-headlines","tag-joukkoviestinta","tag-kulttuuri-ja-viihde","tag-latest-news","tag-latestnews","tag-liiketoiminta-ja-rahoitus","tag-main-news","tag-mainnews","tag-media-viestinta","tag-news","tag-otsikot","tag-paauutiset","tag-sahkoinen-media","tag-suomi","tag-taide","tag-talous","tag-top-stories","tag-topstories","tag-uutiset"],"share_on_mastodon":{"url":"https:\/\/pubeurope.com\/@fi\/117158633308320457","error":""},"_links":{"self":[{"href":"https:\/\/www.europesays.com\/fi\/wp-json\/wp\/v2\/posts\/333603","targetHints":{"allow":["GET"]}}],"collection":[{"href":"https:\/\/www.europesays.com\/fi\/wp-json\/wp\/v2\/posts"}],"about":[{"href":"https:\/\/www.europesays.com\/fi\/wp-json\/wp\/v2\/types\/post"}],"author":[{"embeddable":true,"href":"https:\/\/www.europesays.com\/fi\/wp-json\/wp\/v2\/users\/2"}],"replies":[{"embeddable":true,"href":"https:\/\/www.europesays.com\/fi\/wp-json\/wp\/v2\/comments?post=333603"}],"version-history":[{"count":0,"href":"https:\/\/www.europesays.com\/fi\/wp-json\/wp\/v2\/posts\/333603\/revisions"}],"wp:featuredmedia":[{"embeddable":true,"href":"https:\/\/www.europesays.com\/fi\/wp-json\/wp\/v2\/media\/333604"}],"wp:attachment":[{"href":"https:\/\/www.europesays.com\/fi\/wp-json\/wp\/v2\/media?parent=333603"}],"wp:term":[{"taxonomy":"category","embeddable":true,"href":"https:\/\/www.europesays.com\/fi\/wp-json\/wp\/v2\/categories?post=333603"},{"taxonomy":"post_tag","embeddable":true,"href":"https:\/\/www.europesays.com\/fi\/wp-json\/wp\/v2\/tags?post=333603"}],"curies":[{"name":"wp","href":"https:\/\/api.w.org\/{rel}","templated":true}]}}