{"id":333623,"date":"2026-08-25T23:46:11","date_gmt":"2026-08-25T23:46:11","guid":{"rendered":"https:\/\/www.europesays.com\/fi\/333623\/"},"modified":"2026-08-25T23:46:11","modified_gmt":"2026-08-25T23:46:11","slug":"tiia-elg-salatut-elamat-tahti-ja-tanssii-tahtien-kanssa-kilpailija-sai-kolmannen-lapsensa","status":"publish","type":"post","link":"https:\/\/www.europesays.com\/fi\/333623\/","title":{"rendered":"Tiia Elg: Salatut El\u00e4m\u00e4t -t\u00e4hti ja Tanssii T\u00e4htien Kanssa -kilpailija sai kolmannen lapsensa"},"content":{"rendered":"<p class=\"article-content article-content-width !bg-background\">Salatut El\u00e4m\u00e4t -sarjasta tutun n\u00e4yttelij\u00e4-tanssija <a alt=\"Haku\" class=\"text-primary-red font-extrabold\" href=\"https:\/\/www.seiska.fi\/haku?q=Tiia Elgin\" rel=\"nofollow noopener\" target=\"_blank\">Tiia Elgin<\/a>, 40, vauva on syntynyt.<\/p>\n<p class=\"font-weight-bold m-font-weight-bold article-content article-content-width !bg-background\">Katso my\u00f6s! Tiia Elg, vaihtopenkilt\u00e4 parketille?<\/p>\n<p class=\"article-content article-content-width !bg-background\">Hiljattain syntynyt pienokainen on Tiian kolmas lapsi.<\/p>\n<p>Voi suloisuus!<\/p>\n<p class=\"article-content article-content-width !bg-background\">Tiia kertoo ilouutiset omalla <a href=\"https:\/\/www.instagram.com\/tiiasusannae\/\" target=\"_blank\" rel=\"nofollow noopener\">Instagram-tilill\u00e4\u00e4n<\/a>\u00a0tiistaina (25.8.).<\/p>\n<p class=\"article-content article-content-width !bg-background\">Videolla Tiia tanssahtelee tummahapsuinen pienokainen syliss\u00e4\u00e4n.<\/p>\n<p class=\"article-content article-content-width !bg-background\"> \u2013 T\u00e4\u00e4ll\u00e4 me ollaan ja odotetaan Tanssii T\u00e4htien Kanssa\u00a0-kauden alkua,\u00a0Tiia kirjoittaa julkaisunsa kuvatekstiss\u00e4.<\/p>\n<p class=\"article-content article-content-width !bg-background\">Julkaisu sai valtavasti ihastelua osakseen kommenttikent\u00e4ss\u00e4.<\/p>\n<p class=\"article-content article-content-width !bg-background\"> \u2013 Voihan rakkaus, niin paljon onnea!!!!! Salkkari-kollega <a alt=\"Haku\" class=\"text-primary-red font-extrabold\" href=\"https:\/\/www.seiska.fi\/haku?q=Sara Parikka\" rel=\"nofollow noopener\" target=\"_blank\">Sara Parikka<\/a> toivottaa kommenteissa.<\/p>\n<p class=\"article-content article-content-width !bg-background\">\u2013\u00a0Mik\u00e4 pieniiiii, TTK-juontaja <a alt=\"Haku\" class=\"text-primary-red font-extrabold\" href=\"https:\/\/www.seiska.fi\/haku?q=Ernest Lawson\" rel=\"nofollow noopener\" target=\"_blank\">Ernest Lawson<\/a> kirjoittaa syd\u00e4nemojein.<\/p>\n<p class=\"italic m-italic article-content article-content-width !bg-background\">Jos upotus ei toimi, voit katsoa julkaisun <a href=\"https:\/\/www.instagram.com\/reels\/DceIUiVs5VT\/\" target=\"_blank\" rel=\"nofollow noopener\">t\u00e4\u00e4lt\u00e4<\/a>.\u00a0<\/p>\n<p class=\"article-content article-content-width !bg-background\">Tiia ei ole mukana t\u00e4m\u00e4n syksyn TTK-kaudella.<\/p>\n<p class=\"article-content article-content-width !bg-background\">H\u00e4net n\u00e4htiin ohjelmaassa t\u00e4htiopettajana vuosina 2021 ja 2022.<\/p>\n<p>Kolmas lapsi perheeseen!<\/p>\n<p class=\"font-weight-bold m-font-weight-bold article-content article-content-width !bg-background\">Tiian ja h\u00e4nen aviomiehens\u00e4 <a alt=\"Haku\" class=\"text-primary-red font-extrabold\" href=\"https:\/\/www.seiska.fi\/haku?q=Alexey Smolyavinonin\u00a0\" rel=\"nofollow noopener\" target=\"_blank\">Alexey Smolyavinonin\u00a0<\/a>kaksi vanhempaa lasta ovat nyt viiden ja kuuden vuoden ik\u00e4iset. <\/p>\n<p class=\"article-content article-content-width !bg-background\">Perhe osti vastik\u00e4\u00e4n rintamamiestalon Tuusulasta, jonka remontoimiseen Tiia ja Alexey saavat upotettua kaiken luppoaikansa.<\/p>\n<p class=\"article-content article-content-width !bg-background\"> Alkujaan tanssiparina toisiinsa tutustuneet Tiia ja Alexey ty\u00f6skentelev\u00e4t kumpainenkin t\u00e4t\u00e4 nyky\u00e4 p\u00e4\u00e4s\u00e4\u00e4nt\u00f6isesti tanssin parissa.<\/p>\n<p class=\"article-content article-content-width !bg-background\"> My\u00f6s\u00a0Tanssii t\u00e4htien kanssa\u00a0-ohjelmasta tuttu Tiia j\u00e4tti 10 vuoden mittaisen uran Salkkareissa taakseen vuonna 2025. <\/p>\n<p><script async src=\"\/\/www.instagram.com\/embed.js\"><\/script><\/p>\n","protected":false},"excerpt":{"rendered":"Salatut El\u00e4m\u00e4t -sarjasta tutun n\u00e4yttelij\u00e4-tanssija Tiia Elgin, 40, vauva on syntynyt. Katso my\u00f6s! Tiia Elg, vaihtopenkilt\u00e4 parketille? Hiljattain&hellip;\n","protected":false},"author":2,"featured_media":333624,"comment_status":"","ping_status":"","sticky":false,"template":"","format":"standard","meta":{"footnotes":"","_share_on_mastodon":"0"},"categories":[130],"tags":[32776,137,33,31,30,212,209,32,903,18315,1461,109],"class_list":["post-333623","post","type-post","status-publish","format-standard","has-post-thumbnail","category-viihde","tag-alexey-smolyavinon","tag-entertainment","tag-fi","tag-finland","tag-finnish","tag-lifestyle","tag-salatut-elamat","tag-suomi","tag-tanssii-tahtien-kanssa","tag-tiia-elg","tag-vauva","tag-viihde"],"share_on_mastodon":{"url":"https:\/\/pubeurope.com\/@fi\/117158817462488894","error":""},"_links":{"self":[{"href":"https:\/\/www.europesays.com\/fi\/wp-json\/wp\/v2\/posts\/333623","targetHints":{"allow":["GET"]}}],"collection":[{"href":"https:\/\/www.europesays.com\/fi\/wp-json\/wp\/v2\/posts"}],"about":[{"href":"https:\/\/www.europesays.com\/fi\/wp-json\/wp\/v2\/types\/post"}],"author":[{"embeddable":true,"href":"https:\/\/www.europesays.com\/fi\/wp-json\/wp\/v2\/users\/2"}],"replies":[{"embeddable":true,"href":"https:\/\/www.europesays.com\/fi\/wp-json\/wp\/v2\/comments?post=333623"}],"version-history":[{"count":0,"href":"https:\/\/www.europesays.com\/fi\/wp-json\/wp\/v2\/posts\/333623\/revisions"}],"wp:featuredmedia":[{"embeddable":true,"href":"https:\/\/www.europesays.com\/fi\/wp-json\/wp\/v2\/media\/333624"}],"wp:attachment":[{"href":"https:\/\/www.europesays.com\/fi\/wp-json\/wp\/v2\/media?parent=333623"}],"wp:term":[{"taxonomy":"category","embeddable":true,"href":"https:\/\/www.europesays.com\/fi\/wp-json\/wp\/v2\/categories?post=333623"},{"taxonomy":"post_tag","embeddable":true,"href":"https:\/\/www.europesays.com\/fi\/wp-json\/wp\/v2\/tags?post=333623"}],"curies":[{"name":"wp","href":"https:\/\/api.w.org\/{rel}","templated":true}]}}