{"id":333641,"date":"2026-08-26T00:16:13","date_gmt":"2026-08-26T00:16:13","guid":{"rendered":"https:\/\/www.europesays.com\/fi\/333641\/"},"modified":"2026-08-26T00:16:13","modified_gmt":"2026-08-26T00:16:13","slug":"zelenskyi-ukraina-odottaa-kiinalta-merkittavaa-diplomaattista-roolia-sodan-paattamisessa-yle","status":"publish","type":"post","link":"https:\/\/www.europesays.com\/fi\/333641\/","title":{"rendered":"Zelenskyi: Ukraina odottaa Kiinalta merkitt\u00e4v\u00e4\u00e4 diplomaattista roolia sodan p\u00e4\u00e4tt\u00e4misess\u00e4 &#8211; Yle"},"content":{"rendered":"<ol>\n<li><a href=\"https:\/\/news.google.com\/rss\/articles\/CBMiUkFVX3lxTE5jUkNWMWhra3RweGxPc19VOUFqclI2aDhPYklBWGZqUmJ1RDhDQWhZbzBJc0YtYnRDd2xhdnVKQjdMUmNnUHo5MG44aFhGckI1M1E?oc=5\" target=\"_blank\" rel=\"nofollow noopener\">Zelenskyi: Ukraina odottaa Kiinalta merkitt\u00e4v\u00e4\u00e4 diplomaattista roolia sodan p\u00e4\u00e4tt\u00e4misess\u00e4<\/a>&nbsp;&nbsp;Yle<\/li>\n<li><a href=\"https:\/\/news.google.com\/rss\/articles\/CBMidEFVX3lxTFBfbTRWSlZNcXhOOE1PXzJ6LXdfa2ZFSUV3Z25RZmoyMHBmN3FaSTZTVEFkU285Y3hUTmVPVno0RHVRZW9jdHdUUkhJbDNKVW15ei1neUJfVXhvM2RZWV8tVURSSVpoM3I2YS1FWVZrQzVNVzVj?oc=5\" target=\"_blank\" rel=\"nofollow noopener\">Ukraina sai lis\u00e4\u00e4 Patriot-ohjuksia<\/a>&nbsp;&nbsp;Verkkouutiset<\/li>\n<li><a href=\"https:\/\/news.google.com\/rss\/articles\/CBMie0FVX3lxTE5KT0pzLUVoOWZXR1V4ZlU1UXVHUGJUTnlnbG5lSXdJQzlPdHRpTzd0cjFZWF9qNTliSmVnZkdKNkJlXzlPRmE2UUV4aXZGWGdLUFRRcmRFRURBWnowVVgxeVhNTUc1YjFqcWF1RFVCMTRCdmRmMUdPT3ZaYw?oc=5\" target=\"_blank\" rel=\"nofollow noopener\">Ven\u00e4j\u00e4 otti karun etuly\u00f6ntiaseman \u2013 Vladimir Putin k\u00e4ytt\u00e4\u00e4 Stalinin oppia, tutkijat kertovat<\/a>&nbsp;&nbsp;Uusi Suomi<\/li>\n<li><a href=\"https:\/\/news.google.com\/rss\/articles\/CBMifEFVX3lxTE0tNmF0a3Zyd3Jfdlp0YzBoallpWkFjVUtQMDZyQjFNZ1dONXJVMVhaUmVacmhXbm5saktjSVpyOTByS0stT3pDSUVjd1RLdXd5UVFtM1pGZExIeWQxS1NNWDlwbW14RjVjd1ZsLWJob1BSQVBSaTBTcHhfaVA?oc=5\" target=\"_blank\" rel=\"nofollow noopener\">Nyt l\u00e4v\u00e4hti synkk\u00e4 arvio Ukrainalle<\/a>&nbsp;&nbsp;Iltalehti<\/li>\n<li><a href=\"https:\/\/news.google.com\/rss\/articles\/CBMiXkFVX3lxTE9wMEdjVmRaRVRVWHQwYjlwMzV3Z1NZMGtSYVNnS1RBU01mSEFwbC1zc2V3dUR1WmZGbTVOZXZDbHFrQTI3YThESEE1MThCT245N1lhbGI4aC10VjRMcmc?oc=5\" target=\"_blank\" rel=\"nofollow noopener\">Moskovaan ylt\u00e4v\u00e4 ballistinen ohjus on pian k\u00e4yt\u00f6ss\u00e4, uskoo Ukraina<\/a>&nbsp;&nbsp;Ilta-Sanomat<\/li>\n<\/ol>\n","protected":false},"excerpt":{"rendered":"Zelenskyi: Ukraina odottaa Kiinalta merkitt\u00e4v\u00e4\u00e4 diplomaattista roolia sodan p\u00e4\u00e4tt\u00e4misess\u00e4&nbsp;&nbsp;Yle Ukraina sai lis\u00e4\u00e4 Patriot-ohjuksia&nbsp;&nbsp;Verkkouutiset Ven\u00e4j\u00e4 otti karun etuly\u00f6ntiaseman \u2013&hellip;\n","protected":false},"author":2,"featured_media":333642,"comment_status":"","ping_status":"","sticky":false,"template":"","format":"standard","meta":{"footnotes":"","_share_on_mastodon":"0"},"categories":[14],"tags":[22,23,26,27,33,31,30,17,70,24,25,28,29,15,18,21,32,19,20,1303,56,16,547,987,59,60,61],"class_list":["post-333641","post","type-post","status-publish","format-standard","has-post-thumbnail","category-ulkomaat","tag-breaking-news","tag-breakingnews","tag-featured-news","tag-featurednews","tag-fi","tag-finland","tag-finnish","tag-headlines","tag-kansainvalinen-politiikka","tag-latest-news","tag-latestnews","tag-main-news","tag-mainnews","tag-news","tag-otsikot","tag-paauutiset","tag-suomi","tag-top-stories","tag-topstories","tag-ukraina","tag-ulkomaat","tag-uutiset","tag-venaja","tag-venajan-hyokkays","tag-world","tag-world-news","tag-worldnews"],"share_on_mastodon":{"url":"https:\/\/pubeurope.com\/@fi\/117158935716424750","error":""},"_links":{"self":[{"href":"https:\/\/www.europesays.com\/fi\/wp-json\/wp\/v2\/posts\/333641","targetHints":{"allow":["GET"]}}],"collection":[{"href":"https:\/\/www.europesays.com\/fi\/wp-json\/wp\/v2\/posts"}],"about":[{"href":"https:\/\/www.europesays.com\/fi\/wp-json\/wp\/v2\/types\/post"}],"author":[{"embeddable":true,"href":"https:\/\/www.europesays.com\/fi\/wp-json\/wp\/v2\/users\/2"}],"replies":[{"embeddable":true,"href":"https:\/\/www.europesays.com\/fi\/wp-json\/wp\/v2\/comments?post=333641"}],"version-history":[{"count":0,"href":"https:\/\/www.europesays.com\/fi\/wp-json\/wp\/v2\/posts\/333641\/revisions"}],"wp:featuredmedia":[{"embeddable":true,"href":"https:\/\/www.europesays.com\/fi\/wp-json\/wp\/v2\/media\/333642"}],"wp:attachment":[{"href":"https:\/\/www.europesays.com\/fi\/wp-json\/wp\/v2\/media?parent=333641"}],"wp:term":[{"taxonomy":"category","embeddable":true,"href":"https:\/\/www.europesays.com\/fi\/wp-json\/wp\/v2\/categories?post=333641"},{"taxonomy":"post_tag","embeddable":true,"href":"https:\/\/www.europesays.com\/fi\/wp-json\/wp\/v2\/tags?post=333641"}],"curies":[{"name":"wp","href":"https:\/\/api.w.org\/{rel}","templated":true}]}}