{"id":333681,"date":"2026-08-26T01:36:16","date_gmt":"2026-08-26T01:36:16","guid":{"rendered":"https:\/\/www.europesays.com\/fi\/333681\/"},"modified":"2026-08-26T01:36:16","modified_gmt":"2026-08-26T01:36:16","slug":"paraisilta-loydetty-menehtynyt-henkilo-on-tunnistettu-varsinais-suomi","status":"publish","type":"post","link":"https:\/\/www.europesays.com\/fi\/333681\/","title":{"rendered":"Paraisilta l\u00f6ydetty menehtynyt henkil\u00f6 on tunnistettu | Varsinais-Suomi"},"content":{"rendered":"<p class=\"aw__sc-1qwuw0s-0 aw__sc-1vg2sqm-0 epAWpq ecELkD yle__article__paragraph\">Vainaja l\u00f6ydettiin Paraisilta kuun alussa.<\/p>\n<p><img decoding=\"async\" alt=\"Poliisin hihamerkki\" src=\"https:\/\/www.europesays.com\/fi\/wp-content\/uploads\/2026\/08\/1639669050.jpeg\" class=\"aw__sc-dklauk-0 LPzKX\"\/><\/p>\n<p>Avaa kuvien katselu<\/p>\n<p>Asiassa ei ep\u00e4ill\u00e4 rikosta. Kuva: Pekka Tynell \/ Yle<\/p>\n<p class=\"aw__sc-1qwuw0s-0 aw__sc-ngllmo-0 epAWpq fzYpjk yle__article__paragraph\">Lounais-Suomen poliisi on vahvistanut Paraisilta l\u00f6ytyneen menehtyneen ihmisen henkil\u00f6llisyyden. Kyseess\u00e4 on Turussa hein\u00e4kuun lopussa kadonneeksi ilmoitettu mies.<\/p>\n<p class=\"aw__sc-1qwuw0s-0 aw__sc-ngllmo-0 epAWpq fzYpjk yle__article__paragraph\">Poliisi l\u00f6ysi vainajan <a class=\"aw__sc-ngllmo-1 bTDnwX yle__article__link\" href=\"https:\/\/yle.fi\/a\/74-20240077\" role=\"link\" rel=\"nofollow noopener\" target=\"_blank\">maastosta elokuun alussa<\/a>. Mies l\u00f6ytyi viranomaisten ja vapaaehtoisen pelastuspalvelun etsinn\u00f6iss\u00e4.<\/p>\n<p class=\"aw__sc-1qwuw0s-0 aw__sc-ngllmo-0 epAWpq fzYpjk yle__article__paragraph\">Asiassa ei ep\u00e4ill\u00e4 rikosta. Poliisi jatkaa asiassa kuolemansyyntutkintaa.<\/p>\n","protected":false},"excerpt":{"rendered":"Vainaja l\u00f6ydettiin Paraisilta kuun alussa. Avaa kuvien katselu Asiassa ei ep\u00e4ill\u00e4 rikosta. Kuva: Pekka Tynell \/ Yle Lounais-Suomen&hellip;\n","protected":false},"author":2,"featured_media":333682,"comment_status":"","ping_status":"","sticky":false,"template":"","format":"standard","meta":{"footnotes":"","_share_on_mastodon":"0"},"categories":[12],"tags":[22,23,26,27,33,31,30,17,24,25,28,29,15,18,21,1249,52,32,19,20,16,41518,663],"class_list":["post-333681","post","type-post","status-publish","format-standard","has-post-thumbnail","category-suomi","tag-breaking-news","tag-breakingnews","tag-featured-news","tag-featurednews","tag-fi","tag-finland","tag-finnish","tag-headlines","tag-latest-news","tag-latestnews","tag-main-news","tag-mainnews","tag-news","tag-otsikot","tag-paauutiset","tag-parainen","tag-poliisi","tag-suomi","tag-top-stories","tag-topstories","tag-uutiset","tag-vainajat","tag-varsinais-suomi"],"share_on_mastodon":{"url":"https:\/\/pubeurope.com\/@fi\/117159250829452522","error":""},"_links":{"self":[{"href":"https:\/\/www.europesays.com\/fi\/wp-json\/wp\/v2\/posts\/333681","targetHints":{"allow":["GET"]}}],"collection":[{"href":"https:\/\/www.europesays.com\/fi\/wp-json\/wp\/v2\/posts"}],"about":[{"href":"https:\/\/www.europesays.com\/fi\/wp-json\/wp\/v2\/types\/post"}],"author":[{"embeddable":true,"href":"https:\/\/www.europesays.com\/fi\/wp-json\/wp\/v2\/users\/2"}],"replies":[{"embeddable":true,"href":"https:\/\/www.europesays.com\/fi\/wp-json\/wp\/v2\/comments?post=333681"}],"version-history":[{"count":0,"href":"https:\/\/www.europesays.com\/fi\/wp-json\/wp\/v2\/posts\/333681\/revisions"}],"wp:featuredmedia":[{"embeddable":true,"href":"https:\/\/www.europesays.com\/fi\/wp-json\/wp\/v2\/media\/333682"}],"wp:attachment":[{"href":"https:\/\/www.europesays.com\/fi\/wp-json\/wp\/v2\/media?parent=333681"}],"wp:term":[{"taxonomy":"category","embeddable":true,"href":"https:\/\/www.europesays.com\/fi\/wp-json\/wp\/v2\/categories?post=333681"},{"taxonomy":"post_tag","embeddable":true,"href":"https:\/\/www.europesays.com\/fi\/wp-json\/wp\/v2\/tags?post=333681"}],"curies":[{"name":"wp","href":"https:\/\/api.w.org\/{rel}","templated":true}]}}