{"id":333693,"date":"2026-08-26T02:02:07","date_gmt":"2026-08-26T02:02:07","guid":{"rendered":"https:\/\/www.europesays.com\/fi\/333693\/"},"modified":"2026-08-26T02:02:07","modified_gmt":"2026-08-26T02:02:07","slug":"kadonnutta-16-vuotiasta-etsitaan-vantaalla-paikalliset","status":"publish","type":"post","link":"https:\/\/www.europesays.com\/fi\/333693\/","title":{"rendered":"Kadonnutta 16-vuotiasta etsit\u00e4\u00e4n Vantaalla | Paikalliset"},"content":{"rendered":"<p>Poliisi etsii Vantaalla kadonnutta 16-vuotiasta tytt\u00f6\u00e4, joka on n\u00e4hty viimeksi tiistaina noin kello kuusi alkuillasta Lepp\u00e4korvessa.<\/p>\n<p>Poliisi jakoi tiistai-iltana kuvan <a href=\"https:\/\/poliisi.fi\/-\/vantaalla-kadonnut-tytto\" rel=\"nofollow noopener\" target=\"_blank\">tiedotteessa.<\/a><\/p>\n<p>Tuntomerkkien mukaan kadonnut on noin 165 cm pitk\u00e4. H\u00e4nell\u00e4 on pitk\u00e4t, tummanruskeat hiukset, joissa on vaaleita raitoja. Hiukset ovat mahdollisesti letill\u00e4.<\/p>\n<p>Yll\u00e4\u00e4n h\u00e4nell\u00e4 on harmaa huppari ja leve\u00e4t siniset farkut. Poliisi tiedotteen mukaan kadonnut saattaa liikkua jalan tai julkisella liikenteell\u00e4.<\/p>\n<p>Havainnoista pyydet\u00e4\u00e4n ilmoittamaan h\u00e4t\u00e4keskukseen numeroon 112.<\/p>\n<p>Uutista p\u00e4ivitet\u00e4\u00e4n.<\/p>\n","protected":false},"excerpt":{"rendered":"Poliisi etsii Vantaalla kadonnutta 16-vuotiasta tytt\u00f6\u00e4, joka on n\u00e4hty viimeksi tiistaina noin kello kuusi alkuillasta Lepp\u00e4korvessa. Poliisi jakoi&hellip;\n","protected":false},"author":2,"featured_media":333694,"comment_status":"","ping_status":"","sticky":false,"template":"","format":"standard","meta":{"footnotes":"","_share_on_mastodon":"0"},"categories":[12],"tags":[22,23,26,27,33,31,30,17,24,25,28,29,15,18,21,122,54,52,32,19,20,16,2359],"class_list":["post-333693","post","type-post","status-publish","format-standard","has-post-thumbnail","category-suomi","tag-breaking-news","tag-breakingnews","tag-featured-news","tag-featurednews","tag-fi","tag-finland","tag-finnish","tag-headlines","tag-latest-news","tag-latestnews","tag-main-news","tag-mainnews","tag-news","tag-otsikot","tag-paauutiset","tag-pelastaminen","tag-pelastuspalvelut","tag-poliisi","tag-suomi","tag-top-stories","tag-topstories","tag-uutiset","tag-vantaa"],"share_on_mastodon":{"url":"https:\/\/pubeurope.com\/@fi\/117159352632338041","error":""},"_links":{"self":[{"href":"https:\/\/www.europesays.com\/fi\/wp-json\/wp\/v2\/posts\/333693","targetHints":{"allow":["GET"]}}],"collection":[{"href":"https:\/\/www.europesays.com\/fi\/wp-json\/wp\/v2\/posts"}],"about":[{"href":"https:\/\/www.europesays.com\/fi\/wp-json\/wp\/v2\/types\/post"}],"author":[{"embeddable":true,"href":"https:\/\/www.europesays.com\/fi\/wp-json\/wp\/v2\/users\/2"}],"replies":[{"embeddable":true,"href":"https:\/\/www.europesays.com\/fi\/wp-json\/wp\/v2\/comments?post=333693"}],"version-history":[{"count":0,"href":"https:\/\/www.europesays.com\/fi\/wp-json\/wp\/v2\/posts\/333693\/revisions"}],"wp:featuredmedia":[{"embeddable":true,"href":"https:\/\/www.europesays.com\/fi\/wp-json\/wp\/v2\/media\/333694"}],"wp:attachment":[{"href":"https:\/\/www.europesays.com\/fi\/wp-json\/wp\/v2\/media?parent=333693"}],"wp:term":[{"taxonomy":"category","embeddable":true,"href":"https:\/\/www.europesays.com\/fi\/wp-json\/wp\/v2\/categories?post=333693"},{"taxonomy":"post_tag","embeddable":true,"href":"https:\/\/www.europesays.com\/fi\/wp-json\/wp\/v2\/tags?post=333693"}],"curies":[{"name":"wp","href":"https:\/\/api.w.org\/{rel}","templated":true}]}}