{"id":333707,"date":"2026-08-26T02:29:17","date_gmt":"2026-08-26T02:29:17","guid":{"rendered":"https:\/\/www.europesays.com\/fi\/333707\/"},"modified":"2026-08-26T02:29:17","modified_gmt":"2026-08-26T02:29:17","slug":"analyysi-stubb-ei-hatkahda-kun-venaja-tarttuu-suomen-presidentin-puheisiin-politiikka","status":"publish","type":"post","link":"https:\/\/www.europesays.com\/fi\/333707\/","title":{"rendered":"Analyysi: Stubb ei h\u00e4tk\u00e4hd\u00e4, kun Ven\u00e4j\u00e4 tarttuu Suomen presidentin puheisiin | Politiikka"},"content":{"rendered":"<p class=\"aw__sc-1qwuw0s-0 aw__sc-ngllmo-0 epAWpq fzYpjk yle__article__paragraph\">Presidentti <strong class=\"aw__sc-ngllmo-2 gdRrun yle__article__strong\">Alexander Stubb<\/strong> vitsaili tulleensa Ukrainasta \u201draikkaana ja virke\u00e4n\u00e4\u201d. V\u00e4symys kuitenkin kuului puheessa hetkitt\u00e4in, kun Stubb tapasi mediaa.<\/p>\n<p class=\"aw__sc-1qwuw0s-0 aw__sc-ngllmo-0 epAWpq fzYpjk yle__article__paragraph\">Tasavallan presidentti saapui Helsinkiin suurl\u00e4hettil\u00e4sp\u00e4iville suoraan Kiovasta. Matka kesti 48 tuntia, junassa Stubb viimeisteli puhettaan.<\/p>\n<p class=\"aw__sc-1qwuw0s-0 aw__sc-ngllmo-0 epAWpq fzYpjk yle__article__paragraph\">Matka kiteytt\u00e4\u00e4 sen, mik\u00e4 Stubbille on nyt keskeist\u00e4 Suomen ulko- ja turvallisuuspolitiikassa. Tuki Ukrainalle sek\u00e4 aktiivisuus.<\/p>\n<p class=\"aw__sc-1qwuw0s-0 aw__sc-ngllmo-0 epAWpq fzYpjk yle__article__paragraph\">Nyt ei pid\u00e4 k\u00e4perty\u00e4, vaan vaikuttaa.<\/p>\n<p class=\"aw__sc-1qwuw0s-0 aw__sc-ngllmo-0 epAWpq fzYpjk yle__article__paragraph\">Presidentti itse vaikuttaa ty\u00f6kseen: viestii, pit\u00e4\u00e4 itsens\u00e4 kartalla, tapaa ihmisi\u00e4 ja matkustaa.<\/p>\n<p class=\"aw__sc-1qwuw0s-0 aw__sc-ngllmo-0 epAWpq fzYpjk yle__article__paragraph\">Stubb kuvasi suurl\u00e4hettil\u00e4ille kolme kohtaa, miss\u00e4 kaikkialla Suomen pit\u00e4\u00e4 juuri nyt vaikuttaa: Natossa, EU:ssa ja YK:ssa.<\/p>\n<p class=\"aw__sc-1qwuw0s-0 aw__sc-ngllmo-0 epAWpq fzYpjk yle__article__paragraph\">\u2013 My\u00f6hemmin voi vaan sopeutua.<\/p>\n<p class=\"aw__sc-1qwuw0s-0 aw__sc-ngllmo-0 epAWpq fzYpjk yle__article__paragraph\">Stubb kertoo istuneensa iltaa ulkona Kiovan taivaan alla presidentti <strong class=\"aw__sc-ngllmo-2 gdRrun yle__article__strong\">Volodymir Zelenskyin<\/strong> kanssa. Puheessa vilahtelivat my\u00f6s Yhdysvaltojen neuvottelija <strong class=\"aw__sc-ngllmo-2 gdRrun yle__article__strong\">Jared Kushner<\/strong> ja Ranskan presidentti <strong class=\"aw__sc-ngllmo-2 gdRrun yle__article__strong\">Emmanuel Macron<\/strong>.<\/p>\n<p class=\"aw__sc-1qwuw0s-0 aw__sc-ngllmo-0 epAWpq fzYpjk yle__article__paragraph\">Stubbin kabinetissa ty\u00f6t\u00e4 tehd\u00e4\u00e4n ja yhteyksi\u00e4 pidet\u00e4\u00e4n, mutta tiistaina selvisi hyvin v\u00e4h\u00e4n, millaisia ratkaisuja t\u00e4ll\u00e4 hetkell\u00e4 haetaan.<\/p>\n<p>Eurooppalainen Nato on viel\u00e4 h\u00e4m\u00e4r\u00e4n peitossa<\/p>\n<p class=\"aw__sc-1qwuw0s-0 aw__sc-ngllmo-0 epAWpq fzYpjk yle__article__paragraph\">T\u00e4m\u00e4np\u00e4iv\u00e4isess\u00e4 puheessa korostui n\u00e4kymien ep\u00e4varmuus ja valmiiden vastausten puute. Se kertoo tilanteesta, jossa kansainv\u00e4linen politiikka ja turvallisuus juuri nyt on.<\/p>\n<p class=\"aw__sc-1qwuw0s-0 aw__sc-ngllmo-0 epAWpq fzYpjk yle__article__paragraph\">Yhdess\u00e4 viikossa voi tapahtua saman verran kuin aiemmin vuodessa, mutta samaan aikaan asiat junnaavat ja matelevat. Vain se on selv\u00e4\u00e4, ett\u00e4 maailmassa taistellaan vallasta kiivaasti.<\/p>\n<p class=\"aw__sc-1qwuw0s-0 aw__sc-ngllmo-0 epAWpq fzYpjk yle__article__paragraph\">Viel\u00e4 hein\u00e4kuussa Stubb puhui Ankaran Nato-huippukokouksessa siell\u00e4 syntyv\u00e4st\u00e4 Nato 3.0:sta ja eurooppalaisemmasta Natosta, iskulauseen omaisesti.<\/p>\n<p class=\"aw__sc-1qwuw0s-0 aw__sc-ngllmo-0 epAWpq fzYpjk yle__article__paragraph\">Nyt, reilua kuukautta my\u00f6hemmin, Stubb sanoo, ett\u00e4 Ankara oli virstanpylv\u00e4s. Mutta ei ole selv\u00e4\u00e4, millainen eurooppalaisesta Natosta tulee.<\/p>\n<p class=\"aw__sc-1qwuw0s-0 aw__sc-ngllmo-0 epAWpq fzYpjk yle__article__paragraph\">\u2013 Prosessi ja m\u00e4\u00e4r\u00e4np\u00e4\u00e4 ovat kuitenkin monessa mieless\u00e4 avoimia. Siltaa tulevaisuuteen rakennetaan samalla, kun matkaa tehd\u00e4\u00e4n, Stubb sanoi puheessaan.<\/p>\n<p class=\"aw__sc-1qwuw0s-0 aw__sc-ngllmo-0 epAWpq fzYpjk yle__article__paragraph\">Stubb m\u00e4\u00e4rittelee ulko- ja turvallisuuspolitiikkaan kolmiosaisen ytimen: Kansallinen etu ja turvallisuus, eurooppalainen vastuu ja globaali vaikuttaminen.<\/p>\n<p class=\"aw__sc-1qwuw0s-0 aw__sc-ngllmo-0 epAWpq fzYpjk yle__article__paragraph\">Suomen pit\u00e4\u00e4 Stubbin mukaan vahvistaa ja ketter\u00f6itt\u00e4\u00e4 Eurooppaa \u2013 eik\u00e4 valittaa sen heikkoudesta.<\/p>\n<p class=\"aw__sc-1qwuw0s-0 aw__sc-ngllmo-0 epAWpq fzYpjk yle__article__paragraph\">Samoin Suomen pit\u00e4\u00e4 auttaa vahvistamaan Natoa. Sit\u00e4 kuvatessaan Stubb muistuttaa selv\u00e4st\u00e4 erosta aiempaan ulkopolitiikkaan. Suomi ei vain odota eurooppalaista Natoa, vaan rakentaa sit\u00e4 sis\u00e4lt\u00e4 p\u00e4in.<\/p>\n<p class=\"aw__sc-1qwuw0s-0 aw__sc-ngllmo-0 epAWpq fzYpjk yle__article__paragraph\">Naton uudistamisen tapoja h\u00e4n ei kuitenkaan yksil\u00f6i. Stubb sanoo, ett\u00e4 Yhdysvaltojen kykyj\u00e4 ei korvata yksi yhteen ja tarvitaan uutta strategista kulttuuria ja eurooppalaista toimijuutta. Siksi Euroopan pit\u00e4isi tunnistaa yhteiset intressit.<\/p>\n<p class=\"aw__sc-1qwuw0s-0 aw__sc-ngllmo-0 epAWpq fzYpjk yle__article__paragraph\">Juuri n\u00e4it\u00e4 yhteisi\u00e4 intressej\u00e4 Stubb mit\u00e4 ilmeisimmin etsii ja sanoittaa yhteydenpidossaan maailman johtajien kanssa.<\/p>\n<p>Stubb on nostanut Suomen sarjatasoa<\/p>\n<p class=\"aw__sc-1qwuw0s-0 aw__sc-ngllmo-0 epAWpq fzYpjk yle__article__paragraph\">Stubbin puhetta kuunnelleet suurl\u00e4hettil\u00e4\u00e4t ovat todenn\u00e4k\u00f6isesti huomanneet, ett\u00e4 ulkopolitiikkaa tehd\u00e4\u00e4n nyt korkeammalla sarjatasolla kuin koskaan ennen. He tiet\u00e4v\u00e4t my\u00f6s, ett\u00e4 Suomen peli on pitk\u00e4lti Stubbin varassa \u2013 ja todenn\u00e4k\u00f6isesti vain h\u00e4n saa Suomen t\u00e4ll\u00e4 uudella sarjatasolla pidetty\u00e4.<\/p>\n<p class=\"aw__sc-1qwuw0s-0 aw__sc-ngllmo-0 epAWpq fzYpjk yle__article__paragraph\">Kun Stubb korostaa vaikuttamisen merkityst\u00e4, h\u00e4n oikeuttaa politiikan tekemisen tapaansa, jollaista ei suomalaisessa politiikassa ole ennen n\u00e4hty. Vastaankaan on vaikea v\u00e4itt\u00e4\u00e4.<\/p>\n<p class=\"aw__sc-1qwuw0s-0 aw__sc-ngllmo-0 epAWpq fzYpjk yle__article__paragraph\">Toisaalta my\u00f6s politiikan selitt\u00e4minen, kuvailu ja perustelu suomalaisille aika ajoin olisi t\u00e4rke\u00e4\u00e4, jotta kansa pysyisi presidenttins\u00e4 vauhdissa mukana.<\/p>\n<p class=\"aw__sc-1qwuw0s-0 aw__sc-ngllmo-0 epAWpq fzYpjk yle__article__paragraph\">Vaikka n\u00e4k\u00f6alat ovat h\u00e4m\u00e4r\u00e4t eik\u00e4 vaikuttaminen aina tuota tulosta, Stubb ei vaikuta kyynistyneen.<\/p>\n<p>Ven\u00e4j\u00e4n ennakointi on vaikeaa<\/p>\n<p class=\"aw__sc-1qwuw0s-0 aw__sc-ngllmo-0 epAWpq fzYpjk yle__article__paragraph\">Tiistaina Stubb muistutti j\u00e4lleen, ett\u00e4 Suomella tulee Ukrainan sodan p\u00e4\u00e4tytty\u00e4 olemaan yh\u00e4 naapurisuhde Ven\u00e4j\u00e4\u00e4n. Suhteen ei tarvitse tarkoittaa rautaesirippua.<\/p>\n<p class=\"aw__sc-1qwuw0s-0 aw__sc-ngllmo-0 epAWpq fzYpjk yle__article__paragraph\">On Ven\u00e4j\u00e4st\u00e4 kiinni, millainen suhteesta tulee. Stubb sanoo.<\/p>\n<p class=\"aw__sc-1qwuw0s-0 aw__sc-ngllmo-0 epAWpq fzYpjk yle__article__paragraph\">Nyt Suomen ja Ven\u00e4j\u00e4n v\u00e4lill\u00e4 on rautaesirippu, mutta rajan on sulkenut Suomi.<\/p>\n<p>Presidentti Alexander Stubb puhui suurl\u00e4hettil\u00e4sp\u00e4ivill\u00e4 Suomen naapurisuhteesta Ven\u00e4j\u00e4\u00e4n.<\/p>\n<p class=\"aw__sc-1qwuw0s-0 aw__sc-ngllmo-0 epAWpq fzYpjk yle__article__paragraph\">Stubb ei ottanut kantaa tiedustelupalveluiden arvioihin, joiden mukaan Ven\u00e4j\u00e4 voisi l\u00e4hiaikoina testata Natoa joko sotilaallisesti tai hybridisodank\u00e4ynnin keinoin. H\u00e4n kehotti valppauteen ja olemaan toistamatta Ven\u00e4j\u00e4n disinformaatiota.<\/p>\n<p class=\"aw__sc-1qwuw0s-0 aw__sc-ngllmo-0 epAWpq fzYpjk yle__article__paragraph\">Stubb my\u00f6s muistuttaa Ven\u00e4j\u00e4n kapasiteetin rajallisuudesta. Sill\u00e4 on k\u00e4det t\u00e4ynn\u00e4 t\u00f6it\u00e4 Ukrainan kanssa.<\/p>\n<p class=\"aw__sc-1qwuw0s-0 aw__sc-ngllmo-0 epAWpq fzYpjk yle__article__paragraph\">Viel\u00e4 kes\u00e4kuussa Kultarannassa Stubb arvioi Ukrainan sotaan liittyen, ett\u00e4 parin kuukauden sis\u00e4ll\u00e4 kannattaisi olla neuvottelukosketus Ven\u00e4j\u00e4n kanssa. Ainakaan julkista kontaktia ei tapahtunut.<\/p>\n<p class=\"aw__sc-1qwuw0s-0 aw__sc-ngllmo-0 epAWpq fzYpjk yle__article__paragraph\">Maanantaina Kiovassa Stubb sanoi, ett\u00e4 kontakteja on, mutta ne ovat \u201dback office\u201d, takaoven kautta.<\/p>\n<p class=\"aw__sc-1qwuw0s-0 aw__sc-ngllmo-0 epAWpq fzYpjk yle__article__paragraph\">Ven\u00e4j\u00e4 puolestaan on tarttunut Stubbin puheisiin jo jonkin aikaa ja yritt\u00e4\u00e4 hy\u00f6dynt\u00e4\u00e4 niit\u00e4 Suomea vastaan. Kun Stubb arvioi Kiovassa Ukrainan tehneen sotilasstrategisesti viisaita iskuja Ven\u00e4j\u00e4n logistiikkakeskuksiin, Kreml sanoi Stubbin olevan sodan kannalla.<\/p>\n<p class=\"aw__sc-1qwuw0s-0 aw__sc-ngllmo-0 epAWpq fzYpjk yle__article__paragraph\">Stubb ei ole t\u00e4h\u00e4nk\u00e4\u00e4n asti h\u00e4tk\u00e4ht\u00e4nyt sit\u00e4, ett\u00e4 Ven\u00e4j\u00e4 tarttuu h\u00e4nen puheisiinsa. T\u00e4n\u00e4\u00e4n Stubb arvioi esimerkiksi tiedustelupalveluiden arvioihin nojaten, ett\u00e4 sota ei ole p\u00e4\u00e4ttym\u00e4ss\u00e4.<\/p>\n<p class=\"aw__sc-1qwuw0s-0 aw__sc-ngllmo-0 epAWpq fzYpjk yle__article__paragraph\">Stubb kuitenkin sanoi Suomen tekev\u00e4n t\u00f6it\u00e4 rauhan puolesta ja rauhoitteli suomalaisia: Suomi tiet\u00e4\u00e4 t\u00e4sm\u00e4lleen, millaisia kykyj\u00e4 Ven\u00e4j\u00e4 Suomenkin rajan taakse rakentaa. Ja Naton keskeinen osa on pelote, jolla ehk\u00e4ist\u00e4\u00e4n mahdollista hy\u00f6kk\u00e4yst\u00e4.<\/p>\n","protected":false},"excerpt":{"rendered":"Presidentti Alexander Stubb vitsaili tulleensa Ukrainasta \u201draikkaana ja virke\u00e4n\u00e4\u201d. V\u00e4symys kuitenkin kuului puheessa hetkitt\u00e4in, kun Stubb tapasi mediaa.&hellip;\n","protected":false},"author":2,"featured_media":333708,"comment_status":"","ping_status":"","sticky":false,"template":"","format":"standard","meta":{"footnotes":"","_share_on_mastodon":"0"},"categories":[5],"tags":[3406,22,23,1617,26,27,33,31,30,17,70,24,25,28,29,2579,15,18,21,637,5016,32,19,20,546,56,16],"class_list":["post-333707","post","type-post","status-publish","format-standard","has-post-thumbnail","category-otsikot","tag-alexander-stubb","tag-breaking-news","tag-breakingnews","tag-euroopan-unioni","tag-featured-news","tag-featurednews","tag-fi","tag-finland","tag-finnish","tag-headlines","tag-kansainvalinen-politiikka","tag-latest-news","tag-latestnews","tag-main-news","tag-mainnews","tag-nato","tag-news","tag-otsikot","tag-paauutiset","tag-politiikka","tag-suomen-ulkopolitiikka","tag-suomi","tag-top-stories","tag-topstories","tag-turvallisuus","tag-ulkomaat","tag-uutiset"],"share_on_mastodon":{"url":"https:\/\/pubeurope.com\/@fi\/117159458631087562","error":""},"_links":{"self":[{"href":"https:\/\/www.europesays.com\/fi\/wp-json\/wp\/v2\/posts\/333707","targetHints":{"allow":["GET"]}}],"collection":[{"href":"https:\/\/www.europesays.com\/fi\/wp-json\/wp\/v2\/posts"}],"about":[{"href":"https:\/\/www.europesays.com\/fi\/wp-json\/wp\/v2\/types\/post"}],"author":[{"embeddable":true,"href":"https:\/\/www.europesays.com\/fi\/wp-json\/wp\/v2\/users\/2"}],"replies":[{"embeddable":true,"href":"https:\/\/www.europesays.com\/fi\/wp-json\/wp\/v2\/comments?post=333707"}],"version-history":[{"count":0,"href":"https:\/\/www.europesays.com\/fi\/wp-json\/wp\/v2\/posts\/333707\/revisions"}],"wp:featuredmedia":[{"embeddable":true,"href":"https:\/\/www.europesays.com\/fi\/wp-json\/wp\/v2\/media\/333708"}],"wp:attachment":[{"href":"https:\/\/www.europesays.com\/fi\/wp-json\/wp\/v2\/media?parent=333707"}],"wp:term":[{"taxonomy":"category","embeddable":true,"href":"https:\/\/www.europesays.com\/fi\/wp-json\/wp\/v2\/categories?post=333707"},{"taxonomy":"post_tag","embeddable":true,"href":"https:\/\/www.europesays.com\/fi\/wp-json\/wp\/v2\/tags?post=333707"}],"curies":[{"name":"wp","href":"https:\/\/api.w.org\/{rel}","templated":true}]}}