{"id":333735,"date":"2026-08-26T03:41:11","date_gmt":"2026-08-26T03:41:11","guid":{"rendered":"https:\/\/www.europesays.com\/fi\/333735\/"},"modified":"2026-08-26T03:41:11","modified_gmt":"2026-08-26T03:41:11","slug":"aanesta-suosikkisi-merisaan-rannikkoasemista-ja-voita-liput-yle-100-showhun-yle-radio-suomi-yle-fi","status":"publish","type":"post","link":"https:\/\/www.europesays.com\/fi\/333735\/","title":{"rendered":"\u00c4\u00e4nest\u00e4 suosikkisi Meris\u00e4\u00e4n rannikkoasemista ja voita liput Yle 100 Show&#8217;hun! \u2013 Yle Radio Suomi \u2013 yle.fi"},"content":{"rendered":"<p class=\"ydd-lead font-bold text-lg owl:text-xl\">  Radio Suomi arpoo osallistujien kesken kahden hengen lippupaketin Helsingin areenalla j\u00e4rjestett\u00e4v\u00e4\u00e4n Yle 100 areenalla -tapahtumaan.<\/p>\n<p>Yle t\u00e4ytt\u00e4\u00e4 100 vuotta t\u00e4n\u00e4 syksyn\u00e4, ja juhlavuosi huipentuu Helsingin areenalla lauantaina 5. syyskuuta. Yle 100 areenalla -tapahtumassa p\u00e4\u00e4st\u00e4\u00e4n nauttimaan kotimaisen musiikin k\u00e4rkinimist\u00e4, kun <strong>K\u00e4\u00e4rij\u00e4<\/strong>, <strong>Mirella<\/strong>, <strong>Jenni Vartiainen<\/strong>, <strong>Erika Vikman<\/strong>, <strong>Diandra<\/strong> ja <strong>Lauri Mikkola<\/strong> liittyv\u00e4t <strong>JVG:n<\/strong>, <strong>Anna Puun<\/strong>, <strong>Hectorin<\/strong> ja <strong>Maria Ylip\u00e4\u00e4n<\/strong> t\u00e4hditt\u00e4m\u00e4\u00e4n esiintyj\u00e4kaartiin lauantai-illan Yle 100 Showssa. Radio Suomi tarjoaa kuulijoilleen mahdollisuuden p\u00e4\u00e4st\u00e4 juhlimaan paikan p\u00e4\u00e4lle!<\/p>\n<p><strong>Radiosta tutut s\u00e4\u00e4tiedotukset merenkulkijoille ovat olleet osa ohjelmistoa koko Yleisradion 100-vuotisen historian ajan. Kerro meille, mik\u00e4 on sinun suosikkisi Radio Suomen Meris\u00e4\u00e4n rannikkoasemista ja j\u00e4t\u00e4 yhteystietosi. Vain yksi \u00e4\u00e4ni \/ puhelinnumero. \u00c4\u00e4nestys p\u00e4\u00e4ttyy tiistaina 1. syyskuuta 2026 klo 22.00.<\/strong><\/p>\n<p>Kaikkien osallistuneiden kesken arvomme kolme kahden hengen lippupakettia lauantain tapahtumaan.<\/p>\n<p>Voittajat julkistetaan keskiviikkona suorassa l\u00e4hetyksess\u00e4 Radio Suomen Aamussa klo 7.30 j\u00e4lkeen. Voittajalle ilmoitetaan henkil\u00f6kohtaisesti puhelimitse. Lippupaketti toimitetaan voittajalle s\u00e4hk\u00f6postilla.<\/p>\n<p>Halutessasi voit osallistua vain \u00e4\u00e4nestykseen ja j\u00e4tt\u00e4\u00e4 yhteystietosi t\u00e4ytt\u00e4m\u00e4tt\u00e4.<\/p>\n","protected":false},"excerpt":{"rendered":"Radio Suomi arpoo osallistujien kesken kahden hengen lippupaketin Helsingin areenalla j\u00e4rjestett\u00e4v\u00e4\u00e4n Yle 100 areenalla -tapahtumaan. Yle t\u00e4ytt\u00e4\u00e4 100&hellip;\n","protected":false},"author":2,"featured_media":333736,"comment_status":"","ping_status":"","sticky":false,"template":"","format":"standard","meta":{"footnotes":"","_share_on_mastodon":"0"},"categories":[130],"tags":[137,33,31,30,564,30090,41524,32,109,15582],"class_list":["post-333735","post","type-post","status-publish","format-standard","has-post-thumbnail","category-viihde","tag-entertainment","tag-fi","tag-finland","tag-finnish","tag-juhlat","tag-merisaa","tag-saatiedotus-merenkulkijoille","tag-suomi","tag-viihde","tag-yle-100"],"share_on_mastodon":{"url":"https:\/\/pubeurope.com\/@fi\/117159741690312765","error":""},"_links":{"self":[{"href":"https:\/\/www.europesays.com\/fi\/wp-json\/wp\/v2\/posts\/333735","targetHints":{"allow":["GET"]}}],"collection":[{"href":"https:\/\/www.europesays.com\/fi\/wp-json\/wp\/v2\/posts"}],"about":[{"href":"https:\/\/www.europesays.com\/fi\/wp-json\/wp\/v2\/types\/post"}],"author":[{"embeddable":true,"href":"https:\/\/www.europesays.com\/fi\/wp-json\/wp\/v2\/users\/2"}],"replies":[{"embeddable":true,"href":"https:\/\/www.europesays.com\/fi\/wp-json\/wp\/v2\/comments?post=333735"}],"version-history":[{"count":0,"href":"https:\/\/www.europesays.com\/fi\/wp-json\/wp\/v2\/posts\/333735\/revisions"}],"wp:featuredmedia":[{"embeddable":true,"href":"https:\/\/www.europesays.com\/fi\/wp-json\/wp\/v2\/media\/333736"}],"wp:attachment":[{"href":"https:\/\/www.europesays.com\/fi\/wp-json\/wp\/v2\/media?parent=333735"}],"wp:term":[{"taxonomy":"category","embeddable":true,"href":"https:\/\/www.europesays.com\/fi\/wp-json\/wp\/v2\/categories?post=333735"},{"taxonomy":"post_tag","embeddable":true,"href":"https:\/\/www.europesays.com\/fi\/wp-json\/wp\/v2\/tags?post=333735"}],"curies":[{"name":"wp","href":"https:\/\/api.w.org\/{rel}","templated":true}]}}