{"id":333751,"date":"2026-08-26T04:10:19","date_gmt":"2026-08-26T04:10:19","guid":{"rendered":"https:\/\/www.europesays.com\/fi\/333751\/"},"modified":"2026-08-26T04:10:19","modified_gmt":"2026-08-26T04:10:19","slug":"julkisen-velan-aiheuttamat-paineet-vaikeuttavat-yhdysvaltojen-rahapolitiikkaa-vietnam-vn","status":"publish","type":"post","link":"https:\/\/www.europesays.com\/fi\/333751\/","title":{"rendered":"Julkisen velan aiheuttamat paineet vaikeuttavat Yhdysvaltojen rahapolitiikkaa. &#8211; Vietnam.vn"},"content":{"rendered":"<ol>\n<li><a href=\"https:\/\/news.google.com\/rss\/articles\/CBMigAFBVV95cUxNTWltVUtxeUxzcEFoeEd0WV93YWtqNGJyOTZOdUR2Mmh4cXhRN3g0b0xVQmxoYUlhSWY3NWVPNmQ2WGwyUFc1Y29yRmdtUzdIeXBjUnU1SVN2MkhlaTRJS2Y1bEpRWExkSWR1bEI0cU9VdUVPMmVOQ1gxVGkwRk5CMA?oc=5\" target=\"_blank\" rel=\"nofollow noopener\">Julkisen velan aiheuttamat paineet vaikeuttavat Yhdysvaltojen rahapolitiikkaa.<\/a>&nbsp;&nbsp;Vietnam.vn<\/li>\n<li><a href=\"https:\/\/news.google.com\/rss\/articles\/CBMifkFVX3lxTFBDVVp6MUI1dVFETUZvb001cWNfbC1pSUlPTG5VeW1Mc3hDOG5KY2NqS3JRUEFfTVRva1JLMEVibEt3bXlxZzF3bnVNRlQtTGpJS2VKdVpqMUlCajRXQ2hmWWhYdnBET1JGNkFMS0J4Y2kwT2FnZHlGVHdDSmhQQQ?oc=5\" target=\"_blank\" rel=\"nofollow noopener\">Omalta mentorilta tyly viesti Bessentille: Teet virheen<\/a>&nbsp;&nbsp;Kauppalehti<\/li>\n<li><a href=\"https:\/\/news.google.com\/rss\/articles\/CBMifEFVX3lxTE5iZFJUTGVwdE1uVUlXd0FxVmtJbHg1eWd0bXlOMGlKblBlQzRGVFNwbGdTaS1VUzhzZUQzYXVVWTQ3a3U5SS1Vd2hVVTJ1RGpTSDhyWTllUjB3OVFyLUtMWFM5OXJyT0V3bVJ1R2tEdkJMMjBFVDhRLXBwY18?oc=5\" target=\"_blank\" rel=\"nofollow noopener\">\u201dKiid\u00e4mme kohti jyrk\u00e4nnett\u00e4\u201d \u2013 Yhdysvalloille korkomaksuja jopa biljoona dollaria<\/a>&nbsp;&nbsp;Iltalehti<\/li>\n<li><a href=\"https:\/\/news.google.com\/rss\/articles\/CBMiWkFVX3lxTE1DTHhRaU9kWWpCQ3R5QjlFRF9Da05HXzllWWFCQk1IMnNkVDdoOUdTeHJLU2o3N0trMVltUm55NjhoT2dDV0pXbFpya25Mc05lYktsN2lsc09Odw?oc=5\" target=\"_blank\" rel=\"nofollow noopener\">Maailmantalous | Korot hipovat enn\u00e4tyksi\u00e4 velkahuolten takia<\/a>&nbsp;&nbsp;HS.fi<\/li>\n<li><a href=\"https:\/\/news.google.com\/rss\/articles\/CBMifkFVX3lxTE9BdnpvV29neFI5SkVPNWZhUzQ1ZW1lS2JKd2lKMVVhQnlOZ0xnMXlFWXd5U3hIdllkb2FUOFllbzNBYXB5Tkc5MklzV2FJbk05NFlKUXlpeVNfR3ZIOTRFTjluM1ZHbzJwamlKbnVCdGFKak9FdkNwaTJzZDZoZw?oc=5\" target=\"_blank\" rel=\"nofollow noopener\">Yhdysvaltojen yritys kesytt\u00e4\u00e4 villiel\u00e4in ep\u00e4onnistui heti<\/a>&nbsp;&nbsp;Talousel\u00e4m\u00e4<\/li>\n<\/ol>\n","protected":false},"excerpt":{"rendered":"Julkisen velan aiheuttamat paineet vaikeuttavat Yhdysvaltojen rahapolitiikkaa.&nbsp;&nbsp;Vietnam.vn Omalta mentorilta tyly viesti Bessentille: Teet virheen&nbsp;&nbsp;Kauppalehti \u201dKiid\u00e4mme kohti jyrk\u00e4nnett\u00e4\u201d \u2013&hellip;\n","protected":false},"author":2,"featured_media":333752,"comment_status":"","ping_status":"","sticky":false,"template":"","format":"standard","meta":{"footnotes":"","_share_on_mastodon":"0"},"categories":[76],"tags":[79,77,4668,33,31,30,863,41525,721,41526,32,78,2556,32734],"class_list":["post-333751","post","type-post","status-publish","format-standard","has-post-thumbnail","category-talous","tag-business","tag-economy","tag-fed","tag-fi","tag-finland","tag-finnish","tag-hallitus","tag-markkinoida","tag-rahoitus","tag-saanto","tag-suomi","tag-talous","tag-valtiovarainministerio","tag-yhdysvaltain-valtiovarainministerio"],"share_on_mastodon":{"url":"https:\/\/pubeurope.com\/@fi\/117159855871061855","error":""},"_links":{"self":[{"href":"https:\/\/www.europesays.com\/fi\/wp-json\/wp\/v2\/posts\/333751","targetHints":{"allow":["GET"]}}],"collection":[{"href":"https:\/\/www.europesays.com\/fi\/wp-json\/wp\/v2\/posts"}],"about":[{"href":"https:\/\/www.europesays.com\/fi\/wp-json\/wp\/v2\/types\/post"}],"author":[{"embeddable":true,"href":"https:\/\/www.europesays.com\/fi\/wp-json\/wp\/v2\/users\/2"}],"replies":[{"embeddable":true,"href":"https:\/\/www.europesays.com\/fi\/wp-json\/wp\/v2\/comments?post=333751"}],"version-history":[{"count":0,"href":"https:\/\/www.europesays.com\/fi\/wp-json\/wp\/v2\/posts\/333751\/revisions"}],"wp:featuredmedia":[{"embeddable":true,"href":"https:\/\/www.europesays.com\/fi\/wp-json\/wp\/v2\/media\/333752"}],"wp:attachment":[{"href":"https:\/\/www.europesays.com\/fi\/wp-json\/wp\/v2\/media?parent=333751"}],"wp:term":[{"taxonomy":"category","embeddable":true,"href":"https:\/\/www.europesays.com\/fi\/wp-json\/wp\/v2\/categories?post=333751"},{"taxonomy":"post_tag","embeddable":true,"href":"https:\/\/www.europesays.com\/fi\/wp-json\/wp\/v2\/tags?post=333751"}],"curies":[{"name":"wp","href":"https:\/\/api.w.org\/{rel}","templated":true}]}}