{"id":333827,"date":"2026-08-26T06:24:12","date_gmt":"2026-08-26T06:24:12","guid":{"rendered":"https:\/\/www.europesays.com\/fi\/333827\/"},"modified":"2026-08-26T06:24:12","modified_gmt":"2026-08-26T06:24:12","slug":"vedenalainen-vesiputki-vaurioitui-paijanteessa-sukeltajat-varmistivat-vuotokohdan-jyvaskylan-korpilahdella-keski-suomi","status":"publish","type":"post","link":"https:\/\/www.europesays.com\/fi\/333827\/","title":{"rendered":"Vedenalainen vesiputki vaurioitui P\u00e4ij\u00e4nteess\u00e4 \u2013 sukeltajat varmistivat vuotokohdan Jyv\u00e4skyl\u00e4n Korpilahdella | Keski-Suomi"},"content":{"rendered":"<p class=\"aw__sc-1qwuw0s-0 aw__sc-1vg2sqm-0 epAWpq ecELkD yle__article__paragraph\">Laaja h\u00e4iri\u00f6 vedenjakelussa alkoi Korpilahdella maanantaina. Vedenjakelu on saatu palautettua, mutta talousveden keittokehotus jatkuu yh\u00e4.<\/p>\n<p><img decoding=\"async\" alt=\"Mies sulkee vesikanisterin korkkia.\" src=\"https:\/\/www.europesays.com\/fi\/wp-content\/uploads\/2026\/08\/1787652576.jpeg\" class=\"aw__sc-dklauk-0 LPzKX\"\/><\/p>\n<p>Avaa kuvien katselu<\/p>\n<p>Puhdasta ruoka- ja juomavett\u00e4 voi edelleen hakea omiin astioihin Korpilahden keskustasta. Kuva: Petri Aaltonen \/ Yle<\/p>\n<p class=\"aw__sc-1qwuw0s-0 aw__sc-ngllmo-0 epAWpq fzYpjk yle__article__paragraph\">Jyv\u00e4skyl\u00e4n Korpilahden <a class=\"aw__sc-ngllmo-1 bTDnwX yle__article__link\" href=\"https:\/\/yle.fi\/a\/74-20242684\" role=\"link\" rel=\"nofollow noopener\" target=\"_blank\">maanantainen putkirikko<\/a> tapahtui P\u00e4ij\u00e4nteess\u00e4 kulkevassa vesiputkessa. Putken vauriopaikka varmistui tiistaina illalla.<\/p>\n<p class=\"aw__sc-1qwuw0s-0 aw__sc-ngllmo-0 epAWpq fzYpjk yle__article__paragraph\">Alvan vesihuoltop\u00e4\u00e4llikk\u00f6 <strong class=\"aw__sc-ngllmo-2 gdRrun yle__article__strong\">Atte Pakkasen<\/strong> mukaan vuotokohta on Kirkkolahdessa, Korpilahden sataman l\u00e4hell\u00e4.<\/p>\n<p class=\"aw__sc-1qwuw0s-0 aw__sc-ngllmo-0 epAWpq fzYpjk yle__article__paragraph\">Ep\u00e4ily siit\u00e4, ett\u00e4 vuotopaikka saattaisi olla j\u00e4rvess\u00e4, her\u00e4si tiistaina iltap\u00e4iv\u00e4ll\u00e4.<\/p>\n<p class=\"aw__sc-1qwuw0s-0 aw__sc-ngllmo-0 epAWpq fzYpjk yle__article__paragraph\">\u2013 Vuotokohta paikantui vesist\u00f6alitukseen. Sukeltajat k\u00e4viv\u00e4t varmistamassa asian ennen pime\u00e4n tuloa tiistaina, Pakkanen kuvailee.<\/p>\n<p class=\"aw__sc-1qwuw0s-0 aw__sc-ngllmo-0 epAWpq fzYpjk yle__article__paragraph\">Putki vuoti suoraan j\u00e4rveen, mink\u00e4 vuoksi vaurion paikantaminen kesti tavallista pidemp\u00e4\u00e4n.<\/p>\n<p class=\"aw__sc-1qwuw0s-0 aw__sc-ngllmo-0 epAWpq fzYpjk yle__article__paragraph\">\u2013 Ei ole t\u00e4ysin poikkeuksellista, ett\u00e4 vedenalainen putki rikkoutuu, mutta se on harvinaisempaa kuin maissa kulkevien johtojen vauriot.<\/p>\n<p class=\"aw__sc-1qwuw0s-0 aw__sc-ngllmo-0 epAWpq fzYpjk yle__article__paragraph\">Korjausty\u00f6t\u00e4 ei aloitettu viel\u00e4 viime y\u00f6n\u00e4. Korjaust\u00f6iden suunnittelu jatkuu t\u00e4n\u00e4\u00e4n. Pakkanen ennakoi, ett\u00e4 putken korjaus kest\u00e4\u00e4 p\u00e4ivi\u00e4.<\/p>\n<p class=\"aw__sc-1qwuw0s-0 aw__sc-ngllmo-0 epAWpq fzYpjk yle__article__paragraph\">\u2013 Putki voidaan uusia kokonaan tai nostaa vanha putki pintaan, jolloin vaurion voi korjata uudella putkella tai liitososalla.<\/p>\n<p class=\"aw__sc-1qwuw0s-0 aw__sc-ngllmo-0 epAWpq fzYpjk yle__article__paragraph\">Syyt\u00e4 putkirikkoon ei Pakkasen mukaan viel\u00e4 tiedet\u00e4. Vesihuoltop\u00e4\u00e4llikk\u00f6 arvioi, ett\u00e4 rikkoutunut putki on kymmeni\u00e4 vuosia vanha.<\/p>\n<p class=\"aw__sc-1qwuw0s-0 aw__sc-ngllmo-0 epAWpq fzYpjk yle__article__paragraph\">Vedenjakelu oli maanantaina ja tiistaina Korpilahdella poikki laajalla alueella. Enimmill\u00e4\u00e4n vailla vett\u00e4 oli yli 700 vedenk\u00e4ytt\u00f6paikkaa. Vedenjakelu saatiin tiistai-illan aikana palautettua kaikille talouksille.<\/p>\n<p class=\"aw__sc-1qwuw0s-0 aw__sc-ngllmo-0 epAWpq fzYpjk yle__article__paragraph\">Ruoka- ja juomaveden keittokehotus Korpilahdella jatkuu toistaiseksi. Keittokehotus koskee my\u00f6s Moksin ja K\u00e4rkisten vesiosuuskunnan aluetta, mutta ei Etel\u00e4-Korpilahden, Putkilahden eik\u00e4 Oittilan vesiosuuskuntien vedenjakelun piiriss\u00e4 olevia.<\/p>\n<p class=\"aw__sc-1qwuw0s-0 aw__sc-ngllmo-0 epAWpq fzYpjk yle__article__paragraph\">Vesijohtovedest\u00e4 otettujen n\u00e4ytteiden tulosten odotetaan valmistuvan viimeist\u00e4\u00e4n perjantaina.<\/p>\n<p class=\"aw__sc-1qwuw0s-0 aw__sc-ngllmo-0 epAWpq fzYpjk yle__article__paragraph\"><strong class=\"aw__sc-ngllmo-2 gdRrun yle__article__strong\">Korpilahtelaiset kertoivat tiistaina p\u00e4iv\u00e4ll\u00e4, millaisiin tarpeisiin he hakivat vett\u00e4 jakelupisteelt\u00e4:<\/strong><\/p>\n<p>Video: Petri Aaltonen ja Niko Mannonen \/ Yle<\/p>\n","protected":false},"excerpt":{"rendered":"Laaja h\u00e4iri\u00f6 vedenjakelussa alkoi Korpilahdella maanantaina. Vedenjakelu on saatu palautettua, mutta talousveden keittokehotus jatkuu yh\u00e4. Avaa kuvien katselu&hellip;\n","protected":false},"author":2,"featured_media":333828,"comment_status":"","ping_status":"","sticky":false,"template":"","format":"standard","meta":{"footnotes":"","_share_on_mastodon":"0"},"categories":[5],"tags":[22,23,26,27,33,31,30,10037,17,425,2749,474,940,71,1833,24,25,28,29,15,18,21,32,19,20,16,25510],"class_list":["post-333827","post","type-post","status-publish","format-standard","has-post-thumbnail","category-otsikot","tag-breaking-news","tag-breakingnews","tag-featured-news","tag-featurednews","tag-fi","tag-finland","tag-finnish","tag-hairiot","tag-headlines","tag-jyvaskyla","tag-jyvaskylan-seutukunta","tag-keski-suomi","tag-korpilahti","tag-kotimaa","tag-kunnat","tag-latest-news","tag-latestnews","tag-main-news","tag-mainnews","tag-news","tag-otsikot","tag-paauutiset","tag-suomi","tag-top-stories","tag-topstories","tag-uutiset","tag-vedenjakelu"],"share_on_mastodon":{"url":"https:\/\/pubeurope.com\/@fi\/117160383082839338","error":""},"_links":{"self":[{"href":"https:\/\/www.europesays.com\/fi\/wp-json\/wp\/v2\/posts\/333827","targetHints":{"allow":["GET"]}}],"collection":[{"href":"https:\/\/www.europesays.com\/fi\/wp-json\/wp\/v2\/posts"}],"about":[{"href":"https:\/\/www.europesays.com\/fi\/wp-json\/wp\/v2\/types\/post"}],"author":[{"embeddable":true,"href":"https:\/\/www.europesays.com\/fi\/wp-json\/wp\/v2\/users\/2"}],"replies":[{"embeddable":true,"href":"https:\/\/www.europesays.com\/fi\/wp-json\/wp\/v2\/comments?post=333827"}],"version-history":[{"count":0,"href":"https:\/\/www.europesays.com\/fi\/wp-json\/wp\/v2\/posts\/333827\/revisions"}],"wp:featuredmedia":[{"embeddable":true,"href":"https:\/\/www.europesays.com\/fi\/wp-json\/wp\/v2\/media\/333828"}],"wp:attachment":[{"href":"https:\/\/www.europesays.com\/fi\/wp-json\/wp\/v2\/media?parent=333827"}],"wp:term":[{"taxonomy":"category","embeddable":true,"href":"https:\/\/www.europesays.com\/fi\/wp-json\/wp\/v2\/categories?post=333827"},{"taxonomy":"post_tag","embeddable":true,"href":"https:\/\/www.europesays.com\/fi\/wp-json\/wp\/v2\/tags?post=333827"}],"curies":[{"name":"wp","href":"https:\/\/api.w.org\/{rel}","templated":true}]}}