{"id":333835,"date":"2026-08-26T06:48:09","date_gmt":"2026-08-26T06:48:09","guid":{"rendered":"https:\/\/www.europesays.com\/fi\/333835\/"},"modified":"2026-08-26T06:48:09","modified_gmt":"2026-08-26T06:48:09","slug":"ukraina-esitteli-droonien-lentotukialuksen-uutiset","status":"publish","type":"post","link":"https:\/\/www.europesays.com\/fi\/333835\/","title":{"rendered":"Ukraina esitteli droonien \u201dlentotukialuksen\u201d | Uutiset"},"content":{"rendered":"<p>Ukraina esitteli droonien \u201dlentotukialuksen\u201d<\/p>\n<p class=\"aw__sc-1fr77j0-1 TDEqA\">Ukrainan asevoimat on esitellyt robottialuksen, joka toimii droonien tukialuksena. Asiast kertoo <a href=\"https:\/\/www.kyivpost.com\/post\/83090\" class=\"aw__sc-1uqi69x-0 aw__sc-1kcnrzg-0 jwODkx hqUnKt\" rel=\"nofollow noopener\" target=\"_blank\">Kyiv Post -lehti<\/a>.<\/p>\n<p class=\"aw__sc-1fr77j0-1 TDEqA\">\u201dDroonien lentotukialus\u201d on Magura MV11, pituudeltaan 7-metrinen alus, jota esiteltiin Ukrainan itsen\u00e4isyysp\u00e4iv\u00e4n yhteydess\u00e4 Dnipro-joella. <\/p>\n<p class=\"aw__sc-1fr77j0-1 TDEqA\">Kyseess\u00e4 on tiett\u00e4v\u00e4sti maailman ensimm\u00e4inen robottialus, joka on tarkoitettu lent\u00e4vien droonien kuljetus- ja laukaisualustaksi.<\/p>\n<p class=\"aw__sc-1fr77j0-1 TDEqA\">Magura MV11 pystyy Kyiv Postin mukaan kuljettamaan 2,2 tonnin verran lastia ja liikkumaan merell\u00e4 seitsem\u00e4n p\u00e4iv\u00e4\u00e4 tarvitsematta uutta latausta akkuihinsa. Alus on ukrainalais-portugalilaista yhteisty\u00f6t\u00e4.<\/p>\n<p class=\"aw__sc-1fr77j0-1 TDEqA\">Maguran etukannella on laatikoihin pakattuna FPV-drooneja. Kukin niist\u00e4 pystyy tuhoamaan panssaroidun  ajoneuvon. Kyiv Postin arvion mukaan kannelle mahtuu  20-40 droonia, jotka voidaan laukaista yksitellen tai yht\u00e4 aikaa. Droonit voidaan laukaista my\u00f6s liikkeest\u00e4.<\/p>\n<p class=\"aw__sc-1fr77j0-1 TDEqA\">Lis\u00e4ksi alus sopii tiedusteluun, huoltoalukseksi tai maahanlaskuoperaatioiden tukialukseksi, kertoo Kyiv Post.<\/p>\n","protected":false},"excerpt":{"rendered":"Ukraina esitteli droonien \u201dlentotukialuksen\u201d Ukrainan asevoimat on esitellyt robottialuksen, joka toimii droonien tukialuksena. Asiast kertoo Kyiv Post -lehti.&hellip;\n","protected":false},"author":2,"featured_media":333836,"comment_status":"","ping_status":"","sticky":false,"template":"","format":"standard","meta":{"footnotes":"","_share_on_mastodon":"0"},"categories":[14],"tags":[22,23,26,27,33,31,30,17,70,24,25,28,29,15,18,21,32,19,20,1303,56,16,547,987,59,60,61],"class_list":["post-333835","post","type-post","status-publish","format-standard","has-post-thumbnail","category-ulkomaat","tag-breaking-news","tag-breakingnews","tag-featured-news","tag-featurednews","tag-fi","tag-finland","tag-finnish","tag-headlines","tag-kansainvalinen-politiikka","tag-latest-news","tag-latestnews","tag-main-news","tag-mainnews","tag-news","tag-otsikot","tag-paauutiset","tag-suomi","tag-top-stories","tag-topstories","tag-ukraina","tag-ulkomaat","tag-uutiset","tag-venaja","tag-venajan-hyokkays","tag-world","tag-world-news","tag-worldnews"],"share_on_mastodon":{"url":"https:\/\/pubeurope.com\/@fi\/117160477064853813","error":""},"_links":{"self":[{"href":"https:\/\/www.europesays.com\/fi\/wp-json\/wp\/v2\/posts\/333835","targetHints":{"allow":["GET"]}}],"collection":[{"href":"https:\/\/www.europesays.com\/fi\/wp-json\/wp\/v2\/posts"}],"about":[{"href":"https:\/\/www.europesays.com\/fi\/wp-json\/wp\/v2\/types\/post"}],"author":[{"embeddable":true,"href":"https:\/\/www.europesays.com\/fi\/wp-json\/wp\/v2\/users\/2"}],"replies":[{"embeddable":true,"href":"https:\/\/www.europesays.com\/fi\/wp-json\/wp\/v2\/comments?post=333835"}],"version-history":[{"count":0,"href":"https:\/\/www.europesays.com\/fi\/wp-json\/wp\/v2\/posts\/333835\/revisions"}],"wp:featuredmedia":[{"embeddable":true,"href":"https:\/\/www.europesays.com\/fi\/wp-json\/wp\/v2\/media\/333836"}],"wp:attachment":[{"href":"https:\/\/www.europesays.com\/fi\/wp-json\/wp\/v2\/media?parent=333835"}],"wp:term":[{"taxonomy":"category","embeddable":true,"href":"https:\/\/www.europesays.com\/fi\/wp-json\/wp\/v2\/categories?post=333835"},{"taxonomy":"post_tag","embeddable":true,"href":"https:\/\/www.europesays.com\/fi\/wp-json\/wp\/v2\/tags?post=333835"}],"curies":[{"name":"wp","href":"https:\/\/api.w.org\/{rel}","templated":true}]}}