{"id":333843,"date":"2026-08-26T07:00:16","date_gmt":"2026-08-26T07:00:16","guid":{"rendered":"https:\/\/www.europesays.com\/fi\/333843\/"},"modified":"2026-08-26T07:00:16","modified_gmt":"2026-08-26T07:00:16","slug":"garmin-julkisti-huipputason-fenix-9-sarjan-alykellonsa","status":"publish","type":"post","link":"https:\/\/www.europesays.com\/fi\/333843\/","title":{"rendered":"Garmin julkisti huipputason Fenix 9 -sarjan \u00e4lykellonsa"},"content":{"rendered":"<p><img fetchpriority=\"high\" decoding=\"async\" aria-describedby=\"caption-attachment-284060\" class=\"size-large wp-image-284060\" src=\"data:image\/svg+xml,%3Csvg%20xmlns=\" http:=\"\" alt=\"\" width=\"1200\" height=\"675\" data-lazy- data-lazy- data-lazy-src=\"https:\/\/www.europesays.com\/fi\/wp-content\/uploads\/2026\/08\/EMEA-87661-PR-2200x1450-1-1200x675.webp\"\/><\/p>\n<p id=\"caption-attachment-284060\" class=\"wp-caption-text\">Garmin Fenix 9 -mallisto soveltuu jopa viikkojen vaelluksille.<\/p>\n<p>Garmin on julkistanut uudet Fenix 9- ja Fenix 9 Pro -\u00e4lykellonsa vaativaan urheilu- ja ulkoiluk\u00e4ytt\u00f6\u00f6n. Uutuuksissa on muun muassa kirkkaammat n\u00e4yt\u00f6t, nopeammat kartat ja uusia kest\u00e4vyyden seurantatoimintoja.<\/p>\n<p>Garmin Fenix 9 tulee saataville 43, 47 ja 51 millimetrin kokovaihtoehtoina. AMOLED-n\u00e4ytt\u00f6 on kaksi kertaa edelt\u00e4j\u00e4\u00e4 kirkkaampi, mink\u00e4 lis\u00e4ksi kellossa on safiirilasi, vesitiiviit painikkeet ja sukelluskest\u00e4vyys 40 metrin syvyyteen asti.<\/p>\n<p>Yksi keskeisist\u00e4 ohjelmistouudistuksista on Garmin Epic. Sen avulla esimerkiksi useita p\u00e4ivi\u00e4, viikkoja tai jopa kuukausia kest\u00e4v\u00e4n vaelluksen tai muun kokonaisuuden aktiviteetit voidaan yhdist\u00e4\u00e4 Garmin Connectissa yhdeksi tarinaksi. Mukaan voi lis\u00e4t\u00e4 kuvia sek\u00e4 terveys- ja suorituskykytietoja, ja kokonaisuuden voi jakaa muille.<\/p>\n<p><img loading=\"lazy\" decoding=\"async\" aria-describedby=\"caption-attachment-284059\" class=\"size-large wp-image-284059\" src=\"data:image\/svg+xml,%3Csvg%20xmlns=\" http:=\"\" alt=\"\" width=\"1200\" height=\"400\" data-lazy- data-lazy- data-lazy-src=\"https:\/\/www.europesays.com\/fi\/wp-content\/uploads\/2026\/08\/92141-fenix-9-launch-full-image-D-1200x400.webp\"\/><\/p>\n<p id=\"caption-attachment-284059\" class=\"wp-caption-text\">Fenix 9 -malliston tyylivaihtoehtoja.<\/p>\n<p style=\"width: 98%; text-align: center; font-size:13px; border-bottom: 1px solid #C8C8C8; line-height: 0.1em; margin: 8px 1% 16px 1%;\">MAINOS (ARTIKKELI JATKUU ALLA)<\/p>\n<p>Harjoitteluun Garmin tuo uudet Kest\u00e4vyysk\u00e4yr\u00e4- ja Kest\u00e4vyysalue-toiminnot. Ensimm\u00e4inen arvioi, kuinka pitk\u00e4\u00e4n k\u00e4ytt\u00e4j\u00e4 pystyy yll\u00e4pit\u00e4m\u00e4\u00e4n tietty\u00e4 vauhtia tai tehoa ja miten suorituskyky kehittyy harjoittelun my\u00f6t\u00e4. Kest\u00e4vyysalue puolestaan auttaa juoksijoita ja py\u00f6r\u00e4ilij\u00f6it\u00e4 hahmottamaan, kuinka pitk\u00e4\u00e4n eri rasitustasoja voidaan yll\u00e4pit\u00e4\u00e4.<\/p>\n<p>My\u00f6s karttojen k\u00e4ytt\u00f6 nopeutuu. Fenix 9:ss\u00e4 on 50 prosenttia enemm\u00e4n RAM-k\u00e4ytt\u00f6muistia kuin Fenix 8:ssa sek\u00e4 uudistettu karttamoottori, joiden ansiosta karttojen k\u00e4yt\u00f6n kerrotaan olevan jopa 30 prosenttia nopeampaa. Uusi perspektiivin\u00e4kym\u00e4 auttaa puolestaan hahmottamaan edess\u00e4 olevaa maastoa.<\/p>\n<p>Tallennusmuistia on 64 gigatavua, joten kelloon mahtuu kaksinkertainen m\u00e4\u00e4r\u00e4 karttoja Fenix 8:aan verrattuna. Musiikkia voi tallentaa jopa 7 000 kappaletta.<\/p>\n<p><img loading=\"lazy\" decoding=\"async\" aria-describedby=\"caption-attachment-284058\" class=\"wp-image-284058 size-medium\" src=\"data:image\/svg+xml,%3Csvg%20xmlns=\" http:=\"\" alt=\"\" width=\"409\" height=\"420\" data-lazy- data-lazy- data-lazy-src=\"https:\/\/www.europesays.com\/fi\/wp-content\/uploads\/2026\/08\/fenix-409x420.png\"\/><\/p>\n<p id=\"caption-attachment-284058\" class=\"wp-caption-text\">Garmin Fenix 9 Pro.<\/p>\n<p style=\"width: 98%; text-align: center; font-size:13px; border-bottom: 1px solid #C8C8C8; line-height: 0.1em; margin: 8px 1% 16px 1%;\">MAINOS (ARTIKKELI JATKUU ALLA)<\/p>\n<p>Fenix 9 Pro puolestaan on ensimm\u00e4inen Fenix-kello kokonaan titaanista valmistetulla kellorungolla. Sen AMOLED-n\u00e4ytt\u00f6 ylt\u00e4\u00e4 jopa 3 000 nitin kirkkauteen, ja suurimmassa 51 millimetrin mallissa on lis\u00e4ksi Fenix-sarjan ensimm\u00e4inen 1,5 tuuman AMOLED-n\u00e4ytt\u00f6.<\/p>\n<p>Akunkesto vaihtelee mallista riippuen. Suurimman 51 millimetrin Fenix 9:n luvataan toimivan \u00e4lykellotilassa jopa 29 p\u00e4iv\u00e4\u00e4 ja vastaavan AMOLED-n\u00e4yt\u00f6llisen Fenix 9 Pron jopa 31 p\u00e4iv\u00e4\u00e4. Aurinkolatauksella varustetuissa malleissa k\u00e4ytt\u00f6aika voi ylt\u00e4\u00e4 jopa 57 p\u00e4iv\u00e4\u00e4n.<\/p>\n<p>Garmin Fenix 9 on nyt <a href=\"https:\/\/www.garmin.com\/fi-FI\/p\/1962713\/\" rel=\"nofollow noopener\" target=\"_blank\">saatavilla<\/a> Suomessa alkaen 1 046 euron suositushintaan. Fenix 9 Pron hinnat alkavat puolestaan 1 151 eurosta.<\/p>\n<p>Mainos: <a href=\"https:\/\/hinta.fi\/?src=gPp6fX03\" target=\"_blank\" rel=\"nofollow noopener\">Noin 1 600 000 tuotteen hintavertailu ja hintaseuranta &#8211; katso Hinta.fist\u00e4 mist\u00e4 saat halvimmalla<\/a><\/p>\n","protected":false},"excerpt":{"rendered":"Garmin Fenix 9 -mallisto soveltuu jopa viikkojen vaelluksille. Garmin on julkistanut uudet Fenix 9- ja Fenix 9 Pro&hellip;\n","protected":false},"author":2,"featured_media":333844,"comment_status":"","ping_status":"","sticky":false,"template":"","format":"standard","meta":{"footnotes":"","_share_on_mastodon":"0"},"categories":[86],"tags":[420,33,31,30,421,32,91,92],"class_list":["post-333843","post","type-post","status-publish","format-standard","has-post-thumbnail","category-laitteet","tag-equipment","tag-fi","tag-finland","tag-finnish","tag-laitteet","tag-suomi","tag-technology","tag-teknologia"],"share_on_mastodon":{"url":"https:\/\/pubeurope.com\/@fi\/117160524333867014","error":""},"_links":{"self":[{"href":"https:\/\/www.europesays.com\/fi\/wp-json\/wp\/v2\/posts\/333843","targetHints":{"allow":["GET"]}}],"collection":[{"href":"https:\/\/www.europesays.com\/fi\/wp-json\/wp\/v2\/posts"}],"about":[{"href":"https:\/\/www.europesays.com\/fi\/wp-json\/wp\/v2\/types\/post"}],"author":[{"embeddable":true,"href":"https:\/\/www.europesays.com\/fi\/wp-json\/wp\/v2\/users\/2"}],"replies":[{"embeddable":true,"href":"https:\/\/www.europesays.com\/fi\/wp-json\/wp\/v2\/comments?post=333843"}],"version-history":[{"count":0,"href":"https:\/\/www.europesays.com\/fi\/wp-json\/wp\/v2\/posts\/333843\/revisions"}],"wp:featuredmedia":[{"embeddable":true,"href":"https:\/\/www.europesays.com\/fi\/wp-json\/wp\/v2\/media\/333844"}],"wp:attachment":[{"href":"https:\/\/www.europesays.com\/fi\/wp-json\/wp\/v2\/media?parent=333843"}],"wp:term":[{"taxonomy":"category","embeddable":true,"href":"https:\/\/www.europesays.com\/fi\/wp-json\/wp\/v2\/categories?post=333843"},{"taxonomy":"post_tag","embeddable":true,"href":"https:\/\/www.europesays.com\/fi\/wp-json\/wp\/v2\/tags?post=333843"}],"curies":[{"name":"wp","href":"https:\/\/api.w.org\/{rel}","templated":true}]}}