{"id":333871,"date":"2026-08-26T07:43:12","date_gmt":"2026-08-26T07:43:12","guid":{"rendered":"https:\/\/www.europesays.com\/fi\/333871\/"},"modified":"2026-08-26T07:43:12","modified_gmt":"2026-08-26T07:43:12","slug":"janne-puhakan-murhasta-syytetty-nordmo-itkee-oikeudessa-olen-niin-pahoillani-yle-seuraa-kuulemista-uusimaa","status":"publish","type":"post","link":"https:\/\/www.europesays.com\/fi\/333871\/","title":{"rendered":"Janne Puhakan murhasta syytetty Nordmo itkee oikeudessa: \u201dOlen niin pahoillani\u201d \u2013 Yle seuraa kuulemista | Uusimaa"},"content":{"rendered":"<ul class=\"aw__sc-1yb43iq-0 gFXHv yle__article__list yle__article__list--ul\">\n<li class=\"aw__sc-1yb43iq-1 gVAzbt\">Helsingin hovioikeus k\u00e4sittelee Janne Puhakan henkirikosta. Rolf Nordmoa kuullaan keskiviikkona.<\/li>\n<li class=\"aw__sc-1yb43iq-1 gVAzbt\">Nordmo tuomittiin k\u00e4r\u00e4j\u00e4oikeudessa elinkautiseen murhasta. H\u00e4n my\u00f6nt\u00e4\u00e4 tapon, mutta kiist\u00e4\u00e4 murhan.<\/li>\n<li class=\"aw__sc-1yb43iq-1 gVAzbt\">Hovioikeus p\u00e4\u00e4tt\u00e4\u00e4, pysyyk\u00f6 elinkautinen vai muuttuuko se 8\u201312 vuodeksi.<\/li>\n<li class=\"aw__sc-1yb43iq-1 gVAzbt\">Nordmo ampui ja iski aseen piipulla entist\u00e4 kumppaniaan. H\u00e4n sanoo toimineensa kiihtymystilassa.<\/li>\n<\/ul>\n<p class=\"aw__sc-1qwuw0s-0 aw__sc-ngllmo-0 epAWpq fzYpjk yle__article__paragraph\">Helsingin hovioikeus jatkaa t\u00e4n\u00e4\u00e4n keskiviikkona entisen j\u00e4\u00e4kiekkoilijan <strong class=\"aw__sc-ngllmo-2 gdRrun yle__article__strong\">Janne Puhakan<\/strong> henkirikoksen k\u00e4sittely\u00e4. P\u00e4iv\u00e4n keski\u00f6ss\u00e4 on murhasta syytetyn 68-vuotiaan <strong class=\"aw__sc-ngllmo-2 gdRrun yle__article__strong\">Rolf Nordmon<\/strong> kuuleminen.<\/p>\n<p class=\"aw__sc-1qwuw0s-0 aw__sc-ngllmo-0 epAWpq fzYpjk yle__article__paragraph\">Oikeudessa on kuultu aamup\u00e4iv\u00e4ll\u00e4 uhrin is\u00e4\u00e4 ja siskoa. Nyt \u00e4\u00e4ness\u00e4 on norjalainen el\u00e4inl\u00e4\u00e4k\u00e4ri Nordmo.<\/p>\n<ul class=\"aw__sc-1yb43iq-0 gFXHv yle__article__list yle__article__list--ul\">\n<li class=\"aw__sc-1yb43iq-1 gVAzbt\">Yle kertoo kello yhdeks\u00e4lt\u00e4 alkaneesta oikeudenk\u00e4ynnin tapahtumista t\u00e4ss\u00e4 p\u00e4ivittyv\u00e4ss\u00e4 artikkelissa.<\/li>\n<\/ul>\n<p class=\"aw__sc-1qwuw0s-0 aw__sc-ngllmo-0 epAWpq fzYpjk yle__article__paragraph\">Nordmo istuu asianajajansa vieress\u00e4 oikeussalin eturiviss\u00e4 tummaan puvuntakkiin pukeutuneena.<\/p>\n<p class=\"aw__sc-1qwuw0s-0 aw__sc-ngllmo-0 epAWpq fzYpjk yle__article__paragraph\">H\u00e4n haluaa tulla kuulluksi englanniksi, mutta h\u00e4n k\u00e4ytt\u00e4\u00e4 tarvittaessa tulkkia. Nordmo alkaa puhua itkien.<\/p>\n<p class=\"aw__sc-1qwuw0s-0 aw__sc-ngllmo-0 epAWpq fzYpjk yle__article__paragraph\">\u2013 Haluan sanoa omaisille, ett\u00e4 olen todella pahoillani siit\u00e4, mit\u00e4 tapahtui. Ymm\u00e4rr\u00e4n hyvin tuskan, mit\u00e4 k\u00e4ytte l\u00e4pi. Olen kokenut sen itsekin. Olen niin pahoillani.<\/p>\n<p class=\"aw__sc-1qwuw0s-0 aw__sc-ngllmo-0 epAWpq fzYpjk yle__article__paragraph\">Nordmo kertoo h\u00e4nen ja Puhakan suhteen olleen vuosien ajan eritt\u00e4in hyv\u00e4. Heill\u00e4 oli monia yhteisi\u00e4 harrastuksia ja yst\u00e4vi\u00e4. Vaikka heill\u00e4 oli 37 vuoden ik\u00e4ero Nordmo koki, ett\u00e4 h\u00e4net hyv\u00e4ksyttiin perheeseen.<\/p>\n<p class=\"aw__sc-1qwuw0s-0 aw__sc-ngllmo-0 epAWpq fzYpjk yle__article__paragraph\">\u2013 Ne olivat yhdeks\u00e4n el\u00e4m\u00e4ni parasta vuotta ja viimeinen vuosi oli huonoin.<\/p>\n<p class=\"aw__sc-1qwuw0s-0 aw__sc-ngllmo-0 epAWpq fzYpjk yle__article__paragraph\">Nordmon mukaan h\u00e4n maksoi suhteessa suuren osan kuluista, koska h\u00e4nell\u00e4 oli hyv\u00e4t tulot.<\/p>\n<p class=\"aw__sc-1qwuw0s-0 aw__sc-ngllmo-0 epAWpq fzYpjk yle__article__paragraph\">\u2013 Siin\u00e4 oli iso ep\u00e4tasapaino, mutta halusin tehd\u00e4 niin, koska minulla oli rahaa.<\/p>\n<p class=\"aw__sc-1qwuw0s-0 aw__sc-ngllmo-0 epAWpq fzYpjk yle__article__paragraph\">Nordmo kertoi olleensa ylpe\u00e4 Puhakasta ja siit\u00e4, miten h\u00e4n toi julkisuudessa hyv\u00e4ksynt\u00e4\u00e4 homoseksuaalisuudelle puhumalla siit\u00e4 avoimesti.<\/p>\n<p class=\"aw__sc-1qwuw0s-0 aw__sc-ngllmo-0 epAWpq fzYpjk yle__article__paragraph\">Suhteen synkk\u00e4 puoli oli Nordmon mukaan Puhakan uskottomuus. Suhde oli et\u00e4suhde, koska Nordmo asui aluksi Norjassa ja oli vain v\u00e4lill\u00e4 Suomessa. Nordmon mukaan uskottomuus alkoi suhteen kestetty\u00e4 kolme vuotta.<\/p>\n<p class=\"aw__sc-1qwuw0s-0 aw__sc-ngllmo-0 epAWpq fzYpjk yle__article__paragraph\">\u2013 Tajusin, ett\u00e4 on v\u00e4\u00e4rin, ett\u00e4 h\u00e4n on sidottu minun ik\u00e4iseeni. Sanoin, ett\u00e4 olet nuori ja sinun pit\u00e4\u00e4 kokea asioita ja ett\u00e4 voimme erota, enk\u00e4 ole vihainen.<\/p>\n<p class=\"aw__sc-1qwuw0s-0 aw__sc-ngllmo-0 epAWpq fzYpjk yle__article__paragraph\">Nordmon mukaan Puhakka halusi kuitenkin jatkaa suhdetta. Nordmon mukaan he erosivat vuosien aikana useita kertoja, mutta palasivat aina yhteen.<\/p>\n<p class=\"aw__sc-1qwuw0s-0 aw__sc-ngllmo-0 epAWpq fzYpjk yle__article__paragraph\">Asuttuaan yhdess\u00e4 kolme vuotta Lauttasaaressa, he p\u00e4\u00e4ttiv\u00e4t ostaa omakotitalon Espoon Henttaalta. He muuttivat sinne lokakuussa 2022.<\/p>\n<p>Sisko: Minulla oli pelko, ett\u00e4 n\u00e4in voisi k\u00e4yd\u00e4<\/p>\n<p class=\"aw__sc-1qwuw0s-0 aw__sc-ngllmo-0 epAWpq fzYpjk yle__article__paragraph\">Oikeudenk\u00e4ynti alkoi uhrin siskon kuulemisella. H\u00e4n kertoi tunteneensa Nordmon noin 10 vuoden ajan suhteen alusta alkaen.<\/p>\n<p class=\"aw__sc-1qwuw0s-0 aw__sc-ngllmo-0 epAWpq fzYpjk yle__article__paragraph\">Surun murtama ja itkuinen siskoi kertoi Nordmon osallistuneen perheen yhteisiin tapaamisiin.<\/p>\n<p class=\"aw__sc-1qwuw0s-0 aw__sc-ngllmo-0 epAWpq fzYpjk yle__article__paragraph\">Siskon mukaan Nordmon ja Puhakan ongelmat tulivat h\u00e4nen tietoonsa kev\u00e4\u00e4ll\u00e4 2024.<\/p>\n<p class=\"aw__sc-1qwuw0s-0 aw__sc-ngllmo-0 epAWpq fzYpjk yle__article__paragraph\">\u2013 Janne oli huolissaan (Nordmon) lis\u00e4\u00e4ntyneest\u00e4 alkoholin k\u00e4yt\u00f6st\u00e4.<\/p>\n<p class=\"aw__sc-1qwuw0s-0 aw__sc-ngllmo-0 epAWpq fzYpjk yle__article__paragraph\">\u2013 Tunsin Jannen kuin oman poikani. Tiesin, ett\u00e4 jokin oli pieless\u00e4. Rolfin ja Jannen k\u00e4yt\u00f6s oli erilaista. Syksy\u00e4 kohti, kun sain kuulla, ett\u00e4 Jannella on miesyst\u00e4v\u00e4, huolestuin tosi paljon, koska ajattelin, ett\u00e4 voi tapahtua jotain pahaa.<\/p>\n<p class=\"aw__sc-1qwuw0s-0 aw__sc-ngllmo-0 epAWpq fzYpjk yle__article__paragraph\">Sisko ajatteli niin, koska Nordmo oli lausunut h\u00e4nelle huolestuttavat sanat aiemmin heid\u00e4n ollessaan viett\u00e4m\u00e4ss\u00e4 kes\u00e4p\u00e4iv\u00e4\u00e4 Lepp\u00e4vaaran uimahallilla.<\/p>\n<p class=\"aw__sc-1qwuw0s-0 aw__sc-ngllmo-0 epAWpq fzYpjk yle__article__paragraph\">\u2013 Rolf kertoi, ett\u00e4 Janne on h\u00e4nen el\u00e4m\u00e4ns\u00e4 rakkaus. Rolf sanoi, ett\u00e4 jos heid\u00e4n parisuhteensa p\u00e4\u00e4ttyy, se voi p\u00e4\u00e4tty\u00e4 vain yhdell\u00e4 tavalla. Janne on ollut tosi nuori l\u00e4htiess\u00e4\u00e4n Rolfin mukaan.<\/p>\n<p class=\"aw__sc-1qwuw0s-0 aw__sc-ngllmo-0 epAWpq fzYpjk yle__article__paragraph\">\u2013 Minulla on ollut pelko siit\u00e4, ett\u00e4 n\u00e4in voisi k\u00e4yd\u00e4.<\/p>\n<p class=\"aw__sc-1qwuw0s-0 aw__sc-ngllmo-0 epAWpq fzYpjk yle__article__paragraph\">Sisko ei puhunut Lepp\u00e4vaarassa k\u00e4ydyst\u00e4 erikoisesta keskustelusta koskaan Nordmon tai veljens\u00e4 kanssa.<\/p>\n<p class=\"aw__sc-1qwuw0s-0 aw__sc-ngllmo-0 epAWpq fzYpjk yle__article__paragraph\">\u2013 Min\u00e4 ymm\u00e4rsin, ett\u00e4 h\u00e4n puhui kuolemasta.<\/p>\n<p class=\"aw__sc-1qwuw0s-0 aw__sc-ngllmo-0 epAWpq fzYpjk yle__article__paragraph\">Siskon mukaan Nordmon mets\u00e4stysharrastuksesta oli puhuttu vain v\u00e4h\u00e4n. H\u00e4n kertoi Nordmon k\u00e4yt\u00f6ksen muuttuneen kev\u00e4\u00e4ll\u00e4 2024.<\/p>\n<p class=\"aw__sc-1qwuw0s-0 aw__sc-ngllmo-0 epAWpq fzYpjk yle__article__paragraph\">\u2013 H\u00e4n oli hiljaisempi, vet\u00e4ytyneempi, ei niin iloinen. Suurin muutos oli, kun he tulivat k\u00e4ym\u00e4\u00e4n asuntoautolla, Jannen k\u00e4yt\u00f6s oli erilaista. Ei ollut niin mukava ja rento tunnelma.<\/p>\n<p class=\"aw__sc-1qwuw0s-0 aw__sc-ngllmo-0 epAWpq fzYpjk yle__article__paragraph\">Sisko sai tiet\u00e4\u00e4 veljens\u00e4 parisuhteen Nordmon kanssa p\u00e4\u00e4ttyneen syyskuussa 2024.<\/p>\n<p class=\"aw__sc-1qwuw0s-0 aw__sc-ngllmo-0 epAWpq fzYpjk yle__article__paragraph\">\u2013 Ajatus, ett\u00e4 parisuhde ei ole kunnossa, oli jo kev\u00e4\u00e4st\u00e4.<\/p>\n<p class=\"aw__sc-1qwuw0s-0 aw__sc-ngllmo-0 epAWpq fzYpjk yle__article__paragraph\">\u2013 Haluan sanoa Rolfille ja kaikille, ett\u00e4 t\u00e4m\u00e4 k\u00e4rsimyksen ja tuhon m\u00e4\u00e4r\u00e4 on valtava.<\/p>\n<p class=\"aw__sc-1qwuw0s-0 aw__sc-ngllmo-0 epAWpq fzYpjk yle__article__paragraph\">Itkuisen siskon kuuleminen p\u00e4\u00e4ttyi t\u00e4h\u00e4n.<\/p>\n<p>Uhrin is\u00e4: Rolf sai raivokohtauksen<\/p>\n<p class=\"aw__sc-1qwuw0s-0 aw__sc-ngllmo-0 epAWpq fzYpjk yle__article__paragraph\">Seuraavaksi puhui uhrin is\u00e4. Mies kertoi olleensa poikansa kanssa tekemisiss\u00e4 viimeksi kes\u00e4- tai hein\u00e4kuussa 2024.<\/p>\n<p class=\"aw__sc-1qwuw0s-0 aw__sc-ngllmo-0 epAWpq fzYpjk yle__article__paragraph\">Is\u00e4n mukaan kaikki h\u00e4nen poikansa ja Nordmon suhteessa vaikutti pitk\u00e4\u00e4n olevan hyvin. Is\u00e4n ep\u00e4ilykset Nordmon luonteesta her\u00e4siv\u00e4t illallisella pariskunnan kotona Lauttasaaressa ennen heid\u00e4n muuttoaan Espooseen.<\/p>\n<p class=\"aw__sc-1qwuw0s-0 aw__sc-ngllmo-0 epAWpq fzYpjk yle__article__paragraph\">\u2013 Janne ei koskaan kertonut minulle ongelmista. Menin heille iltaa viett\u00e4m\u00e4\u00e4n. Ilta alkoi normaalisti. Oli kaunis mukava show keitti\u00f6ss\u00e4, hymyily\u00e4 ja viini\u00e4 tarjottiin.<\/p>\n<p class=\"aw__sc-1qwuw0s-0 aw__sc-ngllmo-0 epAWpq fzYpjk yle__article__paragraph\">Nordmo kattoi p\u00f6yt\u00e4\u00e4n hienoja annoksia, joihin uhrin is\u00e4 ei ollut tottunut.<\/p>\n<p class=\"aw__sc-1qwuw0s-0 aw__sc-ngllmo-0 epAWpq fzYpjk yle__article__paragraph\">\u2013 K\u00e4ytin ilmaisua, ett\u00e4 t\u00e4m\u00e4 on varmaan ihan hyv\u00e4\u00e4, mutta maku on erikoinen. Janne sanoi, ett\u00e4 nyt ei tainnut, Rolf, menn\u00e4 ihan putkeen. Rolf sai kauhean raivokohtauksen. Tavarat lensi ja ovet paukkui. Silloin ajattelin, ett\u00e4 jotain on pieless\u00e4.<\/p>\n<p class=\"aw__sc-1qwuw0s-0 aw__sc-ngllmo-0 epAWpq fzYpjk yle__article__paragraph\">\u2013 Ajattelin, ett\u00e4 t\u00e4ss\u00e4 ei ole kaikki niin kaunista kuin ulosp\u00e4in n\u00e4ytt\u00e4\u00e4.<\/p>\n<p>T\u00e4st\u00e4 on kyse<\/p>\n<p class=\"aw__sc-1qwuw0s-0 aw__sc-ngllmo-0 epAWpq fzYpjk yle__article__paragraph\">Nordmo tuomittiin L\u00e4nsi-Uudenmaan k\u00e4r\u00e4j\u00e4oikeudessa huhtikuussa 2025 elinkautiseen vankeuteen entisen puolisonsa, 29-vuotiaan <strong class=\"aw__sc-ngllmo-2 gdRrun yle__article__strong\">Janne Puhakan<\/strong> murhasta. Nordmo valitti tuomiosta.<\/p>\n<p class=\"aw__sc-1qwuw0s-0 aw__sc-ngllmo-0 epAWpq fzYpjk yle__article__paragraph\">Puhakan siskon oikeusavustaja, varatuomari <strong class=\"aw__sc-ngllmo-2 gdRrun yle__article__strong\">Tuukka Tieksola<\/strong> sanoi maanantaina hovioikeudessa, ett\u00e4 omaisilla on Nordmolle paljon kysymyksi\u00e4.<\/p>\n<p class=\"aw__sc-1qwuw0s-0 aw__sc-ngllmo-0 epAWpq fzYpjk yle__article__paragraph\">\u2013 Nyt on tarkoitus kaivaa miehest\u00e4 jotain, ett\u00e4 h\u00e4n pystyisi kertomaan seikkoja, jotka ovat olleet ep\u00e4selvi\u00e4, Tieksola sanoi.<\/p>\n<p class=\"aw__sc-1qwuw0s-0 aw__sc-ngllmo-0 epAWpq fzYpjk yle__article__paragraph\">Omaisten mukaan k\u00e4r\u00e4j\u00e4oikeudessa annettiin liikaa painoarvoa Nordmon omalle kertomukselle, vaikka h\u00e4n j\u00e4tti vastaamatta moniin kysymyksiin.<\/p>\n<p class=\"aw__sc-1qwuw0s-0 aw__sc-ngllmo-0 epAWpq fzYpjk yle__article__paragraph\">Yle seuraa tapausta, koska Puhakka oli julkisuuden henkil\u00f6 ja toi julkisuuteen my\u00f6s suhteensa Nordmon kanssa.<\/p>\n<p class=\"aw__sc-1qwuw0s-0 aw__sc-ngllmo-0 epAWpq fzYpjk yle__article__paragraph\">Rikosprosessia on seurattu my\u00f6s siksi, ett\u00e4 l\u00e4hisuhdev\u00e4kivalta on vakava ongelma Suomessa ja henkirikos on sen \u00e4\u00e4rimm\u00e4isin muoto.<\/p>\n<p class=\"aw__sc-1qwuw0s-0 aw__sc-ngllmo-0 epAWpq fzYpjk yle__article__paragraph\"><strong class=\"aw__sc-ngllmo-2 gdRrun yle__article__strong\">Uhrin siskon oikeusavustaja, varatuomari Tuukka Tieksola Ylen haastattelussa maanantaina 24. elokuuta 2026 Helsingin hovioikeudessa:<\/strong><\/p>\n<p>Elinkautinen k\u00e4sittelyss\u00e4<\/p>\n<p class=\"aw__sc-1qwuw0s-0 aw__sc-ngllmo-0 epAWpq fzYpjk yle__article__paragraph\">Henkirikos tapahtui lokakuussa 2024 Espoon Henttaalla talossa, jossa pariskunta oli ennen eroaan asunut yhdess\u00e4.<\/p>\n<p class=\"aw__sc-1qwuw0s-0 aw__sc-ngllmo-0 epAWpq fzYpjk yle__article__paragraph\">Nordmo on alusta l\u00e4htien my\u00f6nt\u00e4nyt aiheuttaneensa Puhakan kuoleman, mutta kiist\u00e4\u00e4 murhan. H\u00e4n my\u00f6nt\u00e4\u00e4 syyllistyneens\u00e4 tappoon.<\/p>\n<p class=\"aw__sc-1qwuw0s-0 aw__sc-ngllmo-0 epAWpq fzYpjk yle__article__paragraph\">Hovioikeudessa on kyse teon oikeudellisesta arvioinnista ja siit\u00e4, pysyyk\u00f6 elinkautinen vankeusrangaistus voimassa. Murhatuomiosta seuraa elinkautinen, taposta 8\u201312 vuotta vankeutta.<\/p>\n<p class=\"aw__sc-1qwuw0s-0 aw__sc-ngllmo-0 epAWpq fzYpjk yle__article__paragraph\">Syytt\u00e4j\u00e4t vaativat, ett\u00e4 hovioikeus pit\u00e4\u00e4 murhatuomion ja elinkautisen vankeusrangaistuksen voimassa.<\/p>\n<p class=\"aw__sc-1qwuw0s-0 aw__sc-ngllmo-0 epAWpq fzYpjk yle__article__paragraph\">Nordmo toi surmassa k\u00e4ytt\u00e4m\u00e4ns\u00e4 luvallisen haulikon Norjasta Suomeen 7. lokakuuta 2024, viikkoa ennen henkirikosta.<\/p>\n<p class=\"aw__sc-1qwuw0s-0 aw__sc-ngllmo-0 epAWpq fzYpjk yle__article__paragraph\">Syytt\u00e4j\u00e4t ja Puhakan omaiset v\u00e4itt\u00e4v\u00e4t, ett\u00e4 Nordmo suunnitteli henkirikosta ja toi aseen nimenomaan Puhakan surmaamiseksi. Nordmo kiist\u00e4\u00e4 t\u00e4m\u00e4n ja sanoo tuoneensa aseen mets\u00e4stysreissua varten.<\/p>\n<p class=\"aw__sc-1qwuw0s-0 aw__sc-ngllmo-0 epAWpq fzYpjk yle__article__paragraph\">Puhakan omaiset vaativat hovioikeudessa teon arvioimista erityisen raa&#8217;an tekotavan ja t\u00f6rkeyden lis\u00e4ksi vakaasti harkituksi ja erityisen julmaksi.<\/p>\n<p class=\"aw__sc-1qwuw0s-0 aw__sc-ngllmo-0 epAWpq fzYpjk yle__article__paragraph\">Asian k\u00e4sittelylle on varattu viisi p\u00e4iv\u00e4\u00e4. Puolustus ja omaisten edustajat ovat ilmoittaneet hovioikeudelle uusia todistajia.<\/p>\n<p class=\"aw__sc-1qwuw0s-0 aw__sc-ngllmo-0 epAWpq fzYpjk yle__article__paragraph\"><strong class=\"aw__sc-ngllmo-2 gdRrun yle__article__strong\">Aluesyytt\u00e4j\u00e4 Annukka Juntunen kommentoi murhaoikeudenk\u00e4ynti\u00e4 maanantaina ennen hovioikeusk\u00e4sittelyn alkua:<\/strong><\/p>\n<p>N\u00e4in k\u00e4r\u00e4j\u00e4oikeus arvioi henkirikosta<\/p>\n<p class=\"aw__sc-1qwuw0s-0 aw__sc-ngllmo-0 epAWpq fzYpjk yle__article__paragraph\">L\u00e4nsi-Uudenmaan k\u00e4r\u00e4j\u00e4oikeus katsoi, ett\u00e4 henkirikos oli murha, koska se oli tehty erityisen raa&#8217;alla tavalla ja teko oli kokonaisuutena arvostellen t\u00f6rke\u00e4.<\/p>\n<p class=\"aw__sc-1qwuw0s-0 aw__sc-ngllmo-0 epAWpq fzYpjk yle__article__paragraph\">Tuomion mukaan Rolf Nordmo ampui Janne Puhakkaa haulikolla kaksi kertaa ja iski t\u00e4t\u00e4 aseen piipulla p\u00e4\u00e4n alueelle jopa 9\u201310 kertaa niin voimakkaasti, ett\u00e4 aseen piippu hajosi.<\/p>\n<p class=\"aw__sc-1qwuw0s-0 aw__sc-ngllmo-0 epAWpq fzYpjk yle__article__paragraph\">Tuomion mukaan Puhakka oli elossa, kun h\u00e4nen p\u00e4\u00e4h\u00e4ns\u00e4 kohdistettiin v\u00e4kivaltaa. V\u00e4kivallan jatkaminen puolustuskyvyt\u00f6nt\u00e4 uhria kohtaan osoitti sinnik\u00e4st\u00e4 surmaamispyrkimyst\u00e4.<\/p>\n<p class=\"aw__sc-1qwuw0s-0 aw__sc-ngllmo-0 epAWpq fzYpjk yle__article__paragraph\">Tapahtumien kesto ja tekojen j\u00e4rjestys j\u00e4iv\u00e4t k\u00e4r\u00e4j\u00e4oikeudessa luotettavasti selvitt\u00e4m\u00e4tt\u00e4. Sen vuoksi k\u00e4r\u00e4j\u00e4oikeus hylk\u00e4si erityisen julmuuden murhatuomion perusteluista.<\/p>\n<p class=\"aw__sc-1qwuw0s-0 aw__sc-ngllmo-0 epAWpq fzYpjk yle__article__paragraph\">Oikeus kuitenkin totesi, ett\u00e4 teossa oli erityiseen julmuuteen liittyvi\u00e4 piirteit\u00e4 v\u00e4kivallan jatkuessa Puhakan ollessa jo puolustuskyvyt\u00f6n.<\/p>\n<p class=\"aw__sc-1qwuw0s-0 aw__sc-ngllmo-0 epAWpq fzYpjk yle__article__paragraph\">T\u00f6rkeysarviointiin vaikutti my\u00f6s se, ett\u00e4 teko tuli Puhakalle yll\u00e4tyksen\u00e4, tekij\u00e4 oli h\u00e4nen entinen puolisonsa ja teko tapahtui heid\u00e4n yhteisess\u00e4 kodissaan.<\/p>\n<p class=\"aw__sc-1qwuw0s-0 aw__sc-ngllmo-0 epAWpq fzYpjk yle__article__paragraph\">Teon vakaata harkintaa ei k\u00e4r\u00e4j\u00e4oikeudessa pystytty n\u00e4ytt\u00e4m\u00e4\u00e4n, vaan siit\u00e4 j\u00e4i varteenotettava ep\u00e4ily.<\/p>\n<p>Nordmo kertoo toimineensa kiihtymystilassa<\/p>\n<p class=\"aw__sc-1qwuw0s-0 aw__sc-ngllmo-0 epAWpq fzYpjk yle__article__paragraph\">Nordmo on aiemmin kertonut muistavansa ampuneensa Puhakkaa yhden kerran ja iskeneens\u00e4 t\u00e4t\u00e4 aseen piipulla 2\u20133 kertaa.<\/p>\n<p class=\"aw__sc-1qwuw0s-0 aw__sc-ngllmo-0 epAWpq fzYpjk yle__article__paragraph\">Puolustuksen mukaan teko kesti vain lyhyen ajan ja Puhakka menetti tajuntansa nopeasti. Nordmo sanoo toimineensa kiihtymystilassa, jossa pitk\u00e4aikainen stressi purkautui hallitsemattomasti.<\/p>\n<p class=\"aw__sc-1qwuw0s-0 aw__sc-ngllmo-0 epAWpq fzYpjk yle__article__paragraph\">Puolustuksen mukaan teko ei osoita sitke\u00e4\u00e4 surmaamispyrkimyst\u00e4 eik\u00e4 se ollut erityisen raa&#8217;alla tavalla tehty eik\u00e4 kokonaisuutena arvostellen t\u00f6rke\u00e4.<\/p>\n<p><img decoding=\"async\" alt=\"Rolf Nordmo  istuu sis\u00e4tiloissa p\u00f6yd\u00e4n \u00e4\u00e4ress\u00e4, taustalla n\u00e4kyy muita ihmisi\u00e4.\" src=\"https:\/\/www.europesays.com\/fi\/wp-content\/uploads\/2026\/08\/1787554254.jpeg\" loading=\"lazy\" class=\"aw__sc-dklauk-0 LPzKX\"\/><\/p>\n<p>Avaa kuvien katselu<\/p>\n<p>Nordmon puolustuksen mukaan henkirikoksen taustalla oli Nordmon suuri stressi, muun muassa eron ja talousvaikeuksien vuoksi. Kuva: Roni Rekomaa \/ Lehtikuva<\/p>\n<p class=\"aw__sc-1qwuw0s-0 aw__sc-ngllmo-0 epAWpq fzYpjk yle__article__paragraph\">Maanantaina hovioikeudessa k\u00e4siteltiin Nordmon yst\u00e4v\u00e4lleen l\u00e4hett\u00e4mi\u00e4 viestej\u00e4, joissa h\u00e4n noin kaksi viikkoa ennen tekoa viittasi Puhakan tappamiseen.<\/p>\n<p class=\"aw__sc-1qwuw0s-0 aw__sc-ngllmo-0 epAWpq fzYpjk yle__article__paragraph\">Syytt\u00e4j\u00e4n mukaan viestit osoittavat, ett\u00e4 tappaminen oli yksi Nordmon harkitsemista vaihtoehdoista. Puolustus v\u00e4itt\u00e4\u00e4 viestien olleen huumoria.<\/p>\n<p class=\"aw__sc-1qwuw0s-0 aw__sc-ngllmo-0 epAWpq fzYpjk yle__article__paragraph\"><strong class=\"aw__sc-ngllmo-2 gdRrun yle__article__strong\">Nordmon asianajaja Ville Luoto kommentoi Nordmon tilannetta hovioikeudessa viime maanantaina:<\/strong><\/p>\n","protected":false},"excerpt":{"rendered":"Helsingin hovioikeus k\u00e4sittelee Janne Puhakan henkirikosta. Rolf Nordmoa kuullaan keskiviikkona. Nordmo tuomittiin k\u00e4r\u00e4j\u00e4oikeudessa elinkautiseen murhasta. H\u00e4n my\u00f6nt\u00e4\u00e4 tapon,&hellip;\n","protected":false},"author":2,"featured_media":333872,"comment_status":"","ping_status":"","sticky":false,"template":"","format":"standard","meta":{"footnotes":"","_share_on_mastodon":"0"},"categories":[12],"tags":[22,23,400,26,27,33,31,30,17,8792,104,4918,71,24,25,28,29,1252,15,18,21,581,32,19,20,1168,16],"class_list":["post-333871","post","type-post","status-publish","format-standard","has-post-thumbnail","category-suomi","tag-breaking-news","tag-breakingnews","tag-espoo","tag-featured-news","tag-featurednews","tag-fi","tag-finland","tag-finnish","tag-headlines","tag-helsingin-hovioikeus","tag-helsinki","tag-henkirikokset","tag-kotimaa","tag-latest-news","tag-latestnews","tag-main-news","tag-mainnews","tag-murha","tag-news","tag-otsikot","tag-paauutiset","tag-rikokset","tag-suomi","tag-top-stories","tag-topstories","tag-uusimaa","tag-uutiset"],"share_on_mastodon":{"url":"","error":""},"_links":{"self":[{"href":"https:\/\/www.europesays.com\/fi\/wp-json\/wp\/v2\/posts\/333871","targetHints":{"allow":["GET"]}}],"collection":[{"href":"https:\/\/www.europesays.com\/fi\/wp-json\/wp\/v2\/posts"}],"about":[{"href":"https:\/\/www.europesays.com\/fi\/wp-json\/wp\/v2\/types\/post"}],"author":[{"embeddable":true,"href":"https:\/\/www.europesays.com\/fi\/wp-json\/wp\/v2\/users\/2"}],"replies":[{"embeddable":true,"href":"https:\/\/www.europesays.com\/fi\/wp-json\/wp\/v2\/comments?post=333871"}],"version-history":[{"count":0,"href":"https:\/\/www.europesays.com\/fi\/wp-json\/wp\/v2\/posts\/333871\/revisions"}],"wp:featuredmedia":[{"embeddable":true,"href":"https:\/\/www.europesays.com\/fi\/wp-json\/wp\/v2\/media\/333872"}],"wp:attachment":[{"href":"https:\/\/www.europesays.com\/fi\/wp-json\/wp\/v2\/media?parent=333871"}],"wp:term":[{"taxonomy":"category","embeddable":true,"href":"https:\/\/www.europesays.com\/fi\/wp-json\/wp\/v2\/categories?post=333871"},{"taxonomy":"post_tag","embeddable":true,"href":"https:\/\/www.europesays.com\/fi\/wp-json\/wp\/v2\/tags?post=333871"}],"curies":[{"name":"wp","href":"https:\/\/api.w.org\/{rel}","templated":true}]}}