{"id":333873,"date":"2026-08-26T07:44:12","date_gmt":"2026-08-26T07:44:12","guid":{"rendered":"https:\/\/www.europesays.com\/fi\/333873\/"},"modified":"2026-08-26T07:44:12","modified_gmt":"2026-08-26T07:44:12","slug":"al-tampereella-on-niin-havyton-meno-etta-kummolakin-jyrahti","status":"publish","type":"post","link":"https:\/\/www.europesays.com\/fi\/333873\/","title":{"rendered":"AL: Tampereella on niin h\u00e4vyt\u00f6n meno, ett\u00e4 Kummolakin jyr\u00e4hti"},"content":{"rendered":"<p>45 minuuttia kest\u00e4v\u00e4ss\u00e4 k\u00e4yt\u00f6skoulussa Tampereen valtuutetut keskustelevat yhteisist\u00e4 pelis\u00e4\u00e4nn\u00f6ist\u00e4, Aamulehti uutisoi.<\/p>\n<p><img decoding=\"async\" class=\"image image-show image-preview\" src=\"https:\/\/www.europesays.com\/fi\/wp-content\/uploads\/2026\/08\/3930d166be5f0938b7006afa40424149b2ad3e527b46bc148641216d9bbdb6b1.jpg\" alt=\"\"\/><img decoding=\"async\" class=\"image image-show\" src=\"https:\/\/www.europesays.com\/fi\/wp-content\/uploads\/2026\/08\/1787730252_53_3930d166be5f0938b7006afa40424149b2ad3e527b46bc148641216d9bbdb6b1.jpg\" alt=\"\"\/><\/p>\n<p>Tampereen kaupunginvaltuuston puheenjohtaja Kalervo Kummola (kok) ilmoitti k\u00e4yt\u00f6skoulusta strategiakeskustelun ajauduttua maahanmuuttoon. jussi saarinen<\/p>\n<p class=\"paragraph\">Tampereen kaupunginvaltuutetuille j\u00e4rjestet\u00e4\u00e4n k\u00e4yt\u00f6skoulu ennen valtuuston seuraavaa kokousta, Aamulehti <a href=\"https:\/\/www.aamulehti.fi\/tampere\/art-2000012229579.html\" target=\"_blank\" rel=\"noopener nofollow\">uutisoi<\/a>.<\/p>\n<p class=\"paragraph\">Valtuuston puheenjohtaja <a href=\"https:\/\/www.iltalehti.fi\/henkilot\/Kalervo Kummola\" class=\"article-link-person-page\" rel=\"nofollow noopener\" target=\"_blank\">Kalervo Kummola<\/a> (kok) ilmoitti asiasta elokuun kokouksessa sen j\u00e4lkeen, kun keskustelu seutustrategiasta oli k\u00e4rjistynyt maahanmuuttokeskusteluksi.<\/p>\n<p class=\"paragraph\">K\u00e4yt\u00f6skoulun j\u00e4rjest\u00e4misest\u00e4 vastaa kaupunginvaltuuston ensimm\u00e4inen varapuheenjohtaja <strong>Sofia Julin<\/strong> (sd).<\/p>\n<p class=\"paragraph\">\u2013 Haluamme, ett\u00e4 on turvallinen ilmapiiri, ettei kokouksessa tarvitse pohtia, uskallanko sanoa ja hy\u00f6kk\u00e4\u00e4k\u00f6 nyt joku jostain suunnasta. Haluamme viel\u00e4 alleviivata valtuutettujenkin vastuuta omasta puheestaan ja siit\u00e4, mink\u00e4laisia puheenvuoroja he k\u00e4ytt\u00e4v\u00e4t, Julin sanoo lehdelle.<\/p>\n<p class=\"paragraph\">H\u00e4n my\u00f6s huomauttaa, ett\u00e4 toukokuussa 2025 valtuusto hyv\u00e4ksyi yksimielisesti niin sanotun luottamushenkil\u00f6n huoneentaulun. Huoneentaulussa k\u00e4yd\u00e4\u00e4n l\u00e4pi erilaisia k\u00e4ytt\u00e4ytymiss\u00e4\u00e4nt\u00f6j\u00e4 sek\u00e4 korostetaan yhteisty\u00f6t\u00e4, kuuntelua ja keskustelua.<\/p>\n<p class=\"paragraph\">Julinin mukaan k\u00e4yt\u00f6skoulu kest\u00e4\u00e4 noin 45 minuuttia ja pit\u00e4\u00e4 sis\u00e4ll\u00e4\u00e4n muun muassa pienryhm\u00e4ty\u00f6skentely\u00e4.<\/p>\n<p class=\"paragraph\">\u2013 Keskustelemme ratkaisukeskeisesti, miten voimme vahvistaa ja parantaa keskusteluilmapiiri\u00e4. Ihmiset voivat tuoda esille omia tuntojaan, milt\u00e4 ensimm\u00e4inen vuosi on tuntunut.<\/p>\n","protected":false},"excerpt":{"rendered":"45 minuuttia kest\u00e4v\u00e4ss\u00e4 k\u00e4yt\u00f6skoulussa Tampereen valtuutetut keskustelevat yhteisist\u00e4 pelis\u00e4\u00e4nn\u00f6ist\u00e4, Aamulehti uutisoi. Tampereen kaupunginvaltuuston puheenjohtaja Kalervo Kummola (kok) ilmoitti&hellip;\n","protected":false},"author":2,"featured_media":333874,"comment_status":"","ping_status":"","sticky":false,"template":"","format":"standard","meta":{"footnotes":"","_share_on_mastodon":"0"},"categories":[5],"tags":[35,22,23,26,27,33,31,30,17,24,25,28,29,15,18,21,637,886,885,887,32,19,20,16,796],"class_list":["post-333873","post","type-post","status-publish","format-standard","has-post-thumbnail","category-otsikot","tag-24h","tag-breaking-news","tag-breakingnews","tag-featured-news","tag-featurednews","tag-fi","tag-finland","tag-finnish","tag-headlines","tag-latest-news","tag-latestnews","tag-main-news","tag-mainnews","tag-news","tag-otsikot","tag-paauutiset","tag-politiikka","tag-puolueet","tag-suomen-poliittiset-puolueet","tag-suomen-politiikka","tag-suomi","tag-top-stories","tag-topstories","tag-uutiset","tag-yhteiskunta"],"share_on_mastodon":{"url":"https:\/\/pubeurope.com\/@fi\/117160697719431561","error":""},"_links":{"self":[{"href":"https:\/\/www.europesays.com\/fi\/wp-json\/wp\/v2\/posts\/333873","targetHints":{"allow":["GET"]}}],"collection":[{"href":"https:\/\/www.europesays.com\/fi\/wp-json\/wp\/v2\/posts"}],"about":[{"href":"https:\/\/www.europesays.com\/fi\/wp-json\/wp\/v2\/types\/post"}],"author":[{"embeddable":true,"href":"https:\/\/www.europesays.com\/fi\/wp-json\/wp\/v2\/users\/2"}],"replies":[{"embeddable":true,"href":"https:\/\/www.europesays.com\/fi\/wp-json\/wp\/v2\/comments?post=333873"}],"version-history":[{"count":0,"href":"https:\/\/www.europesays.com\/fi\/wp-json\/wp\/v2\/posts\/333873\/revisions"}],"wp:featuredmedia":[{"embeddable":true,"href":"https:\/\/www.europesays.com\/fi\/wp-json\/wp\/v2\/media\/333874"}],"wp:attachment":[{"href":"https:\/\/www.europesays.com\/fi\/wp-json\/wp\/v2\/media?parent=333873"}],"wp:term":[{"taxonomy":"category","embeddable":true,"href":"https:\/\/www.europesays.com\/fi\/wp-json\/wp\/v2\/categories?post=333873"},{"taxonomy":"post_tag","embeddable":true,"href":"https:\/\/www.europesays.com\/fi\/wp-json\/wp\/v2\/tags?post=333873"}],"curies":[{"name":"wp","href":"https:\/\/api.w.org\/{rel}","templated":true}]}}