{"id":333891,"date":"2026-08-26T08:25:10","date_gmt":"2026-08-26T08:25:10","guid":{"rendered":"https:\/\/www.europesays.com\/fi\/333891\/"},"modified":"2026-08-26T08:25:10","modified_gmt":"2026-08-26T08:25:10","slug":"speed-telkku-ohjelman-aikataulut","status":"publish","type":"post","link":"https:\/\/www.europesays.com\/fi\/333891\/","title":{"rendered":"Speed | Telkku | Ohjelman aikataulut"},"content":{"rendered":"<p>T\u00e4n\u00e4\u00e4n 26.8. klo 21:00<\/p>\n<p><img decoding=\"async\" class=\"channel-image-desktop\" src=\"https:\/\/www.europesays.com\/fi\/wp-content\/uploads\/2026\/08\/il-telkku-image.prod.il.fi\/1726086727.png\" alt=\"MTV Sub\"\/><\/p>\n<p>Keanu Reeves, Sandra Bullock ja Dennis Hopper n\u00e4yttelev\u00e4t j\u00e4nnitt\u00e4v\u00e4ss\u00e4 trilleriss\u00e4, johon mahtuu sek\u00e4 h\u00e4mm\u00e4stytt\u00e4vi\u00e4 stuntteja ett\u00e4 yll\u00e4tt\u00e4vi\u00e4 suhdekuvioita. Losangelesilainen poliisi Jack Traven (Reeves) l\u00e4hetet\u00e4\u00e4n saattamaan vaarattomaksi kostonhimoisen kirist\u00e4j\u00e4n (Dennis Hopper) bussiin asentama pommi. Kaiken lis\u00e4ksi Jackin ja er\u00e4\u00e4n matkustajan (Bullock) pit\u00e4\u00e4 ohjata bussi kaupungin halki yli 80 kilometrin tuntivauhdissa est\u00e4\u00e4kseen pommia r\u00e4j\u00e4ht\u00e4m\u00e4st\u00e4.<\/p>\n","protected":false},"excerpt":{"rendered":"T\u00e4n\u00e4\u00e4n 26.8. klo 21:00 Keanu Reeves, Sandra Bullock ja Dennis Hopper n\u00e4yttelev\u00e4t j\u00e4nnitt\u00e4v\u00e4ss\u00e4 trilleriss\u00e4, johon mahtuu sek\u00e4 h\u00e4mm\u00e4stytt\u00e4vi\u00e4&hellip;\n","protected":false},"author":2,"featured_media":333892,"comment_status":"","ping_status":"","sticky":false,"template":"","format":"standard","meta":{"footnotes":"","_share_on_mastodon":"0"},"categories":[133],"tags":[35,137,33,31,30,53,1252,977,38,32,206,156,40,109],"class_list":["post-333891","post","type-post","status-publish","format-standard","has-post-thumbnail","category-televisiot","tag-24h","tag-entertainment","tag-fi","tag-finland","tag-finnish","tag-laki-oikeus-ja-rikos","tag-murha","tag-oikeusistuimet","tag-rikos","tag-suomi","tag-televisiot","tag-tv","tag-vakivalta","tag-viihde"],"share_on_mastodon":{"url":"https:\/\/pubeurope.com\/@fi\/117160858876777060","error":""},"_links":{"self":[{"href":"https:\/\/www.europesays.com\/fi\/wp-json\/wp\/v2\/posts\/333891","targetHints":{"allow":["GET"]}}],"collection":[{"href":"https:\/\/www.europesays.com\/fi\/wp-json\/wp\/v2\/posts"}],"about":[{"href":"https:\/\/www.europesays.com\/fi\/wp-json\/wp\/v2\/types\/post"}],"author":[{"embeddable":true,"href":"https:\/\/www.europesays.com\/fi\/wp-json\/wp\/v2\/users\/2"}],"replies":[{"embeddable":true,"href":"https:\/\/www.europesays.com\/fi\/wp-json\/wp\/v2\/comments?post=333891"}],"version-history":[{"count":0,"href":"https:\/\/www.europesays.com\/fi\/wp-json\/wp\/v2\/posts\/333891\/revisions"}],"wp:featuredmedia":[{"embeddable":true,"href":"https:\/\/www.europesays.com\/fi\/wp-json\/wp\/v2\/media\/333892"}],"wp:attachment":[{"href":"https:\/\/www.europesays.com\/fi\/wp-json\/wp\/v2\/media?parent=333891"}],"wp:term":[{"taxonomy":"category","embeddable":true,"href":"https:\/\/www.europesays.com\/fi\/wp-json\/wp\/v2\/categories?post=333891"},{"taxonomy":"post_tag","embeddable":true,"href":"https:\/\/www.europesays.com\/fi\/wp-json\/wp\/v2\/tags?post=333891"}],"curies":[{"name":"wp","href":"https:\/\/api.w.org\/{rel}","templated":true}]}}