{"id":333992,"date":"2026-08-26T10:46:13","date_gmt":"2026-08-26T10:46:13","guid":{"rendered":"https:\/\/www.europesays.com\/fi\/333992\/"},"modified":"2026-08-26T10:46:13","modified_gmt":"2026-08-26T10:46:13","slug":"fisyr-eli-entinen-fincap-asetettiin-konkurssiin-etela-pohjanmaa","status":"publish","type":"post","link":"https:\/\/www.europesays.com\/fi\/333992\/","title":{"rendered":"Fisyr eli entinen Fincap asetettiin konkurssiin | Etel\u00e4-Pohjanmaa"},"content":{"rendered":"<p class=\"aw__sc-1qwuw0s-0 aw__sc-1vg2sqm-0 epAWpq ecELkD yle__article__paragraph\">Etel\u00e4-Pohjanmaan k\u00e4r\u00e4j\u00e4oikeus on asettanut kiinteist\u00f6sijoitusyhti\u00f6 Fisyrin konkurssiin. Konkurssiin sit\u00e4 haki Oma S\u00e4\u00e4st\u00f6pankki.<\/p>\n<p><img decoding=\"async\" alt=\"Etel\u00e4-Pohjanmaan k\u00e4r\u00e4j\u00e4oikeus edest\u00e4 p\u00e4in, portaat ja p\u00e4\u00e4ovi. \" src=\"https:\/\/www.europesays.com\/fi\/wp-content\/uploads\/2026\/08\/1665490400.jpeg\" class=\"aw__sc-dklauk-0 LPzKX\"\/><\/p>\n<p>Avaa kuvien katselu<\/p>\n<p>Konkurssihakemus k\u00e4siteltiin Etel\u00e4-Pohjanmaan k\u00e4r\u00e4j\u00e4oikeudessa. Kuva: Elina Niemist\u00f6 \/ Yle<\/p>\n<p class=\"aw__sc-1qwuw0s-0 aw__sc-ngllmo-0 epAWpq fzYpjk yle__article__paragraph\">Etel\u00e4-Pohjanmaan k\u00e4r\u00e4j\u00e4oikeus on asettanut Fisyr oy:n eli entisen Fincap oy:n konkurssiin.<\/p>\n<p class=\"aw__sc-1qwuw0s-0 aw__sc-ngllmo-0 epAWpq fzYpjk yle__article__paragraph\">Kiinteist\u00f6sijoitusyhti\u00f6 Fisyri\u00e4 haki konkurssiin Oma S\u00e4\u00e4st\u00f6pankki, jolla on konkurssihakemuksen mukaan yritykselt\u00e4 18,7 miljoonan euron saatavat.<\/p>\n<p class=\"aw__sc-1qwuw0s-0 aw__sc-ngllmo-0 epAWpq fzYpjk yle__article__paragraph\">Konkurssip\u00e4\u00e4t\u00f6ksen mukaan Fisyr oy on maksukyvyt\u00f6n.<\/p>\n<p class=\"aw__sc-1qwuw0s-0 aw__sc-ngllmo-0 epAWpq fzYpjk yle__article__paragraph\">Konkurssipes\u00e4n pes\u00e4nhoitaja, asianajaja <strong class=\"aw__sc-ngllmo-2 gdRrun yle__article__strong\">Klaus Majam\u00e4ki<\/strong> kertoo, ett\u00e4 tavanomaiset pes\u00e4n haltuunotto- ja selvitystoimet aloitetaan nyt, mutta sen enemp\u00e4\u00e4 h\u00e4n ei konkurssimenettely\u00e4, sen sis\u00e4lt\u00f6\u00e4 tai aikataulua avaa julkisuuteen.<\/p>\n<p><img decoding=\"async\" alt=\"Oma S\u00e4\u00e4st\u00f6pankin konttori Sein\u00e4joen keskustassa vasemmalla, oikealla kiinteist\u00f6sijoittaja Raimo Saraj\u00e4rvi. \" src=\"https:\/\/www.europesays.com\/fi\/wp-content\/uploads\/2026\/08\/1781075980.png\" class=\"aw__sc-dklauk-0 LPzKX\"\/><\/p>\n<p class=\"aw__sc-1qwuw0s-0 aw__sc-ngllmo-0 epAWpq fzYpjk yle__article__paragraph\">Oma S\u00e4\u00e4st\u00f6pankki haki kes\u00e4kuussa konkurssiin sek\u00e4 Fisyri\u00e4 eli entist\u00e4 Fincapia ett\u00e4 Casyria eli entist\u00e4 Gapcon oy:ta.<\/p>\n<p class=\"aw__sc-1qwuw0s-0 aw__sc-ngllmo-0 epAWpq fzYpjk yle__article__paragraph\">Casyr <a class=\"aw__sc-ngllmo-1 bTDnwX yle__article__link\" href=\"https:\/\/yle.fi\/a\/74-20239458\" role=\"link\" rel=\"nofollow noopener\" target=\"_blank\">asetettiin konkurssiin elokuun alussa<\/a>.<\/p>\n<p class=\"aw__sc-1qwuw0s-0 aw__sc-ngllmo-0 epAWpq fzYpjk yle__article__paragraph\">Molempien yritysten toimialaa ovat muun muassa kiinteist\u00f6jen ja arvopaperien omistaminen, konsultointi ja sijoitustoiminta.<\/p>\n<p class=\"aw__sc-1qwuw0s-0 aw__sc-ngllmo-0 epAWpq fzYpjk yle__article__paragraph\">Kumpikin yritys on julkisuudessa yhdistetty my\u00f6s Oma S\u00e4\u00e4st\u00f6pankin toimintaan liittyviin l\u00e4hipiiriliiketoimiep\u00e4ilyihin. <a class=\"aw__sc-ngllmo-1 bTDnwX yle__article__link\" href=\"https:\/\/www.talouselama.fi\/uutiset\/a\/b263d609-8f38-4343-8cd7-2612fd6514dd\" role=\"link\" rel=\"nofollow noopener\" target=\"_blank\">Asiasta kirjoitti Talousel\u00e4m\u00e4<\/a>.<\/p>\n","protected":false},"excerpt":{"rendered":"Etel\u00e4-Pohjanmaan k\u00e4r\u00e4j\u00e4oikeus on asettanut kiinteist\u00f6sijoitusyhti\u00f6 Fisyrin konkurssiin. Konkurssiin sit\u00e4 haki Oma S\u00e4\u00e4st\u00f6pankki. Avaa kuvien katselu Konkurssihakemus k\u00e4siteltiin Etel\u00e4-Pohjanmaan&hellip;\n","protected":false},"author":2,"featured_media":333993,"comment_status":"","ping_status":"","sticky":false,"template":"","format":"standard","meta":{"footnotes":"","_share_on_mastodon":"0"},"categories":[76],"tags":[79,77,1377,33,31,30,1167,20945,680,32,78,1356],"class_list":["post-333992","post","type-post","status-publish","format-standard","has-post-thumbnail","category-talous","tag-business","tag-economy","tag-etela-pohjanmaa","tag-fi","tag-finland","tag-finnish","tag-konkurssi","tag-oma-saastopankki","tag-seinajoki","tag-suomi","tag-talous","tag-yritykset"],"share_on_mastodon":{"url":"https:\/\/pubeurope.com\/@fi\/117161414009015234","error":""},"_links":{"self":[{"href":"https:\/\/www.europesays.com\/fi\/wp-json\/wp\/v2\/posts\/333992","targetHints":{"allow":["GET"]}}],"collection":[{"href":"https:\/\/www.europesays.com\/fi\/wp-json\/wp\/v2\/posts"}],"about":[{"href":"https:\/\/www.europesays.com\/fi\/wp-json\/wp\/v2\/types\/post"}],"author":[{"embeddable":true,"href":"https:\/\/www.europesays.com\/fi\/wp-json\/wp\/v2\/users\/2"}],"replies":[{"embeddable":true,"href":"https:\/\/www.europesays.com\/fi\/wp-json\/wp\/v2\/comments?post=333992"}],"version-history":[{"count":0,"href":"https:\/\/www.europesays.com\/fi\/wp-json\/wp\/v2\/posts\/333992\/revisions"}],"wp:featuredmedia":[{"embeddable":true,"href":"https:\/\/www.europesays.com\/fi\/wp-json\/wp\/v2\/media\/333993"}],"wp:attachment":[{"href":"https:\/\/www.europesays.com\/fi\/wp-json\/wp\/v2\/media?parent=333992"}],"wp:term":[{"taxonomy":"category","embeddable":true,"href":"https:\/\/www.europesays.com\/fi\/wp-json\/wp\/v2\/categories?post=333992"},{"taxonomy":"post_tag","embeddable":true,"href":"https:\/\/www.europesays.com\/fi\/wp-json\/wp\/v2\/tags?post=333992"}],"curies":[{"name":"wp","href":"https:\/\/api.w.org\/{rel}","templated":true}]}}