{"id":334038,"date":"2026-08-26T12:06:14","date_gmt":"2026-08-26T12:06:14","guid":{"rendered":"https:\/\/www.europesays.com\/fi\/334038\/"},"modified":"2026-08-26T12:06:14","modified_gmt":"2026-08-26T12:06:14","slug":"valtavan-icon-talousrikosvyyhdin-kasittely-alkoi-kaikki-vastaajat-kiistavat-syytteet-ja-korvausvaatimukset-kotimaa","status":"publish","type":"post","link":"https:\/\/www.europesays.com\/fi\/334038\/","title":{"rendered":"Valtavan Icon-talousrikos\u00advyyhdin k\u00e4sittely alkoi \u2013 kaikki vastaajat kiist\u00e4v\u00e4t syytteet ja korvausvaatimukset | Kotimaa"},"content":{"rendered":"<ul class=\"aw__sc-1yb43iq-0 gFXHv yle__article__list yle__article__list--ul\">\n<li class=\"aw__sc-1yb43iq-1 gVAzbt\">Icon-konsernin talousrikosvyyhdin k\u00e4sittely alkoi Pohjanmaan k\u00e4r\u00e4j\u00e4oikeudessa. Syytteess\u00e4 on seitsem\u00e4n henkil\u00f6\u00e4, mukaan lukien johtohenkil\u00f6t Markus Havulehto ja Jari Koskinen.<\/li>\n<li class=\"aw__sc-1yb43iq-1 gVAzbt\">Konserni ker\u00e4si sadoilta sijoittajilta miljoonia euroja kiinteist\u00f6hankkeisiin. Osa varoista siirrettiin muihin yhti\u00f6ihin ja johdon l\u00e4hipiirille.<\/li>\n<li class=\"aw__sc-1yb43iq-1 gVAzbt\">Asianomistajina on l\u00e4hes 370 yksityishenkil\u00f6\u00e4. Kaikki syytetyt kiist\u00e4v\u00e4t rikokset.<\/li>\n<\/ul>\n<p class=\"aw__sc-1qwuw0s-0 aw__sc-ngllmo-0 epAWpq fzYpjk yle__article__paragraph\">Monisyisen talousrikossarjan k\u00e4sittely on alkanut Pohjanmaan k\u00e4r\u00e4j\u00e4oikeudessa. Kyse on Icon-konsernin kiinteist\u00f6sijoitustoimintaan liittyvist\u00e4 ep\u00e4selvyyksist\u00e4 vuosina 2016\u20132019.<\/p>\n<p class=\"aw__sc-1qwuw0s-0 aw__sc-ngllmo-0 epAWpq fzYpjk yle__article__paragraph\">Pohjanmaan k\u00e4r\u00e4j\u00e4oikeudessa aamulla alkaneeseen istuntoon tuli paikalle kaksi syytetty\u00e4, yksi on mukana et\u00e4yhteydell\u00e4.<\/p>\n<p class=\"aw__sc-1qwuw0s-0 aw__sc-ngllmo-0 epAWpq fzYpjk yle__article__paragraph\">Vyyhdiss\u00e4 on kaikkiaan seitsem\u00e4n vastaajaa eli syytetty\u00e4. He ovat kuitenkin velvoitettuja osallistumaan oikeusk\u00e4sittelyyn vain silloin, kun heit\u00e4 kuullaan.<\/p>\n<p>Kuukausia kest\u00e4v\u00e4 k\u00e4r\u00e4j\u00e4oikeuden k\u00e4sittely alkoi Pohjanmaan k\u00e4r\u00e4j\u00e4oikeudessa. Video: Jarkko Heikkinen \/ Yle <\/p>\n<p class=\"aw__sc-1qwuw0s-0 aw__sc-ngllmo-0 epAWpq fzYpjk yle__article__paragraph\">Suuresta asianomistajien m\u00e4\u00e4r\u00e4st\u00e4 huolimatta k\u00e4r\u00e4j\u00e4oikeuden istuntoon heist\u00e4 n\u00e4ytt\u00e4\u00e4 tulleen vain yksi.<\/p>\n<p class=\"aw__sc-1qwuw0s-0 aw__sc-ngllmo-0 epAWpq fzYpjk yle__article__paragraph\">Ensimm\u00e4isen\u00e4 istuntop\u00e4iv\u00e4n\u00e4 ohjelmassa on syytteen luku ja asiaesittely sek\u00e4 vastauksien ja kirjallisten todisteiden l\u00e4pik\u00e4ynti. Vastaajien kuulemiseen p\u00e4\u00e4st\u00e4neen vasta perjantaina.<\/p>\n<p>Runsaasti t\u00f6rkeit\u00e4 rikosnimikkeit\u00e4<\/p>\n<p class=\"aw__sc-1qwuw0s-0 aw__sc-ngllmo-0 epAWpq fzYpjk yle__article__paragraph\">P\u00e4\u00e4osa rikosnimikkeist\u00e4 on t\u00f6rkeit\u00e4 velallisen ep\u00e4rehellisyysrikoksia ja t\u00f6rkeit\u00e4 kirjanpitorikoksia. Lis\u00e4ksi mukana on muun muassa t\u00f6rkeit\u00e4 petoksia, yksi t\u00f6rke\u00e4 rahanpesu ja avunantoja edell\u00e4mainittuihin rikoksiin.<\/p>\n<p class=\"aw__sc-1qwuw0s-0 aw__sc-ngllmo-0 epAWpq fzYpjk yle__article__paragraph\">Kaikki syytetyt ovat kiist\u00e4neet syyllistyneens\u00e4 rikokseen.<\/p>\n<p><img decoding=\"async\" alt=\"Icon Kiinteist\u00f6rahastojen Markus Havulehto, Rami Virtanen ja Jari Koskinen\" src=\"https:\/\/www.europesays.com\/fi\/wp-content\/uploads\/2026\/08\/1593183301.jpeg\" class=\"aw__sc-dklauk-0 LPzKX\"\/><\/p>\n<p class=\"aw__sc-1qwuw0s-0 aw__sc-ngllmo-0 epAWpq fzYpjk yle__article__paragraph\">Konsernin johtohenkil\u00f6ist\u00e4 syytteess\u00e4 on nyt kaksi miest\u00e4, <strong class=\"aw__sc-ngllmo-2 gdRrun yle__article__strong\">Markus Havulehto<\/strong> ja <strong class=\"aw__sc-ngllmo-2 gdRrun yle__article__strong\">Jari Koskinen<\/strong>.<\/p>\n<p class=\"aw__sc-1qwuw0s-0 aw__sc-ngllmo-0 epAWpq fzYpjk yle__article__paragraph\">Yht\u00e4 keskeist\u00e4 henkil\u00f6\u00e4, <strong class=\"aw__sc-ngllmo-2 gdRrun yle__article__strong\">Rami Virtasta<\/strong>, ei ole tavoitettu eik\u00e4 h\u00e4nelle ole voitu antaa haastetta tiedoksi. Ylen tietojen mukaan Virtanen oleskelee t\u00e4ll\u00e4 hetkell\u00e4 Virossa.<\/p>\n<p class=\"aw__sc-1qwuw0s-0 aw__sc-ngllmo-0 epAWpq fzYpjk yle__article__paragraph\">Syytettyjen joukossa on my\u00f6s konsernin yhti\u00f6iden muita hallituksen j\u00e4seni\u00e4 ja kirjanpit\u00e4j\u00e4. My\u00f6s KHT-tilintarkastaja on syytettyn\u00e4 avunannosta t\u00f6rke\u00e4\u00e4n kirjanpitorikokseen.<\/p>\n<p><img decoding=\"async\" alt=\"Ihmisi\u00e4 istuu oikeussalissa. Icon-talousrikosasian oikeusistunto Pohjanmaan k\u00e4r\u00e4j\u00e4oikeudessa. \" src=\"https:\/\/www.europesays.com\/fi\/wp-content\/uploads\/2026\/08\/1787726065.jpeg\" loading=\"lazy\" class=\"aw__sc-dklauk-0 LPzKX\"\/><\/p>\n<p>Avaa kuvien katselu<\/p>\n<p>K\u00e4r\u00e4j\u00e4oikeuden k\u00e4sittely k\u00e4yd\u00e4\u00e4n kolmessa osassa. Pelk\u00e4st\u00e4\u00e4n ensimm\u00e4isess\u00e4 osiossa syytekohtia on per\u00e4ti 14.  Kuva: Riia Hantula \/ Yle <\/p>\n<p class=\"aw__sc-1qwuw0s-0 aw__sc-ngllmo-0 epAWpq fzYpjk yle__article__paragraph\">Asianomistajina on l\u00e4hes 370 yksityishenkil\u00f6\u00e4 ja useita Icon-konsernin yhti\u00f6iden konkurssipesi\u00e4.<\/p>\n<p class=\"aw__sc-1qwuw0s-0 aw__sc-ngllmo-0 epAWpq fzYpjk yle__article__paragraph\">Konserni ker\u00e4si syytt\u00e4j\u00e4n mukaan sadoilta sijoittajilta miljoonia euroja kiinteist\u00f6hankkeisiin. Osa ker\u00e4tyist\u00e4 varoista siirrettiin konsernin muiden yhti\u00f6iden k\u00e4ytt\u00f6\u00f6n ja johtohenkil\u00f6iden l\u00e4hipiirille.<\/p>\n<p>Syytt\u00e4j\u00e4 valaisi konsernin lonkeroita<\/p>\n<p class=\"aw__sc-1qwuw0s-0 aw__sc-ngllmo-0 epAWpq fzYpjk yle__article__paragraph\">Syytt\u00e4j\u00e4 esitteli oikeudelle Icon-konsernin monimutkaisen yhti\u00f6rakenteen kaaviossa.<\/p>\n<p class=\"aw__sc-1qwuw0s-0 aw__sc-ngllmo-0 epAWpq fzYpjk yle__article__paragraph\">Ylimp\u00e4n\u00e4 on emoyhti\u00f6 Icon Corporation (aiemmin mm. Icon kiinteist\u00f6rahastot) ja sen alapuolella kymmeni\u00e4 asunto-osakeyhti\u00f6it\u00e4, kiinteist\u00f6sijoitusrahastoja ja bond-yhti\u00f6it\u00e4, jotka laskivat liikkeelle joukkovelkakirjoja. Kaikki n\u00e4m\u00e4 yhti\u00f6t ovat jollain tapaa yhteydess\u00e4 toisiinsa ja niit\u00e4 hallinnoi sama johto.<\/p>\n<p class=\"aw__sc-1qwuw0s-0 aw__sc-ngllmo-0 epAWpq fzYpjk yle__article__paragraph\">Syytt\u00e4j\u00e4 korosti, ett\u00e4 t\u00e4llainen konsernirakenne on normaali tapa j\u00e4rjest\u00e4\u00e4 liiketoimintaa, yhteiset hankkeet ja velkasuhteet ovat sin\u00e4ll\u00e4\u00e4n mahdollisia.<\/p>\n<p class=\"aw__sc-1qwuw0s-0 aw__sc-ngllmo-0 epAWpq fzYpjk yle__article__paragraph\">T\u00e4ss\u00e4 tapauksessa varoja on kuitenkin kierr\u00e4tetty niin, ett\u00e4 se antoi v\u00e4\u00e4ristyneen kuvan todellisista tapahtumista ja yhti\u00f6iden taloudellisesta tilanteesta.<\/p>\n<p class=\"aw__sc-1qwuw0s-0 aw__sc-ngllmo-0 epAWpq fzYpjk yle__article__paragraph\">Havulehdon ja Koskisen puolustukset vaativat kaikkien syytteiden ja korvausvaatimusten hylk\u00e4\u00e4mist\u00e4 perusteettomina.<\/p>\n<p><img decoding=\"async\" alt=\"Tuomareita, syytt\u00e4ji\u00e4 ja asianajajia istuu oikeussalissa. Icon-talousrikosasian oikeusistunto Pohjanmaan k\u00e4r\u00e4j\u00e4oikeudessa. \" src=\"https:\/\/www.europesays.com\/fi\/wp-content\/uploads\/2026\/08\/1787725946.jpeg\" loading=\"lazy\" class=\"aw__sc-dklauk-0 LPzKX\"\/><\/p>\n<p>Avaa kuvien katselu<\/p>\n<p>Tuomarit Sari Nielsen ja Timo Saranp\u00e4\u00e4 johtavat istuntoa.  Kuva: Riia Hantula \/ Yle Esimerkiksi n\u00e4in rahaa syytt\u00e4j\u00e4n mukaan liikkui<\/p>\n<p class=\"aw__sc-1qwuw0s-0 aw__sc-ngllmo-0 epAWpq fzYpjk yle__article__paragraph\">K\u00e4sittelyn laajuutta ja monimutkaisuutta kuvaa se, ett\u00e4 haastehakemuksia on seitsem\u00e4n ja niiss\u00e4 voi olla runsaasti syytekohtia.<\/p>\n<p class=\"aw__sc-1qwuw0s-0 aw__sc-ngllmo-0 epAWpq fzYpjk yle__article__paragraph\">Yhdess\u00e4 niist\u00e4 k\u00e4sitell\u00e4\u00e4n tapahtumia Vaasassa 2010-luvun lopulla. T\u00e4ss\u00e4 esimerkiss\u00e4 syytekohtia on per\u00e4ti 18 ja rikosnimikkein\u00e4 ovat t\u00f6rke\u00e4 kirjanpitorikos, avunanto siihen, t\u00f6rke\u00e4 petos, t\u00f6rke\u00e4 velallisen ep\u00e4rehellisyys ja t\u00f6rke\u00e4 rahanpesu.<\/p>\n<p class=\"aw__sc-1qwuw0s-0 aw__sc-ngllmo-0 epAWpq fzYpjk yle__article__paragraph\">Syytettyin\u00e4 ovat kaikki seitsem\u00e4n vastaajaa, osa vain yhdess\u00e4 syytekohdassa, osa useammassa. Asianomistajia on yhdess\u00e4 syytekohdassa l\u00e4hes kaksisataa.<\/p>\n<p class=\"aw__sc-1qwuw0s-0 aw__sc-ngllmo-0 epAWpq fzYpjk yle__article__paragraph\">Yhdess\u00e4 t\u00f6rke\u00e4\u00e4 kirjanpitorikosta koskevassa syytekohdassa syytettyin\u00e4 ovat hallituksen puheenjohtajana toiminut Koskinen ja toimitusjohtajana ja hallituksen j\u00e4senen\u00e4 ollut Havulehto sek\u00e4 kolmas mies.<\/p>\n<p class=\"aw__sc-1qwuw0s-0 aw__sc-ngllmo-0 epAWpq fzYpjk yle__article__paragraph\">Syytt\u00e4j\u00e4n mukaan he ovat erilaisissa kokoonpanoissa tehneet p\u00e4\u00e4t\u00f6ksi\u00e4, joilla liikutettiin noin 1,7 miljoonan euron konserniavustusta bond-yhti\u00f6lt\u00e4 toiselle ja lopulta Iconille.<\/p>\n<p class=\"aw__sc-1qwuw0s-0 aw__sc-ngllmo-0 epAWpq fzYpjk yle__article__paragraph\">Kaikki on tapahtunut saman p\u00e4iv\u00e4n aikana.<\/p>\n<p>Vastaaja edustanut kaupan molempia osapuolia<\/p>\n<p class=\"aw__sc-1qwuw0s-0 aw__sc-ngllmo-0 epAWpq fzYpjk yle__article__paragraph\">Syytt\u00e4j\u00e4n mukaan samana p\u00e4iv\u00e4n\u00e4 on tehty yhden bond-yhti\u00f6n ja rahaston v\u00e4linen, p\u00e4tem\u00e4t\u00f6n kiinteist\u00f6kauppa. Kiinteist\u00f6n kauppahinta oli puoli vuotta aiemmin 1,3 miljoonaa euroa, mutta kaupanteon aikaan 4 miljoonaa. Havulehto on edustanut molempia kaupan osapuolia.<\/p>\n<p class=\"aw__sc-1qwuw0s-0 aw__sc-ngllmo-0 epAWpq fzYpjk yle__article__paragraph\">T\u00e4m\u00e4n kaupan avulla on syytt\u00e4j\u00e4n mukaan voitu antaa konserniavustus bond-yhti\u00f6iden kautta Iconille.<\/p>\n<p class=\"aw__sc-1qwuw0s-0 aw__sc-ngllmo-0 epAWpq fzYpjk yle__article__paragraph\">Saman kuukauden aikana yksi yhti\u00f6ist\u00e4 on siirt\u00e4nyt Iconille runsaat 800 000 euroa sijoittajien rahoja.<\/p>\n<p class=\"aw__sc-1qwuw0s-0 aw__sc-ngllmo-0 epAWpq fzYpjk yle__article__paragraph\">Miesten syytet\u00e4\u00e4n merkinneen Iconin kirjanpitoon v\u00e4\u00e4ri\u00e4 tai harhaanjohtavia tietoja eli konserniavustuksen tuloksi. Tilinp\u00e4\u00e4t\u00f6ksen perusteella ylim\u00e4\u00e4r\u00e4inen yhti\u00f6kokous p\u00e4\u00e4tti my\u00f6hemmin jakaa puolen miljoonan euron lis\u00e4osingon.<\/p>\n<p>Kaikki syytteet ja korvaukset kiistet\u00e4\u00e4n<\/p>\n<p class=\"aw__sc-1qwuw0s-0 aw__sc-ngllmo-0 epAWpq fzYpjk yle__article__paragraph\">Kaikki vastaajat kiist\u00e4v\u00e4t syytteet ja korvausvaatimukset.<\/p>\n<p class=\"aw__sc-1qwuw0s-0 aw__sc-ngllmo-0 epAWpq fzYpjk yle__article__paragraph\">Yhti\u00f6n toimitusjohtajana toiminut Markus Havulehto totesi vastauksessaan, ett\u00e4 maksukyvytt\u00f6myyden aiheuttaminen yrityksille ei ole ollut tahallista eik\u00e4 esiin nousseilla kaupoilla tai kauppahinnoilla ollut siihen syy-yhteytt\u00e4.<\/p>\n<p class=\"aw__sc-1qwuw0s-0 aw__sc-ngllmo-0 epAWpq fzYpjk yle__article__paragraph\">Puolustus korosti, ett\u00e4 yhti\u00f6t ovat tulleet maksukyvytt\u00f6m\u00e4ksi vasta sen j\u00e4lkeen, kun Havulehto oli irtisanottu toimitusjohtajan teht\u00e4v\u00e4st\u00e4.<\/p>\n<p class=\"aw__sc-1qwuw0s-0 aw__sc-ngllmo-0 epAWpq fzYpjk yle__article__paragraph\">Muun muassa emoyhti\u00f6n hallituksen puheenjohtajana ollut Jari Koskinen toimi puolustuksen mukaan vain sijoittajana ja hallitusammattilaisena eik\u00e4 osallistunut operatiiviseen johtamiseen.<\/p>\n<p class=\"aw__sc-1qwuw0s-0 aw__sc-ngllmo-0 epAWpq fzYpjk yle__article__paragraph\">H\u00e4nell\u00e4 ei ollut my\u00f6sk\u00e4\u00e4n motiivia talousrikoksiin. Sit\u00e4 vastoin h\u00e4n menetti puolustuksen mukaan omia rahojaan l\u00e4hes miljoona euroa ja k\u00e4ynnisti yhti\u00f6ss\u00e4 sis\u00e4isen tarkastuksen.<\/p>\n<p>Iso asiakokonaisuus jaettu kolmeen<\/p>\n<p class=\"aw__sc-1qwuw0s-0 aw__sc-ngllmo-0 epAWpq fzYpjk yle__article__paragraph\">Asiaa k\u00e4sitell\u00e4\u00e4n Pohjanmaan k\u00e4r\u00e4j\u00e4oikeudessa kahden tuomarin johdolla. My\u00f6s syytt\u00e4ji\u00e4 on kaksi. Valmistelevat istunnot pidettiin jo viime kev\u00e4\u00e4n\u00e4.<\/p>\n<p class=\"aw__sc-1qwuw0s-0 aw__sc-ngllmo-0 epAWpq fzYpjk yle__article__paragraph\">P\u00e4\u00e4k\u00e4sittelyn aluksi valmistelusta vastannut tuomari ja oikeuden puheenjohtaja <strong class=\"aw__sc-ngllmo-2 gdRrun yle__article__strong\">Sari Nielsen<\/strong> toivoi, ett\u00e4 puheenvuorot pyritt\u00e4isiin pit\u00e4m\u00e4\u00e4n mahdollisimman lyhyin\u00e4, sill\u00e4 l\u00e4pik\u00e4yt\u00e4v\u00e4\u00e4 on paljon ja aikataulupaineet kovat.<\/p>\n<p class=\"aw__sc-1qwuw0s-0 aw__sc-ngllmo-0 epAWpq fzYpjk yle__article__paragraph\">P\u00e4\u00e4k\u00e4sittely on jaettu kolmeen osioon. Ensimm\u00e4isess\u00e4 k\u00e4sitell\u00e4\u00e4n Espoon Suurpellon hankkeeseen liittyvi\u00e4 t\u00f6rkeit\u00e4 velallisen ep\u00e4rehellisyyksi\u00e4 ja t\u00f6rkeit\u00e4 kirjanpitorikoksia. N\u00e4it\u00e4 syytekohtia on yhteens\u00e4 14.<\/p>\n<p class=\"aw__sc-1qwuw0s-0 aw__sc-ngllmo-0 epAWpq fzYpjk yle__article__paragraph\">Toiseen osioon p\u00e4\u00e4st\u00e4\u00e4n vasta syyskuun lopussa. Silloin ohjelmassa ovat muun muassa Riihim\u00e4ell\u00e4, Vaasassa ja Helsingiss\u00e4 tapahtuneiden kiinteist\u00f6kauppojen ep\u00e4selvyydet.<\/p>\n<p class=\"aw__sc-1qwuw0s-0 aw__sc-ngllmo-0 epAWpq fzYpjk yle__article__paragraph\">Icon-vyyhti\u00e4 k\u00e4sitell\u00e4\u00e4n Pohjanmaan k\u00e4r\u00e4j\u00e4oikeudessa viikottain kolmena p\u00e4iv\u00e4n\u00e4 joulukuun puoliv\u00e4liin saakka. T\u00e4m\u00e4nhetkisten suunnitelmien mukaan p\u00e4\u00e4k\u00e4sittely\u00e4 jatketaan ensi vuoden tammikuussa viel\u00e4 kahdeksan p\u00e4iv\u00e4n ajan.<\/p>\n<p class=\"aw__sc-1qwuw0s-0 aw__sc-ngllmo-0 epAWpq fzYpjk yle__article__paragraph\">Uutinen p\u00e4ivittyy.<\/p>\n","protected":false},"excerpt":{"rendered":"Icon-konsernin talousrikosvyyhdin k\u00e4sittely alkoi Pohjanmaan k\u00e4r\u00e4j\u00e4oikeudessa. Syytteess\u00e4 on seitsem\u00e4n henkil\u00f6\u00e4, mukaan lukien johtohenkil\u00f6t Markus Havulehto ja Jari Koskinen.&hellip;\n","protected":false},"author":2,"featured_media":334039,"comment_status":"","ping_status":"","sticky":false,"template":"","format":"standard","meta":{"footnotes":"","_share_on_mastodon":"0"},"categories":[12],"tags":[22,23,1377,26,27,33,31,30,17,1794,6718,71,24,25,28,29,15,2098,18,21,449,402,1263,32,19,20,1168,16,859],"class_list":["post-334038","post","type-post","status-publish","format-standard","has-post-thumbnail","category-suomi","tag-breaking-news","tag-breakingnews","tag-etela-pohjanmaa","tag-featured-news","tag-featurednews","tag-fi","tag-finland","tag-finnish","tag-headlines","tag-kanta-hame","tag-kiinteistokauppa","tag-kotimaa","tag-latest-news","tag-latestnews","tag-main-news","tag-mainnews","tag-news","tag-oikeudenkaynnit","tag-otsikot","tag-paauutiset","tag-pohjanmaa","tag-rakentaminen-kiinteistot","tag-rikosepailyt","tag-suomi","tag-top-stories","tag-topstories","tag-uusimaa","tag-uutiset","tag-vaasa"],"share_on_mastodon":{"url":"https:\/\/pubeurope.com\/@fi\/117161727618490732","error":""},"_links":{"self":[{"href":"https:\/\/www.europesays.com\/fi\/wp-json\/wp\/v2\/posts\/334038","targetHints":{"allow":["GET"]}}],"collection":[{"href":"https:\/\/www.europesays.com\/fi\/wp-json\/wp\/v2\/posts"}],"about":[{"href":"https:\/\/www.europesays.com\/fi\/wp-json\/wp\/v2\/types\/post"}],"author":[{"embeddable":true,"href":"https:\/\/www.europesays.com\/fi\/wp-json\/wp\/v2\/users\/2"}],"replies":[{"embeddable":true,"href":"https:\/\/www.europesays.com\/fi\/wp-json\/wp\/v2\/comments?post=334038"}],"version-history":[{"count":0,"href":"https:\/\/www.europesays.com\/fi\/wp-json\/wp\/v2\/posts\/334038\/revisions"}],"wp:featuredmedia":[{"embeddable":true,"href":"https:\/\/www.europesays.com\/fi\/wp-json\/wp\/v2\/media\/334039"}],"wp:attachment":[{"href":"https:\/\/www.europesays.com\/fi\/wp-json\/wp\/v2\/media?parent=334038"}],"wp:term":[{"taxonomy":"category","embeddable":true,"href":"https:\/\/www.europesays.com\/fi\/wp-json\/wp\/v2\/categories?post=334038"},{"taxonomy":"post_tag","embeddable":true,"href":"https:\/\/www.europesays.com\/fi\/wp-json\/wp\/v2\/tags?post=334038"}],"curies":[{"name":"wp","href":"https:\/\/api.w.org\/{rel}","templated":true}]}}