{"id":334212,"date":"2026-08-26T16:50:17","date_gmt":"2026-08-26T16:50:17","guid":{"rendered":"https:\/\/www.europesays.com\/fi\/334212\/"},"modified":"2026-08-26T16:50:17","modified_gmt":"2026-08-26T16:50:17","slug":"karhut-harvassa-pohjalaismaakunnissa-kanta-on-keskittynyt-suomenselan-alueelle-etela-pohjanmaa","status":"publish","type":"post","link":"https:\/\/www.europesays.com\/fi\/334212\/","title":{"rendered":"Karhut harvassa pohjalaismaakunnissa \u2013 kanta on keskittynyt Suomensel\u00e4n alueelle | Etel\u00e4-Pohjanmaa"},"content":{"rendered":"<p class=\"aw__sc-1qwuw0s-0 aw__sc-1vg2sqm-0 epAWpq ecELkD yle__article__paragraph\">Pohjalaiskarhut k\u00e4ytt\u00e4ytyv\u00e4t hyvin ja niit\u00e4 on v\u00e4h\u00e4n, joten alueelle ei t\u00e4n\u00e4k\u00e4\u00e4n vuonna my\u00f6nnetty poikkeuslupa karhujen kaatamiseen.<\/p>\n<p><img decoding=\"async\" alt=\"Karhu Suomen ja Ven\u00e4j\u00e4n v\u00e4lisell\u00e4 rajavy\u00f6hykkeell\u00e4 Kuhmon er\u00e4maassa 16. elokuuta 2022.\" src=\"https:\/\/www.europesays.com\/fi\/wp-content\/uploads\/2026\/08\/1787202752.jpeg\" class=\"aw__sc-dklauk-0 LPzKX\"\/><\/p>\n<p>Avaa kuvien katselu<\/p>\n<p>Pohjalaismaakunnissa asuu satakunta karhua. T\u00e4m\u00e4 karhu astelee Kuhmossa. Kuvituskuva. Kuva: Jussi Nukari \/ Lehtikuva<\/p>\n<ul class=\"aw__sc-1yb43iq-0 gFXHv yle__article__list yle__article__list--ul\">\n<li class=\"aw__sc-1yb43iq-1 gVAzbt\">Pohjalaismaakunnissa asuu noin sata karhua, kymmenesosa It\u00e4-Suomen populaatiosta. Kanta kasvaa 16 prosenttia vuodessa.<\/li>\n<li class=\"aw__sc-1yb43iq-1 gVAzbt\">Suomen Riistakeskus ei my\u00f6nt\u00e4nyt yht\u00e4\u00e4n mets\u00e4styslupaa alueelle, vaikka niit\u00e4 haettiin kahdeksan.<\/li>\n<li class=\"aw__sc-1yb43iq-1 gVAzbt\">Syyt ovat pieni karhukanta ja v\u00e4h\u00e4iset vahingot. Riistap\u00e4\u00e4llikk\u00f6 Mikael Luoman mukaan karhut k\u00e4ytt\u00e4ytyv\u00e4t mallikelpoisesti.<\/li>\n<\/ul>\n<p class=\"aw__sc-1qwuw0s-0 aw__sc-ngllmo-0 epAWpq fzYpjk yle__article__paragraph\">Pohjalaismaakuntien karhukanta kasvaa samaa tahtia muun Suomen kanssa, mutta karhujen m\u00e4\u00e4r\u00e4 on vain kymmenesosa It\u00e4-Suomen populaatiosta.<\/p>\n<p class=\"aw__sc-1qwuw0s-0 aw__sc-ngllmo-0 epAWpq fzYpjk yle__article__paragraph\">Riistap\u00e4\u00e4llikk\u00f6 <strong class=\"aw__sc-ngllmo-2 gdRrun yle__article__strong\">Mikael Luoma<\/strong> Pohjanmaan riistakeskuksesta antaa valistuneeksi arvioksi, ett\u00e4 kolmen pohjalaismaakunnan alueella asustaa satakunta karhua.<\/p>\n<p class=\"aw__sc-1qwuw0s-0 aw__sc-ngllmo-0 epAWpq fzYpjk yle__article__paragraph\">Karhukanta kasvaa noin 16 prosenttia vuodessa, kun niit\u00e4 ei mets\u00e4stet\u00e4.<\/p>\n<p class=\"aw__sc-1qwuw0s-0 aw__sc-ngllmo-0 epAWpq fzYpjk yle__article__paragraph\">Karhukantoja seuraa Luonnonvarakeskus, ja sen tilastot perustuvat lain m\u00e4\u00e4rittelemiin kannanhoitoalueisiin. L\u00e4ntinen kannanhoitoalue on suuri, eik\u00e4 tilastoista suoraan l\u00f6ydy maakuntien karhujen m\u00e4\u00e4r\u00e4\u00e4.<\/p>\n<p class=\"aw__sc-1qwuw0s-0 aw__sc-ngllmo-0 epAWpq fzYpjk yle__article__paragraph\">Etel\u00e4- ja Keski-Pohjanmaan ovat osa l\u00e4ntist\u00e4 kannanhoitoaluetta, johon kuuluvat lis\u00e4ksi suuri osa Pohjois-Pohjanmaasta, Pirkanmaan pohjoisosat sek\u00e4 Lapin kunnat Kemi, Keminmaa ja Tornio. Pohjanmaa on osa etel\u00e4ist\u00e4 kannanhoitoaluetta.<\/p>\n<p>Pohjanmaan rannikolla harvinainen<\/p>\n<p class=\"aw__sc-1qwuw0s-0 aw__sc-ngllmo-0 epAWpq fzYpjk yle__article__paragraph\">Luoman mukaan Etel\u00e4-Pohjanmaalla karhut asustavat l\u00e4hinn\u00e4 Suomensel\u00e4n alueella.<\/p>\n<p class=\"aw__sc-1qwuw0s-0 aw__sc-ngllmo-0 epAWpq fzYpjk yle__article__paragraph\">Sein\u00e4joen l\u00e4nsipuolella tavataan vain yksitt\u00e4isi\u00e4 kulkijoita. L\u00e4nness\u00e4 ei ole tehty my\u00f6sk\u00e4\u00e4n pentuehavaintoja.<\/p>\n<p class=\"aw__sc-1qwuw0s-0 aw__sc-ngllmo-0 epAWpq fzYpjk yle__article__paragraph\">Keski-Pohjanmaan karhukanta on levitt\u00e4ytynyt tasaisesti koko maakunnan alueelle. Siell\u00e4 karhuja liikkuu my\u00f6s rannikon tuntumassa.<\/p>\n<p class=\"aw__sc-1qwuw0s-0 aw__sc-ngllmo-0 epAWpq fzYpjk yle__article__paragraph\">Pohjanmaan rannikolla karhuhavainnot ovat harvinaisia. Erikoissuunnittelija <strong class=\"aw__sc-ngllmo-2 gdRrun yle__article__strong\">Mari Laine<\/strong> Suomen riistakeskuksesta kertoo, ett\u00e4 Pohjanmaan alueella on toukokuun ensimm\u00e4isen p\u00e4iv\u00e4n j\u00e4lkeen tehty noin sata karhuhavaintoa, kun Etel\u00e4- ja Keski-Pohjanmaan alueella havaintoja on tehty noin tuhat. Sama karhu on havainnoissa mukana moneen kertaan.<\/p>\n<p>Ei poikkeuslupia pohjalaismaakuntiin<\/p>\n<p class=\"aw__sc-1qwuw0s-0 aw__sc-ngllmo-0 epAWpq fzYpjk yle__article__paragraph\">Pohjanmaan riistanhoitokeskuksen alueelle haettiin kahdeksaa poikkeuslupaa karhun mets\u00e4stykseen. Yht\u00e4\u00e4n lupaa ei Suomen Riistakeskus my\u00f6nt\u00e4nyt.<\/p>\n<p class=\"aw__sc-1qwuw0s-0 aw__sc-ngllmo-0 epAWpq fzYpjk yle__article__paragraph\">Karhun kaatoluvat my\u00f6nnet\u00e4\u00e4n poronhoitoalueen ulkopuolella poikkeusluvilla tai poronhoitoalueella kiinti\u00f6iden mukaan.<\/p>\n<p class=\"aw__sc-1qwuw0s-0 aw__sc-ngllmo-0 epAWpq fzYpjk yle__article__paragraph\">Mikael Luoman mukaan karhunkaatolupia ei Pohjanmaan alueelle my\u00f6nnetty, koska alueen karhukanta on niin pieni. Toinen syy on se, ett\u00e4 karhuista ei ole h\u00e4iri\u00f6t\u00e4 ihmisille.<\/p>\n<p class=\"aw__sc-1qwuw0s-0 aw__sc-ngllmo-0 epAWpq fzYpjk yle__article__paragraph\">\u2013 Meid\u00e4n karhumme k\u00e4ytt\u00e4ytyv\u00e4t aika mallikelpoisesti. Toki ne harmia saattavat tuottaa, mutta jos tarkastellaan Suomen mittakaavassa, vahingot eiv\u00e4t ole erityisen suuria, Luoma sanoo.<\/p>\n<p class=\"aw__sc-1qwuw0s-0 aw__sc-ngllmo-0 epAWpq fzYpjk yle__article__paragraph\">Karhut rikkovat jonkin verran rehupaaleja ja k\u00e4yv\u00e4t mehil\u00e4ispesill\u00e4. Kotiel\u00e4invahinkoja karhut eiv\u00e4t t\u00e4\u00e4ll\u00e4 suunnalla Suomea aiheuta l\u00e4hesk\u00e4\u00e4n joka vuosi.<\/p>\n<p class=\"aw__sc-1qwuw0s-0 aw__sc-ngllmo-0 epAWpq fzYpjk yle__article__paragraph\">It\u00e4isess\u00e4 Suomessa karhujen k\u00e4yt\u00f6s on huomattavasti rohkeampaa. Siell\u00e4 my\u00f6s sattuu <a class=\"aw__sc-ngllmo-1 bTDnwX yle__article__link\" href=\"https:\/\/yle.fi\/a\/74-20242370\" role=\"link\" rel=\"nofollow noopener\" target=\"_blank\">liikenneonnettomuuksia<\/a>, joissa karhu on mukana.<\/p>\n","protected":false},"excerpt":{"rendered":"Pohjalaiskarhut k\u00e4ytt\u00e4ytyv\u00e4t hyvin ja niit\u00e4 on v\u00e4h\u00e4n, joten alueelle ei t\u00e4n\u00e4k\u00e4\u00e4n vuonna my\u00f6nnetty poikkeuslupa karhujen kaatamiseen. Avaa kuvien&hellip;\n","protected":false},"author":2,"featured_media":334213,"comment_status":"","ping_status":"","sticky":false,"template":"","format":"standard","meta":{"footnotes":"","_share_on_mastodon":"0"},"categories":[112],"tags":[1377,33,31,30,882,451,72,479,883,449,118,2938,32,119],"class_list":["post-334212","post","type-post","status-publish","format-standard","has-post-thumbnail","category-tiede","tag-etela-pohjanmaa","tag-fi","tag-finland","tag-finnish","tag-karhu","tag-keski-pohjanmaa","tag-luonto","tag-metsastys","tag-petoelaimet","tag-pohjanmaa","tag-science","tag-suomen-riistakeskus","tag-suomi","tag-tiede"],"share_on_mastodon":{"url":"https:\/\/pubeurope.com\/@fi\/117162844755706032","error":""},"_links":{"self":[{"href":"https:\/\/www.europesays.com\/fi\/wp-json\/wp\/v2\/posts\/334212","targetHints":{"allow":["GET"]}}],"collection":[{"href":"https:\/\/www.europesays.com\/fi\/wp-json\/wp\/v2\/posts"}],"about":[{"href":"https:\/\/www.europesays.com\/fi\/wp-json\/wp\/v2\/types\/post"}],"author":[{"embeddable":true,"href":"https:\/\/www.europesays.com\/fi\/wp-json\/wp\/v2\/users\/2"}],"replies":[{"embeddable":true,"href":"https:\/\/www.europesays.com\/fi\/wp-json\/wp\/v2\/comments?post=334212"}],"version-history":[{"count":0,"href":"https:\/\/www.europesays.com\/fi\/wp-json\/wp\/v2\/posts\/334212\/revisions"}],"wp:featuredmedia":[{"embeddable":true,"href":"https:\/\/www.europesays.com\/fi\/wp-json\/wp\/v2\/media\/334213"}],"wp:attachment":[{"href":"https:\/\/www.europesays.com\/fi\/wp-json\/wp\/v2\/media?parent=334212"}],"wp:term":[{"taxonomy":"category","embeddable":true,"href":"https:\/\/www.europesays.com\/fi\/wp-json\/wp\/v2\/categories?post=334212"},{"taxonomy":"post_tag","embeddable":true,"href":"https:\/\/www.europesays.com\/fi\/wp-json\/wp\/v2\/tags?post=334212"}],"curies":[{"name":"wp","href":"https:\/\/api.w.org\/{rel}","templated":true}]}}