{"id":334216,"date":"2026-08-26T16:53:08","date_gmt":"2026-08-26T16:53:08","guid":{"rendered":"https:\/\/www.europesays.com\/fi\/334216\/"},"modified":"2026-08-26T16:53:08","modified_gmt":"2026-08-26T16:53:08","slug":"noin-sata-ihmista-kuollut-kiinan-ja-nepalin-raja-alueen-tulvissa-ja-maanvyoryissa-satoihin-turisteihin-ei-ole-saatu-yhteytta-uutissuomalainen","status":"publish","type":"post","link":"https:\/\/www.europesays.com\/fi\/334216\/","title":{"rendered":"Noin sata ihmist\u00e4 kuollut Kiinan ja Nepalin raja-alueen tulvissa ja maanvy\u00f6ryiss\u00e4 \u2013 satoihin turisteihin ei ole saatu yhteytt\u00e4 | Uutissuomalainen"},"content":{"rendered":"<p>Nepalin poliisiviranomaisten mukaan ainakin 95 ihmist\u00e4 on kuollut keskiviikkona Pohjois-Nepalissa, kun massiiviset tulvat ovat pyyhk\u00e4isseet alueen yli l\u00e4hell\u00e4 Kiinan ja Tiibetin rajaa.<\/p>\n<p>Nepalissa viranomaiset eiv\u00e4t ole saaneet yhteytt\u00e4 noin nelj\u00e4\u00e4nsataan turistiin tulva- ja maanvy\u00f6ryalueella, kertovat Nepalin turismiviranomaiset.<\/p>\n<p>Valtaosa, noin 300, tietym\u00e4tt\u00f6miss\u00e4 olevista on ulkomaalaisia. Matkaajien joukossa on ainakin Yhdysvaltojen, Britannian, Intian ja Malesian kansalaisia.<\/p>\n<p>Viranomaiset yritt\u00e4v\u00e4t saada yhteyden matkaajiin varmistaakseen heid\u00e4n sijaintinsa. Suomen aikaa iltap\u00e4iv\u00e4ll\u00e4 yhteytt\u00e4 ei ole viel\u00e4k\u00e4\u00e4n saatu l\u00e4hes puoli vuorokautta katastrofin alkamisen j\u00e4lkeen.<\/p>\n<p>Nepalin viranomaiset eiv\u00e4t ole kertoneet, moniko kuolleista on paikallisia ja moniko turisteja. Tuhoalueella sijaitsee suositun Langtangin reitin alkupiste sek\u00e4 hindujen pyhiinvaellusreittej\u00e4.<\/p>\n<p>Alueella y\u00f6 alkaa laskeutua, mik\u00e4 voi hidastaa paitsi pelastust\u00f6it\u00e4 my\u00f6s tiedonkulkua.<\/p>\n<p>\t\t\t\tAlueelle reilut 30 matkustusilmoitusta Suomesta<\/p>\n<p>Suomen ulkoministeri\u00f6n kriisitiiminvet\u00e4j\u00e4 Antti Vaaras kertoo STT:lle, ett\u00e4 reilut 30 suomalaista on tehnyt alueelle matkustusilmoituksen. Suomen aikaa alkuiltaan menness\u00e4 ei ole tullut tietoon, ett\u00e4 suomalaisia olisi kadonnut alueella.<\/p>\n<p>Suomen ulkoministeri\u00f6n saamien tietojen mukaan alueen tavoittamattomissa olevista noin 400 matkailijasta noin nelj\u00e4nnes olisi nepalilaisia ja noin nelj\u00e4nnes intialaisia. Noin nelj\u00e4nnes on muiden maiden kansalaisia, joiden joukossa on my\u00f6s EU-kansalaisia. Viimeinen nelj\u00e4nnes koostuu ihmisist\u00e4, joiden kansallisuus ei ole tiedossa.<\/p>\n<p>\t\t\t\tKiinassakin uhreja<\/p>\n<p>Kiinan viranomaisten mukaan ainakin kolme ihmist\u00e4 olisi kuollut ja yli 250 kateissa maanvy\u00f6rym\u00e4n j\u00e4ljilt\u00e4 Gyirongin alueella Tiibetiss\u00e4.<\/p>\n<p>Kiinan valtionmedia kertoi aikaisemmin, ett\u00e4 Tiibetiss\u00e4 l\u00e4hell\u00e4 Nepalin rajaa on kuollut lukuisia ihmisi\u00e4 maanvy\u00f6ryss\u00e4, joka tapahtui paikallista aikaa aamup\u00e4iv\u00e4st\u00e4. Median mukaan Kiinan presidentti Xi Jinping m\u00e4\u00e4r\u00e4si alueella k\u00e4ynnistett\u00e4v\u00e4ksi suuren pelastusoperaation.<\/p>\n<p>Pohjois-Nepalissa tulviminen on jatkunut pitkin p\u00e4iv\u00e4\u00e4 ja jokialueen l\u00e4heisyydess\u00e4 asuvia on kehotettu evakuoitumaan.<\/p>\n<p>Nepalin armeija on kertonut l\u00e4hett\u00e4neens\u00e4 pelastusty\u00f6ntekij\u00f6it\u00e4 ja helikoptereita apuun.<\/p>\n<p>Viranomaiset kertovat, ett\u00e4 asuintalojen lis\u00e4ksi muun muassa vesi- ja aurinkovoimalaitoksia on vaurioitunut. Useita teit\u00e4 on suljettu.<\/p>\n<p>Euroopan unionin ja avaruusj\u00e4rjest\u00f6 Esan Copernicus-satellittiihavaintoj\u00e4rjestelm\u00e4 on aktivoitu auttamaan uhrien ja tuhojen paikantamisessa. Euroopan komission puheenjohtaja Ursula von der Leyen <a href=\"https:\/\/x.com\/vonderleyen\/status\/2092607137989984408\" rel=\"nofollow\">kertoo<\/a> asiasta sosiaalisessa mediassa ja sanoo Euroopan olevan valmis l\u00e4hett\u00e4m\u00e4\u00e4n lis\u00e4\u00e4 apua tarvittaessa.<\/p>\n<p>\t\t\t\tMaanvy\u00f6ryn tekosia<\/p>\n<p>Uutistoimisto AFP:n haastattelemien asiantuntijoiden mukaan tuhot n\u00e4ytt\u00e4v\u00e4t johtuvan siit\u00e4, kun kivinen ja j\u00e4inen maanvy\u00f6ry Nepalista sai Lhendejoen tulvimaan yli \u00e4yr\u00e4idens\u00e4.<\/p>\n<p>Kes\u00e4kuusta syyskuuhun kest\u00e4v\u00e4t monsuunisateet saavat s\u00e4\u00e4nn\u00f6llisesti aikaan kuolettavia tulvia ja maanvy\u00f6rymi\u00e4 Kaakkois-Aasiassa. Tutkijoiden mukaan ilmastonmuutos lis\u00e4\u00e4 s\u00e4\u00e4n \u00e4\u00e4ri-ilmi\u00f6iden esiintyvyytt\u00e4 alueella.<\/p>\n<p>Vuosi sitten hein\u00e4kuussa toistakymment\u00e4 ihmist\u00e4 j\u00e4i kadoksiin alueella tapahtuneen mutavy\u00f6ryn j\u00e4ljilt\u00e4.<\/p>\n","protected":false},"excerpt":{"rendered":"Nepalin poliisiviranomaisten mukaan ainakin 95 ihmist\u00e4 on kuollut keskiviikkona Pohjois-Nepalissa, kun massiiviset tulvat ovat pyyhk\u00e4isseet alueen yli l\u00e4hell\u00e4&hellip;\n","protected":false},"author":2,"featured_media":334217,"comment_status":"","ping_status":"","sticky":false,"template":"","format":"standard","meta":{"footnotes":"","_share_on_mastodon":"0"},"categories":[14],"tags":[4372,22,23,1617,2267,26,27,33,31,30,17,2455,683,24,25,28,29,15,18,21,637,710,32,19,20,56,16,59,60,61],"class_list":["post-334216","post","type-post","status-publish","format-standard","has-post-thumbnail","category-ulkomaat","tag-aasia","tag-breaking-news","tag-breakingnews","tag-euroopan-unioni","tag-eurooppa","tag-featured-news","tag-featurednews","tag-fi","tag-finland","tag-finnish","tag-headlines","tag-hengenvaara-ja-loukkaantuminen","tag-kuolema","tag-latest-news","tag-latestnews","tag-main-news","tag-mainnews","tag-news","tag-otsikot","tag-paauutiset","tag-politiikka","tag-saa","tag-suomi","tag-top-stories","tag-topstories","tag-ulkomaat","tag-uutiset","tag-world","tag-world-news","tag-worldnews"],"share_on_mastodon":{"url":"https:\/\/pubeurope.com\/@fi\/117162856029485496","error":""},"_links":{"self":[{"href":"https:\/\/www.europesays.com\/fi\/wp-json\/wp\/v2\/posts\/334216","targetHints":{"allow":["GET"]}}],"collection":[{"href":"https:\/\/www.europesays.com\/fi\/wp-json\/wp\/v2\/posts"}],"about":[{"href":"https:\/\/www.europesays.com\/fi\/wp-json\/wp\/v2\/types\/post"}],"author":[{"embeddable":true,"href":"https:\/\/www.europesays.com\/fi\/wp-json\/wp\/v2\/users\/2"}],"replies":[{"embeddable":true,"href":"https:\/\/www.europesays.com\/fi\/wp-json\/wp\/v2\/comments?post=334216"}],"version-history":[{"count":0,"href":"https:\/\/www.europesays.com\/fi\/wp-json\/wp\/v2\/posts\/334216\/revisions"}],"wp:featuredmedia":[{"embeddable":true,"href":"https:\/\/www.europesays.com\/fi\/wp-json\/wp\/v2\/media\/334217"}],"wp:attachment":[{"href":"https:\/\/www.europesays.com\/fi\/wp-json\/wp\/v2\/media?parent=334216"}],"wp:term":[{"taxonomy":"category","embeddable":true,"href":"https:\/\/www.europesays.com\/fi\/wp-json\/wp\/v2\/categories?post=334216"},{"taxonomy":"post_tag","embeddable":true,"href":"https:\/\/www.europesays.com\/fi\/wp-json\/wp\/v2\/tags?post=334216"}],"curies":[{"name":"wp","href":"https:\/\/api.w.org\/{rel}","templated":true}]}}