{"id":334218,"date":"2026-08-26T16:54:18","date_gmt":"2026-08-26T16:54:18","guid":{"rendered":"https:\/\/www.europesays.com\/fi\/334218\/"},"modified":"2026-08-26T16:54:18","modified_gmt":"2026-08-26T16:54:18","slug":"nuoret-saavat-kriisitukea-deepfake-tapauksen-vuoksi-lappeenrannassa-kotimaa","status":"publish","type":"post","link":"https:\/\/www.europesays.com\/fi\/334218\/","title":{"rendered":"Nuoret saavat kriisitukea Deepfake-tapauksen vuoksi Lappeenrannassa | Kotimaa"},"content":{"rendered":"<p class=\"aw__sc-1qwuw0s-0 aw__sc-1vg2sqm-0 epAWpq ecELkD yle__article__paragraph\">Poliisi ep\u00e4ilee, ett\u00e4 alaik\u00e4inen nuori levitti teko\u00e4lyll\u00e4 tehtyj\u00e4 alastonkuvia jopa yli sadasta nuoresta tyt\u00f6st\u00e4. Nuorille on tarjolla tukea ja keskusteluapua.<\/p>\n<p><img decoding=\"async\" alt=\"l\u00e4hikuva k\u00e4nnyk\u00e4st\u00e4 ja sormista\" src=\"https:\/\/www.europesays.com\/fi\/wp-content\/uploads\/2026\/08\/1682404585.jpeg\" class=\"aw__sc-dklauk-0 LPzKX\"\/><\/p>\n<p>Avaa kuvien katselu<\/p>\n<p>Syv\u00e4v\u00e4\u00e4renn\u00f6kset puhuttavat lappeenrantalaisnuoria. Kuvituskuva. Kuva: AOP<\/p>\n<ul class=\"aw__sc-1yb43iq-0 gFXHv yle__article__list yle__article__list--ul\">\n<li class=\"aw__sc-1yb43iq-1 gVAzbt\">Lappeenrannassa alaik\u00e4isen ep\u00e4ill\u00e4\u00e4n levitt\u00e4neen teko\u00e4lyll\u00e4 tehtyj\u00e4 alastonkuvia jopa yli sadasta tyt\u00f6st\u00e4.<\/li>\n<li class=\"aw__sc-1yb43iq-1 gVAzbt\">V\u00e4\u00e4rennetyt alastonkuvat ovat nopeasti levi\u00e4v\u00e4 ilmi\u00f6 Suomessa.<\/li>\n<li class=\"aw__sc-1yb43iq-1 gVAzbt\">Deepfake-ilmi\u00f6 puhuttaa ja huolestuttaa lappeenrantalaisnuoria.<\/li>\n<\/ul>\n<p class=\"aw__sc-1qwuw0s-0 aw__sc-ngllmo-0 epAWpq fzYpjk yle__article__paragraph\">Opiskeluhuollon ammattilaiset tarjoavat tukea nuorille, jotka haluavat keskustella laajasta deepfake- eli syv\u00e4v\u00e4\u00e4renn\u00f6stapauksesta Lappeenrannassa.<\/p>\n<p class=\"aw__sc-1qwuw0s-0 aw__sc-ngllmo-0 epAWpq fzYpjk yle__article__paragraph\">Poliisi ep\u00e4ilee, ett\u00e4 alaik\u00e4inen nuori levitti <a class=\"aw__sc-ngllmo-1 bTDnwX yle__article__link\" href=\"https:\/\/yle.fi\/a\/74-20242691\" role=\"link\" rel=\"nofollow noopener\" target=\"_blank\">teko\u00e4lyll\u00e4 tehtyj\u00e4 alastonkuvia<\/a> jopa yli sadasta nuoresta tyt\u00f6st\u00e4. Lukiolaisille on l\u00e4htenyt asiasta Wilma-viesti.<\/p>\n<p class=\"aw__sc-1qwuw0s-0 aw__sc-ngllmo-0 epAWpq fzYpjk yle__article__paragraph\">Nuori voi keskustella asiasta terveydenhoitajan, psykologin tai kuraattorin kanssa omassa koulussaan tai oppilaitoksessaan.<\/p>\n<p class=\"aw__sc-1qwuw0s-0 aw__sc-ngllmo-0 epAWpq fzYpjk yle__article__paragraph\">\u2013 T\u00e4rkeint\u00e4 on varmistaa, ett\u00e4 nuorilla ja heid\u00e4n l\u00e4heisill\u00e4\u00e4n on mahdollisuus saada tarvittaessa keskustelu- ja kriisitukea, kertoo palvelup\u00e4\u00e4llikk\u00f6 <strong class=\"aw__sc-ngllmo-2 gdRrun yle__article__strong\">Anne Korhonen<\/strong> Etel\u00e4-Karjalan hyvinvointialueelta s\u00e4hk\u00f6postitse.<\/p>\n<p class=\"aw__sc-1qwuw0s-0 aw__sc-ngllmo-0 epAWpq fzYpjk yle__article__paragraph\">Korhonen arvioi, ett\u00e4 keskustelut ja erilaiset tunteet voivat nousta pintaan l\u00e4hip\u00e4ivien aikana.<\/p>\n<p class=\"aw__sc-1qwuw0s-0 aw__sc-ngllmo-0 epAWpq fzYpjk yle__article__paragraph\"><strong class=\"aw__sc-ngllmo-2 gdRrun yle__article__strong\">Syv\u00e4v\u00e4\u00e4renn\u00f6kset puhuttavat lappeenrantalaisnuoria. 18-vuotias Sanni Sepp\u00e4l\u00e4 on huolissaan koko deepfake-ilmi\u00f6st\u00e4.<\/strong><\/p>\n<p>Video: Mikko Savolainen \/ YleNopeasti levi\u00e4v\u00e4 ilmi\u00f6<\/p>\n<p class=\"aw__sc-1qwuw0s-0 aw__sc-ngllmo-0 epAWpq fzYpjk yle__article__paragraph\">Tytt\u00f6ihin ja naisiin kohdistuvat v\u00e4\u00e4rennetyt alastonkuvat ovat nopeasti levi\u00e4v\u00e4 ilmi\u00f6 Suomessa. Yle on uutisoinut aiheesta laajasti aiemmin t\u00e4n\u00e4 vuonna.<\/p>\n<p><img decoding=\"async\" alt=\"Kuvitus, jossa mies istuu tietokoneen \u00e4\u00e4ress\u00e4. Ruudulla n\u00e4kyy ihonv\u00e4risi\u00e4 piksel\u00f6ityj\u00e4 ruutuja. Taustalla n\u00e4kyy kuvia, joissa naisten yl\u00e4vartalot on peitetty pikseleill\u00e4.\" src=\"https:\/\/www.europesays.com\/fi\/wp-content\/uploads\/2026\/08\/1779368507.jpeg\" class=\"aw__sc-dklauk-0 LPzKX\"\/><\/p>\n<p class=\"aw__sc-1qwuw0s-0 aw__sc-ngllmo-0 epAWpq fzYpjk yle__article__paragraph\">Raiskauskriisikeskus Tukinainen on saanut deepfake-v\u00e4\u00e4renn\u00f6ksiin liittyvi\u00e4 yhteydenottoja satunnaisesti. Johtava kriisity\u00f6ntekij\u00e4 <strong class=\"aw__sc-ngllmo-2 gdRrun yle__article__strong\">Johanna Linner Matikka<\/strong> uskoo, ett\u00e4 tapaukset lis\u00e4\u00e4ntyv\u00e4t.<\/p>\n<p class=\"aw__sc-1qwuw0s-0 aw__sc-ngllmo-0 epAWpq fzYpjk yle__article__paragraph\">Linner Matikan mukaan vaikutukset uhreihin voivat olla laaja-alaisia ja moninaisia.<\/p>\n<p class=\"aw__sc-1qwuw0s-0 aw__sc-ngllmo-0 epAWpq fzYpjk yle__article__paragraph\">Esill\u00e4 on ollut esimerkiksi tapauksia, joissa v\u00e4\u00e4rennettyj\u00e4 kuvia on l\u00e4hetetty uhrien nimien ja titteleiden kanssa.<\/p>\n<p class=\"aw__sc-1qwuw0s-0 aw__sc-ngllmo-0 epAWpq fzYpjk yle__article__paragraph\">\u2013 Silloin tarkoituksena on ollut h\u00e4p\u00e4ist\u00e4 ja levitt\u00e4\u00e4 v\u00e4\u00e4r\u00e4\u00e4 tietoa sek\u00e4 toisaalta paljastaa, kuka kuvassa on sek\u00e4 h\u00e4nen asuin- ja ty\u00f6paikkansa. Silloin se on todella intiimi henkil\u00f6kohtainen teko, Linner Matikka sanoo.<\/p>\n<p><img decoding=\"async\" alt=\"Vaaleahiuksinen nainen katsoo kohti.\" src=\"https:\/\/www.europesays.com\/fi\/wp-content\/uploads\/2026\/08\/1747044651.jpeg\" loading=\"lazy\" class=\"aw__sc-dklauk-0 LPzKX\"\/><\/p>\n<p>Avaa kuvien katselu<\/p>\n<p>Johtava kriisity\u00f6ntekij\u00e4 Johanna Linner Matikka kertoo, ett\u00e4 syv\u00e4v\u00e4\u00e4renn\u00f6skuvat ovat yksi naisiin kohdistuvan v\u00e4kivallan ja vihan muoto.  Kuva: Kristiina Lehto \/ Yle<\/p>\n<p class=\"aw__sc-1qwuw0s-0 aw__sc-ngllmo-0 epAWpq fzYpjk yle__article__paragraph\">Uhrille voi tulla hyv\u00e4ksik\u00e4ytetty olo, vaikka h\u00e4n tiet\u00e4\u00e4, ettei ole tehnyt v\u00e4\u00e4rennetyiss\u00e4 kuvissa esitettyj\u00e4 asioita. Uhrille voi my\u00f6s nousta huoli siit\u00e4, mihin kuvat p\u00e4\u00e4tyv\u00e4t ja miten ne vaikuttavat esimerkiksi ty\u00f6h\u00f6n ja perheeseen.<\/p>\n<p class=\"aw__sc-1qwuw0s-0 aw__sc-ngllmo-0 epAWpq fzYpjk yle__article__paragraph\">\u2013 Siin\u00e4 mieless\u00e4 se tunkeutuu henkil\u00f6kohtaiselle alueelle, vaikka se on v\u00e4\u00e4rennetty eli ei ole totta.<\/p>\n<p>V\u00e4kivallalle uusia keinoja<\/p>\n<p class=\"aw__sc-1qwuw0s-0 aw__sc-ngllmo-0 epAWpq fzYpjk yle__article__paragraph\">Linner Matikan mukaan syv\u00e4v\u00e4\u00e4renn\u00f6skuvat ovat yksi naisiin kohdistuvan v\u00e4kivallan ja vihan muoto. V\u00e4kivallan muotoja l\u00f6ytyy aina lis\u00e4\u00e4, kun teknologia kehittyy.<\/p>\n<p class=\"aw__sc-1qwuw0s-0 aw__sc-ngllmo-0 epAWpq fzYpjk yle__article__paragraph\">H\u00e4n ajattelee, ett\u00e4 toimintaa voidaan est\u00e4\u00e4 ennen kaikkea lis\u00e4\u00e4m\u00e4ll\u00e4 seksuaalivalistusta ja -kasvatusta kouluissa.<\/p>\n<p class=\"aw__sc-1qwuw0s-0 aw__sc-ngllmo-0 epAWpq fzYpjk yle__article__paragraph\">\u2013 Pit\u00e4\u00e4 my\u00f6s puhua suostumuskulttuurista, ihmisoikeuksista ja ihmisarvosta sek\u00e4 oikeudesta yksityisyyteen.<\/p>\n<p class=\"aw__sc-1qwuw0s-0 aw__sc-ngllmo-0 epAWpq fzYpjk yle__article__paragraph\">Linner Matikka n\u00e4kee, ett\u00e4 keskustelu on viet\u00e4v\u00e4 my\u00f6s harrastustoimintaan.<\/p>\n<p class=\"aw__sc-1qwuw0s-0 aw__sc-ngllmo-0 epAWpq fzYpjk yle__article__paragraph\">\u2013 Ajattelen, ett\u00e4 se liittyy my\u00f6s laajemmin sosiaalisen median k\u00e4ytt\u00f6\u00f6n ja muuhun. N\u00e4m\u00e4 eiv\u00e4t ole toisistaan irrallisia ilmi\u00f6it\u00e4, ja vastuu on tietenkin yhteinen.<\/p>\n<p class=\"aw__sc-1qwuw0s-0 aw__sc-ngllmo-0 epAWpq fzYpjk yle__article__paragraph\"><strong class=\"aw__sc-ngllmo-2 gdRrun yle__article__strong\">Lappeenrantalainen 18-vuotias Iia Kurikka toivoo, ett\u00e4 koulussa opetettaisiin tunnistamaan enemm\u00e4n teko\u00e4lysis\u00e4lt\u00f6\u00e4 ja vahvistettaisiin medialukutaitoa.<\/strong><\/p>\n<p>Video: Mikko Savolainen \/ Yle<\/p>\n","protected":false},"excerpt":{"rendered":"Poliisi ep\u00e4ilee, ett\u00e4 alaik\u00e4inen nuori levitti teko\u00e4lyll\u00e4 tehtyj\u00e4 alastonkuvia jopa yli sadasta nuoresta tyt\u00f6st\u00e4. Nuorille on tarjolla tukea&hellip;\n","protected":false},"author":2,"featured_media":334219,"comment_status":"","ping_status":"","sticky":false,"template":"","format":"standard","meta":{"footnotes":"","_share_on_mastodon":"0"},"categories":[12],"tags":[9915,22,23,1302,26,27,33,31,30,17,71,1446,24,25,28,29,22823,15,814,18,21,41547,1028,32,19,20,16,40],"class_list":["post-334218","post","type-post","status-publish","format-standard","has-post-thumbnail","category-suomi","tag-alastonkuvat","tag-breaking-news","tag-breakingnews","tag-etela-karjala","tag-featured-news","tag-featurednews","tag-fi","tag-finland","tag-finnish","tag-headlines","tag-kotimaa","tag-lappeenranta","tag-latest-news","tag-latestnews","tag-main-news","tag-mainnews","tag-naisiin-kohdistuva-vakivalta","tag-news","tag-nuoret","tag-otsikot","tag-paauutiset","tag-raiskauskriisikeskus-tukinainen","tag-sosiaalinen-media","tag-suomi","tag-top-stories","tag-topstories","tag-uutiset","tag-vakivalta"],"share_on_mastodon":{"url":"https:\/\/pubeurope.com\/@fi\/117162860516936766","error":""},"_links":{"self":[{"href":"https:\/\/www.europesays.com\/fi\/wp-json\/wp\/v2\/posts\/334218","targetHints":{"allow":["GET"]}}],"collection":[{"href":"https:\/\/www.europesays.com\/fi\/wp-json\/wp\/v2\/posts"}],"about":[{"href":"https:\/\/www.europesays.com\/fi\/wp-json\/wp\/v2\/types\/post"}],"author":[{"embeddable":true,"href":"https:\/\/www.europesays.com\/fi\/wp-json\/wp\/v2\/users\/2"}],"replies":[{"embeddable":true,"href":"https:\/\/www.europesays.com\/fi\/wp-json\/wp\/v2\/comments?post=334218"}],"version-history":[{"count":0,"href":"https:\/\/www.europesays.com\/fi\/wp-json\/wp\/v2\/posts\/334218\/revisions"}],"wp:featuredmedia":[{"embeddable":true,"href":"https:\/\/www.europesays.com\/fi\/wp-json\/wp\/v2\/media\/334219"}],"wp:attachment":[{"href":"https:\/\/www.europesays.com\/fi\/wp-json\/wp\/v2\/media?parent=334218"}],"wp:term":[{"taxonomy":"category","embeddable":true,"href":"https:\/\/www.europesays.com\/fi\/wp-json\/wp\/v2\/categories?post=334218"},{"taxonomy":"post_tag","embeddable":true,"href":"https:\/\/www.europesays.com\/fi\/wp-json\/wp\/v2\/tags?post=334218"}],"curies":[{"name":"wp","href":"https:\/\/api.w.org\/{rel}","templated":true}]}}