{"id":334278,"date":"2026-08-26T18:38:13","date_gmt":"2026-08-26T18:38:13","guid":{"rendered":"https:\/\/www.europesays.com\/fi\/334278\/"},"modified":"2026-08-26T18:38:13","modified_gmt":"2026-08-26T18:38:13","slug":"norjan-prinsessa-martha-louisen-aviomies-sai-munuaisensiirron-oslossa-uutisia-lyhyesti","status":"publish","type":"post","link":"https:\/\/www.europesays.com\/fi\/334278\/","title":{"rendered":"Norjan prinsessa M\u00e4rtha Louisen aviomies sai munuaisensiirron Oslossa | Uutisia lyhyesti"},"content":{"rendered":"<p class=\"aw__sc-1qwuw0s-0 aw__sc-1vg2sqm-0 epAWpq ecELkD yle__article__paragraph\">Durek Verrett leikattiin samassa sairaalassa, jossa kuningas Harald (89) on ollut hoidettavana jo kymmenen p\u00e4iv\u00e4\u00e4.<\/p>\n<p><img decoding=\"async\" alt=\"Ruskeahiuksinen nainen vaalean sinisiss\u00e4 vaatteissa ja huivissa. H\u00e4nell\u00e4 on siniset silm\u00e4t.\" src=\"https:\/\/www.europesays.com\/fi\/wp-content\/uploads\/2026\/08\/1787764716.jpeg\" class=\"aw__sc-dklauk-0 LPzKX\"\/><\/p>\n<p>Avaa kuvien katselu<\/p>\n<p>Prinsessa M\u00e4rtha Louise kuvattuna Season Hotellissa Eker\u00f6ss\u00e4 Tukholman ulkopuolella huhtikuussa 2026. Kuva:  Ida \u00c5kesson \/ AOP<\/p>\n<p class=\"aw__sc-1qwuw0s-0 aw__sc-ngllmo-0 epAWpq fzYpjk yle__article__paragraph\">Norjan prinsessan <strong class=\"aw__sc-ngllmo-2 gdRrun yle__article__strong\">M\u00e4rtha Louisen<\/strong> aviomies <strong class=\"aw__sc-ngllmo-2 gdRrun yle__article__strong\">Durek Verrett<\/strong> on saanut uuden munuaisen Oslon yliopistollisessa sairaalassa Rikshospitaletissa, kertoo aviopari managerinsa <strong class=\"aw__sc-ngllmo-2 gdRrun yle__article__strong\">Carina Scheele Carlsenin<\/strong> kautta Norjan medialle keskiviikkona.<\/p>\n<p class=\"aw__sc-1qwuw0s-0 aw__sc-ngllmo-0 epAWpq fzYpjk yle__article__paragraph\">Munuaisensiirto oli onnistunut, ja Verrett voi olosuhteisiin n\u00e4hden hyvin. Munuaissairauden ja luovutuselimen odotuksen j\u00e4lkeen pariskunta on nyt uskomattoman helpottunut siit\u00e4, ett\u00e4 leikkaus on suoritettu, muun muassa <a class=\"aw__sc-ngllmo-1 bTDnwX yle__article__link\" href=\"https:\/\/www.vg.no\/rampelys\/i\/zOQvMb\/sjaman-durek-har-gjennomgaatt-en-nyretransplantasjon\" role=\"link\" rel=\"nofollow noopener\" target=\"_blank\">sanomalehti VG<\/a> kertoo.<\/p>\n<p class=\"aw__sc-1qwuw0s-0 aw__sc-ngllmo-0 epAWpq fzYpjk yle__article__paragraph\">Verrett leikattiin samassa sairaalassa, jossa kuningas <strong class=\"aw__sc-ngllmo-2 gdRrun yle__article__strong\">Harald<\/strong> (89) on ollut hoidettavana jo kymmenen p\u00e4iv\u00e4\u00e4. Kuningatar <strong class=\"aw__sc-ngllmo-2 gdRrun yle__article__strong\">Sonja<\/strong>, kruununprinssi <strong class=\"aw__sc-ngllmo-2 gdRrun yle__article__strong\">Haakon<\/strong> ja kruununprinsessa <strong class=\"aw__sc-ngllmo-2 gdRrun yle__article__strong\">Mette-Marit<\/strong> ovat kaikki vierailleet Haraldin luona t\u00e4n\u00e4\u00e4n keskiviikkona, <a class=\"aw__sc-ngllmo-1 bTDnwX yle__article__link\" href=\"https:\/\/www.vg.no\/rampelys\/i\/XMePB7\/kongefamilien-dukker-opp-paa-rikshospitalet\" role=\"link\" rel=\"nofollow noopener\" target=\"_blank\">VG<\/a> ja <a class=\"aw__sc-ngllmo-1 bTDnwX yle__article__link\" href=\"https:\/\/www.nrk.no\/artikkel\/kronprinsparet-og-dronningen-besoker-rikshospitalet-1526570\" role=\"link\" rel=\"nofollow noopener\" target=\"_blank\">yleisradioyhti\u00f6 NRK<\/a> kertovat.<\/p>\n<p class=\"aw__sc-1qwuw0s-0 aw__sc-ngllmo-0 epAWpq fzYpjk yle__article__paragraph\">Prinsessa M\u00e4rtha Louise ja Verrett ovat olleet yhdess\u00e4 useita vuosia ja meniv\u00e4t naimisiin elokuussa 2024. M\u00e4rtha Louise menetti virallisen asemansa nelisen vuotta sitten. H\u00e4n kertoi tuolloin keskittyv\u00e4ns\u00e4 vaihtoehtol\u00e4\u00e4kkeiden liiketoimintaansa Verrettin kanssa.<\/p>\n<p class=\"aw__sc-1qwuw0s-0 aw__sc-ngllmo-0 epAWpq fzYpjk yle__article__paragraph\">M\u00e4rtha Louisella ei ole ollut virallisia edustusteht\u00e4vi\u00e4 sen j\u00e4lkeen.<\/p>\n","protected":false},"excerpt":{"rendered":"Durek Verrett leikattiin samassa sairaalassa, jossa kuningas Harald (89) on ollut hoidettavana jo kymmenen p\u00e4iv\u00e4\u00e4. Avaa kuvien katselu&hellip;\n","protected":false},"author":2,"featured_media":334279,"comment_status":"","ping_status":"","sticky":false,"template":"","format":"standard","meta":{"footnotes":"","_share_on_mastodon":"0"},"categories":[14],"tags":[22,23,9550,26,27,33,31,30,17,652,24,25,28,29,38072,15,5586,18,21,5585,32,19,20,56,16,59,60,61],"class_list":["post-334278","post","type-post","status-publish","format-standard","has-post-thumbnail","category-ulkomaat","tag-breaking-news","tag-breakingnews","tag-durek-verrett","tag-featured-news","tag-featurednews","tag-fi","tag-finland","tag-finnish","tag-headlines","tag-kuninkaalliset","tag-latest-news","tag-latestnews","tag-main-news","tag-mainnews","tag-munuaisensiirto","tag-news","tag-norjan-kuninkaalliset","tag-otsikot","tag-paauutiset","tag-prinsessa-martha-louise","tag-suomi","tag-top-stories","tag-topstories","tag-ulkomaat","tag-uutiset","tag-world","tag-world-news","tag-worldnews"],"share_on_mastodon":{"url":"https:\/\/pubeurope.com\/@fi\/117163269538838073","error":""},"_links":{"self":[{"href":"https:\/\/www.europesays.com\/fi\/wp-json\/wp\/v2\/posts\/334278","targetHints":{"allow":["GET"]}}],"collection":[{"href":"https:\/\/www.europesays.com\/fi\/wp-json\/wp\/v2\/posts"}],"about":[{"href":"https:\/\/www.europesays.com\/fi\/wp-json\/wp\/v2\/types\/post"}],"author":[{"embeddable":true,"href":"https:\/\/www.europesays.com\/fi\/wp-json\/wp\/v2\/users\/2"}],"replies":[{"embeddable":true,"href":"https:\/\/www.europesays.com\/fi\/wp-json\/wp\/v2\/comments?post=334278"}],"version-history":[{"count":0,"href":"https:\/\/www.europesays.com\/fi\/wp-json\/wp\/v2\/posts\/334278\/revisions"}],"wp:featuredmedia":[{"embeddable":true,"href":"https:\/\/www.europesays.com\/fi\/wp-json\/wp\/v2\/media\/334279"}],"wp:attachment":[{"href":"https:\/\/www.europesays.com\/fi\/wp-json\/wp\/v2\/media?parent=334278"}],"wp:term":[{"taxonomy":"category","embeddable":true,"href":"https:\/\/www.europesays.com\/fi\/wp-json\/wp\/v2\/categories?post=334278"},{"taxonomy":"post_tag","embeddable":true,"href":"https:\/\/www.europesays.com\/fi\/wp-json\/wp\/v2\/tags?post=334278"}],"curies":[{"name":"wp","href":"https:\/\/api.w.org\/{rel}","templated":true}]}}