{"id":334300,"date":"2026-08-26T19:06:13","date_gmt":"2026-08-26T19:06:13","guid":{"rendered":"https:\/\/www.europesays.com\/fi\/334300\/"},"modified":"2026-08-26T19:06:13","modified_gmt":"2026-08-26T19:06:13","slug":"espanjassa-naljaillaan-suomen-ahdingolle-kosto-on-parasta-tarjoiltuna-kylmana","status":"publish","type":"post","link":"https:\/\/www.europesays.com\/fi\/334300\/","title":{"rendered":"Espanjassa naljaillaan Suomen ahdingolle \u2013 \u201dKosto on parasta tarjoiltuna kylm\u00e4n\u00e4\u201d"},"content":{"rendered":"<p>Espanjalainen talouslehti muistuttaa, kuinka Suomi l\u00e4ksytti Etel\u00e4-Eurooppaa eurokriisin aikana. <\/p>\n<p><img decoding=\"async\" class=\"image image-show image-preview\" src=\"https:\/\/www.europesays.com\/fi\/wp-content\/uploads\/2026\/08\/62dd6db08d27aa0cda7b8e7d583adac9e464ce129314f5f9280499947bae84dd.jpg\" alt=\"\"\/><img decoding=\"async\" class=\"image image-show\" src=\"https:\/\/www.europesays.com\/fi\/wp-content\/uploads\/2026\/08\/1787771173_481_62dd6db08d27aa0cda7b8e7d583adac9e464ce129314f5f9280499947bae84dd.jpg\" alt=\"\"\/><\/p>\n<p>Espanjalaismedia kertoo, kuinka Suomessa on Euroopan korkein ty\u00f6tt\u00f6myys ja l\u00e4hes yht\u00e4 suuri velkasuhde kuin Portugalissa. Tiina Somerpuro<\/p>\n<p class=\"paragraph\">Espanjalainen talouslehti El Economista ei s\u00e4\u00e4stele sanojaan <a href=\"https:\/\/www.eleconomista.es\/economia\/noticias\/14008342\/08\/26\/la-caida-en-picado-de-la-economia-de-finlandia-de-abroncar-al-sur-de-europa-a-tener-mas-paro-que-espana-y-casi-mas-deuda-que-portugal.html\" target=\"_blank\" rel=\"noopener nofollow\">arvioidessaan<\/a> Suomen talouden tilaa.<\/p>\n<p class=\"paragraph\">Lehti kuvailee Suomea entiseksi Euroopan mallioppilaaksi, joka k\u00e4ytti vahvaa ja etuoikeutettua asemaansa Etel\u00e4-Euroopan maiden l\u00e4ksytt\u00e4miseen eurokriisin aikana.<\/p>\n<p class=\"paragraph\">Nyt l\u00e4hes 15 vuotta my\u00f6hemmin roolit ovat vaihtuneet.<\/p>\n<p class=\"paragraph\">\u2013 Kosto on parasta tarjoiltuna kylm\u00e4n\u00e4, El Economista kirjoittaa.<\/p>\n<p class=\"paragraph\">Lehti palauttaa lukijoidensa mieleen vuoden 2012 eurokriisin. P\u00e4\u00e4ministeri <a href=\"https:\/\/www.iltalehti.fi\/henkilot\/Jyrki Katainen\" class=\"article-link-person-page\" rel=\"nofollow noopener\" target=\"_blank\">Jyrki Kataisen<\/a> ja valtiovarainministeri <a href=\"https:\/\/www.iltalehti.fi\/henkilot\/Jutta Urpilainen\" class=\"article-link-person-page\" rel=\"nofollow noopener\" target=\"_blank\">Jutta Urpilaisen<\/a> johtama Suomi vaati velkaantuneilta euromailta tiukkaa talouskuria ja vakuuksia tukien vastineeksi.<\/p>\n<p>Jyrki Katainen toimi Suomen p\u00e4\u00e4ministerin\u00e4 2011\u20132014. petteri paalasmaa<\/p>\n<p class=\"paragraph\">Suomi suhtautui varauksellisesti tukipaketteihin ja vaati Etel\u00e4-Euroopan maita leikkaamaan menojaan sek\u00e4 tasapainottamaan julkista talouttaan.<\/p>\n<p class=\"paragraph\">Lehden mukaan maat, joille Suomi aikanaan jakoi talousoppejaan, voisivat nyt neuvoa Helsinki\u00e4.<\/p>\n<p>Noidankeh\u00e4<\/p>\n<p class=\"paragraph\">Suomen talouden kuvaillaan ajautuneen l\u00e4hes loputtomaan noidankeh\u00e4\u00e4n. Ty\u00f6tt\u00f6myys on Euroopan huippulukemissa.<\/p>\n<p class=\"paragraph\">Valtio yritt\u00e4\u00e4 pys\u00e4ytt\u00e4\u00e4 velkaantumisen leikkaamalla menoja. Samalla ty\u00f6tt\u00f6myys ja heikko talouskasvu pienent\u00e4v\u00e4t verotuloja ja kasvattavat julkisen talouden menoja.<\/p>\n<p class=\"paragraph\">Leikkaukset lis\u00e4\u00e4v\u00e4t ep\u00e4varmuutta, jolloin kotitaloudet v\u00e4hent\u00e4v\u00e4t kulutustaan ja yritysten kysynt\u00e4 heikkenee. Yritykset puolestaan lykk\u00e4\u00e4v\u00e4t investointeja ja rekrytointeja, mik\u00e4 kasvattaa ty\u00f6tt\u00f6myytt\u00e4 entisest\u00e4\u00e4n.<\/p>\n<p>Kaksi romahdusta<\/p>\n<p class=\"paragraph\">Lehti avaa tarkasti 2000-luvun Suomen taloushistoriaa. Talouden kasvuvauhti alkoi hiipua jo 2010-luvun alussa, kun Nokia menetti asemansa matkapuhelinmarkkinoilla ja paperiteollisuuden kysynt\u00e4 heikkeni digitalisaation seurauksena.<\/p>\n<p class=\"paragraph\">Samaan aikaan ty\u00f6ik\u00e4inen v\u00e4est\u00f6 alkoi pienenty\u00e4. Verotulot j\u00e4iv\u00e4t j\u00e4lkeen samalla kun el\u00e4kkeisiin, terveydenhuoltoon ja muihin ik\u00e4sidonnaisiin menoihin tarvittiin yh\u00e4 enemm\u00e4n rahaa.<\/p>\n<p class=\"paragraph\">Lehti huomauttaa, ettei Suomi ole onnistunut houkuttelemaan tarpeeksi maahanmuuttajia korvaamaan n\u00e4it\u00e4 menetyksi\u00e4.<\/p>\n<p class=\"paragraph\">\u2013 Kun BKT syntyy ty\u00f6ntekij\u00f6iden ty\u00f6st\u00e4, ty\u00f6ntekij\u00f6iden m\u00e4\u00e4r\u00e4n v\u00e4heneminen on merkitt\u00e4v\u00e4 ongelma, taloustieteen professori <a href=\"https:\/\/www.iltalehti.fi\/henkilot\/Roope Uusitalo\" class=\"article-link-person-page\" rel=\"nofollow noopener\" target=\"_blank\">Roope Uusitalo<\/a> toteaa El Economistan siteeraamalle Bloombergille.<\/p>\n<p class=\"paragraph\">Espanja on kulkenut toiseen suuntaan.<\/p>\n<p class=\"paragraph\">Maa on noudattanut Euroopan kiristyv\u00e4ss\u00e4 maahanmuuttoilmapiiriss\u00e4 huomattavan avointa linjaa. Se on pyrkinyt houkuttelemaan ulkomaista ty\u00f6voimaa sek\u00e4 helpottamaan jo maassa asuvien siirtolaisten p\u00e4\u00e4sy\u00e4 laillisille ty\u00f6markkinoille.<\/p>\n<p class=\"paragraph\">Espanjan keskuspankin mukaan maahanmuuttajat selitt\u00e4v\u00e4t huomattavan osan maan talouskasvusta. Espanjassa v\u00e4est\u00f6nkasvu ruokkii kulutusta, rakentamista ja palvelujen kysynt\u00e4\u00e4.<\/p>\n<p>Kuvituskuva Barcelonasta. Espanjan talouskasvua tukevat my\u00f6s matkailu, investoinnit ja kotimainen kysynt\u00e4. ZumaWire \/ MVPHOTOS<\/p>\n<p class=\"paragraph\">Suomessa sen sijaan kotitaloudet pelk\u00e4\u00e4v\u00e4t ty\u00f6tt\u00f6myytt\u00e4, uusia leikkauksia sek\u00e4 veronkorotuksia ja varautuvat pahimpaan s\u00e4\u00e4st\u00e4m\u00e4ll\u00e4.<\/p>\n<p class=\"paragraph\">Viime vuoden lopussa suomalaisten kotitalouksien kertyneet s\u00e4\u00e4st\u00f6t olivat yli 115 miljardia euroa, mik\u00e4 on kaikkien aikojen enn\u00e4tys ja osoitus siit\u00e4, ett\u00e4 kansalaiset eiv\u00e4t kuluta, lehti kertoo.<\/p>\n<p class=\"paragraph\">Erityisen synk\u00e4n varjon Suomen tulevaisuuden ylle heitt\u00e4\u00e4 korkea nuorisoty\u00f6tt\u00f6myys. Eurostatin mukaan alle 25-vuotiaiden ty\u00f6tt\u00f6myysaste oli Suomessa kes\u00e4kuussa l\u00e4hes 24 prosenttia.<\/p>\n<p class=\"paragraph\">Suomen talousahdingon kerrotaan n\u00e4kyv\u00e4n jo hyvinvointivaltion perustuksissa.<\/p>\n<p>Monien kotitalouksien tilanne Suomessa on tiukka. Kuvituskuva leip\u00e4jonosta Myllypurossa.  Jukka Lehtinen<\/p>\n<p class=\"paragraph\">El Economistan mukaan asunnottomien m\u00e4\u00e4r\u00e4 kasvoi vuonna 2025 l\u00e4hes kolmanneksen asumistukeen tehtyjen leikkausten j\u00e4lkeen. Kirkoilta apua hakeneiden m\u00e4\u00e4r\u00e4 nousi 40 prosenttia, ja yli 600\u202f000 suomalaisen velkoja oli valtion perinn\u00e4ss\u00e4.<\/p>\n<p class=\"paragraph\">Samaan aikaan osa kotitalouksista yritt\u00e4\u00e4 selvit\u00e4 ruuasta ja muista p\u00e4ivitt\u00e4isist\u00e4 menoista hieman yli 200 eurolla kuukaudessa.<\/p>\n<p class=\"paragraph\">T\u00e4ysin lohduttomana espanjalaislehti ei kuitenkaan Suomen tilannetta pid\u00e4.<\/p>\n<p class=\"paragraph\">Lehti nostaa esiin varovaisia merkkej\u00e4 talouden vakautumisesta. Suomen BKT kasvoi viime vuonna 0,8 prosenttia. K\u00e4\u00e4nne on kuitenkin hidas, eik\u00e4 suhdanteen paraneminen poista Suomen rakenteellisia ongelmia.<\/p>\n<p>Espanjan mediassa naljaillaan Suomen talousahdingolle. Kuvituskuva perinteisist\u00e4 flamencoasuista.  Mostphotos<\/p>\n","protected":false},"excerpt":{"rendered":"Espanjalainen talouslehti muistuttaa, kuinka Suomi l\u00e4ksytti Etel\u00e4-Eurooppaa eurokriisin aikana. Espanjalaismedia kertoo, kuinka Suomessa on Euroopan korkein ty\u00f6tt\u00f6myys ja&hellip;\n","protected":false},"author":2,"featured_media":334301,"comment_status":"","ping_status":"","sticky":false,"template":"","format":"standard","meta":{"footnotes":"","_share_on_mastodon":"0"},"categories":[5],"tags":[35,22,23,26,27,33,31,30,17,19894,24,25,28,29,2619,15,18,21,637,32,3248,19,20,1955,16],"class_list":["post-334300","post","type-post","status-publish","format-standard","has-post-thumbnail","category-otsikot","tag-24h","tag-breaking-news","tag-breakingnews","tag-featured-news","tag-featurednews","tag-fi","tag-finland","tag-finnish","tag-headlines","tag-laskusuhdanne-lama","tag-latest-news","tag-latestnews","tag-main-news","tag-mainnews","tag-makrotalous-ja-talouspolitiikka","tag-news","tag-otsikot","tag-paauutiset","tag-politiikka","tag-suomi","tag-taloustieteilijat","tag-top-stories","tag-topstories","tag-tyottomyys","tag-uutiset"],"share_on_mastodon":{"url":"https:\/\/pubeurope.com\/@fi\/117163379072624499","error":""},"_links":{"self":[{"href":"https:\/\/www.europesays.com\/fi\/wp-json\/wp\/v2\/posts\/334300","targetHints":{"allow":["GET"]}}],"collection":[{"href":"https:\/\/www.europesays.com\/fi\/wp-json\/wp\/v2\/posts"}],"about":[{"href":"https:\/\/www.europesays.com\/fi\/wp-json\/wp\/v2\/types\/post"}],"author":[{"embeddable":true,"href":"https:\/\/www.europesays.com\/fi\/wp-json\/wp\/v2\/users\/2"}],"replies":[{"embeddable":true,"href":"https:\/\/www.europesays.com\/fi\/wp-json\/wp\/v2\/comments?post=334300"}],"version-history":[{"count":0,"href":"https:\/\/www.europesays.com\/fi\/wp-json\/wp\/v2\/posts\/334300\/revisions"}],"wp:featuredmedia":[{"embeddable":true,"href":"https:\/\/www.europesays.com\/fi\/wp-json\/wp\/v2\/media\/334301"}],"wp:attachment":[{"href":"https:\/\/www.europesays.com\/fi\/wp-json\/wp\/v2\/media?parent=334300"}],"wp:term":[{"taxonomy":"category","embeddable":true,"href":"https:\/\/www.europesays.com\/fi\/wp-json\/wp\/v2\/categories?post=334300"},{"taxonomy":"post_tag","embeddable":true,"href":"https:\/\/www.europesays.com\/fi\/wp-json\/wp\/v2\/tags?post=334300"}],"curies":[{"name":"wp","href":"https:\/\/api.w.org\/{rel}","templated":true}]}}