{"id":334332,"date":"2026-08-26T20:10:11","date_gmt":"2026-08-26T20:10:11","guid":{"rendered":"https:\/\/www.europesays.com\/fi\/334332\/"},"modified":"2026-08-26T20:10:11","modified_gmt":"2026-08-26T20:10:11","slug":"krista-siegfrids-savayttaa-harvinaisilla-perhekuvilla-katso-kuvat","status":"publish","type":"post","link":"https:\/\/www.europesays.com\/fi\/334332\/","title":{"rendered":"Krista Siegfrids s\u00e4v\u00e4ytt\u00e4\u00e4 harvinaisilla perhekuvilla \u2013 katso kuvat"},"content":{"rendered":"<p>\n            (230126) &#8212; Helsinki, January 23, 2026 \u2013 Krista Siegfrids poses for the camera during Kultainen Venla 2025 &#8211; gala in Helsinki, Finland, 23. January 2026. (Matti Matikainen\/Aller Media)<br \/>\n            Matti Matikainen\n        <\/p>\n<p class=\"subtitle \">Amsterdamissa asuva Krista avaa el\u00e4m\u00e4\u00e4ns\u00e4 &#8221;kuuman isukin&#8221; kanssa.<\/p>\n<p class=\"article-content article-content-width !bg-background\">Laulaja  s\u00e4v\u00e4ytt\u00e4\u00e4 harvinaisissa perhekuvissa.<\/p>\n<p class=\"font-weight-bold m-font-weight-bold article-content article-content-width !bg-background\">Arkistovideo: Krista TTK:ssa vuonna 2021<\/p>\n<p class=\"article-content article-content-width !bg-background\">Nykyisin Amsterdamissa asuva Krista poseeraa tuoreissa<a href=\"https:\/\/www.instagram.com\/p\/DcgMW3ZiNzI\/?img_index=1\" target=\"_blank\" rel=\"nofollow noopener\"> Instagramiin julkaistuissa<\/a> otoksissa -miehens\u00e4 ja tytt\u00e4rens\u00e4  kanssa.<\/p>\n<p class=\"article-content article-content-width !bg-background\">Krista on ikuistettu perheens\u00e4 kanssa ulkoilmassa vehre\u00e4ll\u00e4 nurmikolla.<\/p>\n<p class=\"article-content article-content-width !bg-background\">Sek\u00e4 \u00e4idill\u00e4 ett\u00e4 tytt\u00e4rell\u00e4 on yll\u00e4\u00e4n s\u00e4vy s\u00e4vyyn m\u00e4ts\u00e4\u00e4v\u00e4t mekot.<\/p>\n<p>Flirttaileva teksti<\/p>\n<p class=\"article-content article-content-width !bg-background\">Kuvateksti\u00e4 kirjoittaessaan Kristalla on selv\u00e4sti ollut pilke silm\u00e4kulmassaan.<\/p>\n<p class=\"article-content article-content-width !bg-background\">\u2013 Hyv\u00e4\u00e4 syntym\u00e4p\u00e4iv\u00e4\u00e4 hollantilaiselle suosikkiherkulleni ja kuumalle isukille Rutgerille, h\u00e4n toivottaa vapaasti suomennetussa tekstiss\u00e4.<\/p>\n<p class=\"article-content article-content-width !bg-background\">Flirttaileva kirjoitus vaihtuu rakkaudelliseen s\u00e4vyyn ensimm\u00e4isen lauseen j\u00e4lkeen. Krista kertoo rakastavansa tyt\u00e4rt\u00e4\u00e4n paljon.\u00a0<\/p>\n<p class=\"article-content article-content-width !bg-background\">Krista my\u00f6s pyyt\u00e4\u00e4 seuraajiaan osoittamaan suosiota miehelleen, jonka el\u00e4m\u00e4 ei kuulemma aina ole helppoa \u2013 taloudessa kun asuu Kristan mukaan kaksi diivaa.<\/p>\n<p class=\"article-content article-content-width !bg-background\">Onnelliset perheportetit huokuvat l\u00e4mp\u00f6\u00e4 ja rakkautta, ja Krista onkin kuorruttanut p\u00e4ivityksen syd\u00e4n- ja pusuemojeilla.<\/p>\n<p>        <a itemprop=\"url\" href=\"https:\/\/www.seiska.fi\/terveys\/me-naiset-krista-siegfridsilla-todettiin-harvinainen-sairaus-raskaus-keskeytyi\/2214749\" rel=\"nofollow noopener\" target=\"_blank\"><\/p>\n<p>\nMe Naiset:\n<\/p>\n<p class=\"section-date\">\n        <strong class=\"article-section\" data-section=\"terveys\"><br \/>\n            terveys<br \/>\n        <\/strong><br \/>\n        22.7. 11:30\n    <\/p>\n<p>Me Naiset: Krista Siegfridsill\u00e4 todettiin harvinainen sairaus \u2013 raskaus keskeytyi\n    <\/p>\n<p itemprop=\"description\" class=\"subtitle \">\n    Raskaana ollut Krista jouduttiin viem\u00e4\u00e4n leikkaukseen, eik\u00e4 haave vauvasta toteutunutkaan.\n<\/p>\n<p>        <\/a><\/p>\n<p>Kuusi vuotta ulkomailla<\/p>\n<p class=\"article-content article-content-width !bg-background\">Krista on asunut poissa Suomesta jo vuosia. H\u00e4n tapasi miehens\u00e4 vuonna 2019 ja muutti vuonna 2020 Amsterdamiin. Heille syntyi tyt\u00e4r vuoden 2020 marraskuussa.<\/p>\n<p class=\"article-content article-content-width !bg-background\">Muutostaan huolimatta Kristalla on vahvat siteet Suomeen.\u00a0Krista my\u00f6s osallistui\u00a0Tanssii t\u00e4htien kanssa -ohjelmaan vuonna 2021 loistavalla menestyksell\u00e4, sill\u00e4 h\u00e4n tuli  kanssa toiseksi.<\/p>\n<p class=\"article-content article-content-width !bg-background\">Krista tunnetaan lis\u00e4ksi UMK- ja Euroviisuikonina.<\/p>\n<p>        <a itemprop=\"url\" href=\"https:\/\/www.seiska.fi\/katso\/krista-siegfrids-korvaa-jenni-poikeluksen\/2175976\" rel=\"nofollow noopener\" target=\"_blank\"><\/p>\n<p>\nKrista Siegfrids:\n<\/p>\n<p class=\"section-date\">\n        <strong class=\"article-section\" data-section=\"katso\"><br \/>\n            katso<br \/>\n        <\/strong><br \/>\n        9.6. 13:15\n    <\/p>\n<p>Krista Siegfrids korvaa Jenni Poikeluksen\n    <\/p>\n<p itemprop=\"description\" class=\"subtitle \">\n    Krista asettuu uuden haasteen eteen.\n<\/p>\n<p>        <\/a><\/p>\n<p><script async src=\"\/\/www.instagram.com\/embed.js\"><\/script><\/p>\n","protected":false},"excerpt":{"rendered":"(230126) &#8212; Helsinki, January 23, 2026 \u2013 Krista Siegfrids poses for the camera during Kultainen Venla 2025 &#8211;&hellip;\n","protected":false},"author":2,"featured_media":334333,"comment_status":"","ping_status":"","sticky":false,"template":"","format":"standard","meta":{"footnotes":"","_share_on_mastodon":"0"},"categories":[136],"tags":[11379,542,407,137,33,31,30,408,20305,98,33680,41556,651,32,903,109],"class_list":["post-334332","post","type-post","status-publish","format-standard","has-post-thumbnail","category-julkkikset","tag-amsterdam","tag-asuminen","tag-celebrities","tag-entertainment","tag-fi","tag-finland","tag-finnish","tag-julkkikset","tag-krista-siegfrids","tag-perhe","tag-perhekuvat","tag-rutger","tag-suhteet","tag-suomi","tag-tanssii-tahtien-kanssa","tag-viihde"],"share_on_mastodon":{"url":"https:\/\/pubeurope.com\/@fi\/117163630649067238","error":""},"_links":{"self":[{"href":"https:\/\/www.europesays.com\/fi\/wp-json\/wp\/v2\/posts\/334332","targetHints":{"allow":["GET"]}}],"collection":[{"href":"https:\/\/www.europesays.com\/fi\/wp-json\/wp\/v2\/posts"}],"about":[{"href":"https:\/\/www.europesays.com\/fi\/wp-json\/wp\/v2\/types\/post"}],"author":[{"embeddable":true,"href":"https:\/\/www.europesays.com\/fi\/wp-json\/wp\/v2\/users\/2"}],"replies":[{"embeddable":true,"href":"https:\/\/www.europesays.com\/fi\/wp-json\/wp\/v2\/comments?post=334332"}],"version-history":[{"count":0,"href":"https:\/\/www.europesays.com\/fi\/wp-json\/wp\/v2\/posts\/334332\/revisions"}],"wp:featuredmedia":[{"embeddable":true,"href":"https:\/\/www.europesays.com\/fi\/wp-json\/wp\/v2\/media\/334333"}],"wp:attachment":[{"href":"https:\/\/www.europesays.com\/fi\/wp-json\/wp\/v2\/media?parent=334332"}],"wp:term":[{"taxonomy":"category","embeddable":true,"href":"https:\/\/www.europesays.com\/fi\/wp-json\/wp\/v2\/categories?post=334332"},{"taxonomy":"post_tag","embeddable":true,"href":"https:\/\/www.europesays.com\/fi\/wp-json\/wp\/v2\/tags?post=334332"}],"curies":[{"name":"wp","href":"https:\/\/api.w.org\/{rel}","templated":true}]}}